{"id":972670,"date":"2026-04-25T19:48:45","date_gmt":"2026-04-25T19:48:45","guid":{"rendered":"https:\/\/www.europesays.com\/de\/972670\/"},"modified":"2026-04-25T19:48:45","modified_gmt":"2026-04-25T19:48:45","slug":"boris-becker-feiert-in-koeln-auf-mega-party-von-pharma-milliardaer-beier-unterhaltung","status":"publish","type":"post","link":"https:\/\/www.europesays.com\/de\/972670\/","title":{"rendered":"Boris Becker feiert in K\u00f6ln auf Mega-Party von Pharma-Milliard\u00e4r Beier | Unterhaltung"},"content":{"rendered":"<p><a class=\"skip-content skip-content--link\" href=\"#in-content-skip-link-target-v-0-0\">TTS-Player \u00fcberspringen\u21b5<\/a><a id=\"in-content-skip-link-target-v-0-0\" class=\"skip-content--target-link-hidden skip-content skip-content--target-link\" href=\"#in-content-skip-link-target-v-0-0\">Artikel weiterlesen<\/a><\/p>\n<p>K\u00f6ln (Nordrhein-Westfalen) \u2013 <b>Was f\u00fcr eine Mega-Promi-Party! Pharma-Milliard\u00e4r Wilhelm \u201eWilli\u201c Beier lud zu seinem 70. Geburtstag nach K\u00f6ln \u2013 und alles, was in Deutschland Rang und Namen hat, kam. Auch Tennis-Legende Boris Becker (58) erwies seinem langj\u00e4hrigen Freund und Wegbegleiter die Ehre.<\/b><\/p>\n<p>Die elit\u00e4re Geburtstagsgesellschaft feierte am Freitagabend im Brauhaus \u201eGaffel am Dom\u201c. BILD nennt exklusiv die G\u00e4steliste der Stars: <a href=\"https:\/\/www.bild.de\/unterhaltung\/leute\/boris-becker\/thema-boris-becker-alle-infos-79964872.bild.html\" class=\"text-link\" rel=\"nofollow noopener\" target=\"_blank\">Boris Becker <\/a>mit Frau Lilian de Carvalho Monteiro (36), \u201eH\u00f6hle der L\u00f6wen\u201c-Investor und Milliard\u00e4r <a href=\"https:\/\/www.bild.de\/themen\/personen\/themenseiten-personen\/nachrichten-fotos-news-videos-23183218.bild.html\" class=\"text-link\" rel=\"nofollow noopener\" target=\"_blank\">Carsten Maschmeyer <\/a>(66), <a href=\"https:\/\/www.bild.de\/unterhaltung\/tv-fernsehformate\/die-geissens-carmen-bekommt-einen-wutanfall-wegen-robert-69e5efea2e121d70518b08a6\" class=\"text-link\" rel=\"nofollow noopener\" target=\"_blank\">Carmen (60) und Robert Geiss<\/a> (62), Star-Moderator Johannes B. Kerner (61), das Top-Schauspieler-Ehepaar Jan Josef Liefers (61) und Anna Loos (55), TV- und Kinostar Heiner Lauterbach (73), Fleischfabrikant Clemens T\u00f6nnies (69), Ski-Legende <a href=\"https:\/\/www.bild.de\/unterhaltung\/stars-und-leute\/ski-legende-hoefl-riesch-und-ihr-cruiseship-manager-er-ist-schon-bei-ihr-eingezogen-69e9c7f2af304ad3eb229495\" class=\"text-link\" rel=\"nofollow noopener\" target=\"_blank\">Maria H\u00f6fl-Riesch <\/a>(41) und viele mehr. BILD fragte Beier: Was w\u00fcnschen Sie sich zum 70.? Er: \u201eNur Gesundheit. Alles andere habe ich.\u201c<\/p>\n<p><img decoding=\"async\" width=\"992\" height=\"1392\" alt=\"Wimbledon-Legende Boris Becker im Gespr\u00e4ch mit xxx. Ihn verbindet eine jahrzehntelange Freundschaft mit Geburtstagskind Beier\" src=\"https:\/\/www.europesays.com\/de\/wp-content\/uploads\/2026\/04\/00ac1d7d18fa285aae040d0af51b11d1,f519b70b.jpeg\"   class=\"dynamic\" loading=\"lazy\"\/><\/p>\n<p class=\"fig__caption__text\">Wimbledon-Legende Boris Becker (58) wird herzlich begr\u00fc\u00dft von Caro, Willi Beiers Freundin<\/p>\n<p>Foto: Patric Fouad<\/p>\n<p>Willi Beier: So wurde er zum Pharma-Milliard\u00e4r<\/p>\n<p>Wenn Willi ruft, sagt keiner Nein. Beier ist ein echter Selfmade-Milliard\u00e4r. Er stammt aus Bad M\u00fcnstereifel bei Euskirchen und startete seine Karriere im Au\u00dfendienst bei Ratiopharm. Weitere Stationen: Regionalleiter, Ende der 80er Wechsel zu Centrafarm (sp\u00e4ter Dorsch), 1991 gr\u00fcndete er dann Dermapharm und ab da rollte der Rubel richtig! 2018 brachte er das Pharmaunternehmen an die <a href=\"https:\/\/www.bild.de\/ratgeber\/geld\/boerse\/boerse-alle-infos-79405264.bild.html\" class=\"text-link\" rel=\"nofollow noopener\" target=\"_blank\">B\u00f6rse<\/a>, machte damit Hunderte Millionen Euro. Ein weiterer gro\u00dfer Coup gl\u00fcckte ihm w\u00e4hrend der Corona-Pandemie: Unter Beiers F\u00fchrung produziert Dermapharm seit Oktober 2020 im Auftrag von <a href=\"https:\/\/www.bild.de\/geld\/wirtschaft\/die-corona-impfstoff-erfinder-sprechen-in-bild-darum-verlassen-wir-biontech-69b008068afa47b5b942bd97\" class=\"text-link\" rel=\"nofollow noopener\" target=\"_blank\">BioNTech<\/a> den COVID-19-Impfstoff Comirnaty. Mittlerweile wird sein Verm\u00f6gen laut <a href=\"https:\/\/www.infranken.de\/ratgeber\/karriere-geld\/reichsten-menschen-in-bayern-forbes-liste-milliardaere-vermoegen-freistaat-art-6330958\" target=\"_blank\" rel=\"nofollow noopener\" class=\"text-link--external text-link\">Forbes<\/a> auf \u00fcber drei Milliarden Euro gesch\u00e4tzt.<\/p>\n<p><img decoding=\"async\" width=\"992\" height=\"1723\" alt=\"Becker-Gattin Lilian de Carvalho Monteiro (l., 36) mit einer Freundin auf dem Weg zum Event\" src=\"https:\/\/www.europesays.com\/de\/wp-content\/uploads\/2026\/04\/5b8d03e536a666cd3a0e5a732932f176,330e2f36.jpeg\"   class=\"dynamic\" loading=\"lazy\"\/><\/p>\n<p class=\"fig__caption__text\">Becker-Gattin Lilian de Carvalho Monteiro (36, l.) mit einer Freundin auf dem Weg zum Event<\/p>\n<p>Foto: Patric Fouad<\/p>\n<p>Beier liebt Schiffe, Helene Fischer und das Oktoberfest<\/p>\n<p>Sein Geld investierte Willi Beier clever in <a href=\"https:\/\/www.bild.de\/geld\/immobilien\/immobilien\/home-15703872.bild.html\" class=\"text-link\" rel=\"nofollow noopener\" target=\"_blank\">Immobilien. <\/a> So bewohnte er im \u201eThe Seven\u201c das teuerste Penthouse von ganz M\u00fcnchen. Weitere H\u00e4user besitzt er in Kitzb\u00fchel, u.\u00a0a. das Schlosshotel Lebenberg. Und nat\u00fcrlich kennt er sich auch mit Superjachten bestens aus. 2019 gab er ein gro\u00dfes Einweihungsfest <a href=\"https:\/\/www.bild.de\/unterhaltung\/leute\/leute\/willi-beiers-schiffs-sause-das-sind-die-schoensten-jachten-mallorcas-62824948.bild.html\" class=\"text-link\" rel=\"nofollow noopener\" target=\"_blank\">f\u00fcr sein Luxus-Schiff \u201eMetis\u201c <\/a>(Wert: ca. 60 Mio. Euro) auf Mallorca, das er 2021 an einen US-Investor weiterverkaufte. Beier gilt als gro\u00dfer Fan von S\u00e4ngerin <a href=\"https:\/\/www.bild.de\/unterhaltung\/leute\/helene-fischer\/helene-fischer-alle-infos-77990486.bild.html\" class=\"text-link\" rel=\"nofollow noopener\" target=\"_blank\">Helene Fischer<\/a> (41, \u201eAtemlos durch die Nacht\u201c) und vom <a href=\"https:\/\/www.bild.de\/regional\/muenchen\/oktoberfest\/thema-oktoberfest-alle-infos-80875608.bild.html\" class=\"text-link\" rel=\"nofollow noopener\" target=\"_blank\">M\u00fcnchner Oktoberfest<\/a>. Dort feiert er regelm\u00e4\u00dfig in K\u00e4fers Wiesn-Sch\u00e4nke.<\/p>\n<p>Freitagabend lie\u00df es Beier nun mit seinen besten Freunden in seiner Heimat krachen. F\u00fcr Stimmung sorgten die K\u00f6lschrockband Cat Ballou und die Karnevals-Combo Paveier. Samstagabend geht die Party fr\u00f6hlich weiter \u2013 in der Kleeburg in Euskirchen!<\/p>\n<p><img decoding=\"async\" width=\"992\" height=\"558\" alt=\"Im Gaffel-Haus am Dom stieg die gro\u00dfe Promi-Party am Freitagabend\" src=\"https:\/\/www.europesays.com\/de\/wp-content\/uploads\/2026\/04\/16fe0bf18a50afbce2912c40830473ac,8dc672bb.jpeg\"   class=\"landscape\" loading=\"lazy\"\/><\/p>\n<p class=\"fig__caption__text\">Im Gaffel-Haus am K\u00f6lner Dom stieg die gro\u00dfe Promi-Party am Freitagabend<\/p>\n<p>Foto: Patric Fouad<\/p>\n<p>Mehr zum ThemaDie besten Bilder der Stars<img decoding=\"async\" width=\"992\" height=\"1445\" alt=\"Willi Beier wurde von Freundin Caro begleitet\" src=\"https:\/\/www.europesays.com\/de\/wp-content\/uploads\/2026\/04\/17718d1fda3b84c12382ddf7b8c119c5,d5734de8.jpeg\"   class=\"dynamic\" loading=\"lazy\"\/><\/p>\n<p class=\"fig__caption__text\">Gastgeber Willi Beier wurde von Freundin Caro begleitet<\/p>\n<p>Foto: Patric Fouad<\/p>\n<p><img decoding=\"async\" width=\"992\" height=\"2044\" alt=\"Glamour\u00f6ses Schauspieler-Ehepaar: Jan Josef Liefers (61) und Anna Loos (55)\" src=\"https:\/\/www.europesays.com\/de\/wp-content\/uploads\/2026\/04\/03d566a85c12da090bba46d952b8656e,c330fdb.jpeg\"   class=\"dynamic\" loading=\"lazy\"\/><\/p>\n<p class=\"fig__caption__text\">Glamour\u00f6ses Schauspieler-Ehepaar: Jan Josef Liefers (61) und Anna Loos (55)<\/p>\n<p>Foto: Patric Fouad<\/p>\n<p><img decoding=\"async\" width=\"992\" height=\"1912\" alt=\"Star-Moderator Johannes B. Kerner (66)\" src=\"https:\/\/www.europesays.com\/de\/wp-content\/uploads\/2026\/04\/81d3df26bb552c2565afdf41fd6a9bf3,2a0399a9.jpeg\"   class=\"dynamic\" loading=\"lazy\"\/><\/p>\n<p class=\"fig__caption__text\">Star-Moderator Johannes B. Kerner (61) <\/p>\n<p>Foto: Patric Fouad<\/p>\n<p><img decoding=\"async\" width=\"992\" height=\"1595\" alt=\"\u201eH\u00f6hle der L\u00f6wen\u201c-Star und auch Milliard\u00e4r: Carsten Maschmeyer (66)\" src=\"https:\/\/www.europesays.com\/de\/wp-content\/uploads\/2026\/04\/c90402b17c031732eb0eb0affde41774,1994ca05.jpeg\"   class=\"dynamic\" loading=\"lazy\"\/><\/p>\n<p class=\"fig__caption__text\">\u201eH\u00f6hle der L\u00f6wen\u201c-Star Carsten Maschmeyer (66). Rechts neben ihm l\u00e4chelt Stefan Reuter (59), Fu\u00dfball-Weltmeister von 1990<\/p>\n<p>Foto: Patric Fouad<\/p>\n<p><img decoding=\"async\" width=\"992\" height=\"1873\" alt=\"Carmen (60) und Robert Geiss (62) waren auch mit von der Party\" src=\"https:\/\/www.europesays.com\/de\/wp-content\/uploads\/2026\/04\/5fd34b88eecb11e53948e9099a587024,7bceb0bc.jpeg\"   class=\"dynamic\" loading=\"lazy\"\/><\/p>\n<p class=\"fig__caption__text\">Carmen (60) und Robert Geiss (62) feierten die Party auch mit<\/p>\n<p>Foto: Patric Fouad<\/p>\n<p><img decoding=\"async\" width=\"992\" height=\"1715\" alt=\"Auch Milliard\u00e4r: Unternehmer und Ex-Schalke-Boss Clemens T\u00f6nnies kam mit seiner Frau Margit\" src=\"https:\/\/www.europesays.com\/de\/wp-content\/uploads\/2026\/04\/ad26b09fe38c30cebbca3b83e99206bf,7da73594.jpeg\"   class=\"dynamic\" loading=\"lazy\"\/><\/p>\n<p class=\"fig__caption__text\">Auch Milliard\u00e4r: Fleischfabrikant und Ex-Schalke-Boss Clemens T\u00f6nnies (69) kam mit seiner Frau Margit <\/p>\n<p>Foto: Patric Fouad<\/p>\n<p><img decoding=\"async\" width=\"992\" height=\"640\" alt=\"Prominenter Besuch aus \u00d6sterreich: Kristall-Erbin Fiona Swarovski (61) kam mit allerbester Laune. An\" src=\"https:\/\/www.europesays.com\/de\/wp-content\/uploads\/2026\/04\/4faa1aa13ae0e4267a860e6a89c1508d,fa8dc9a.jpeg\"   class=\"dynamic\" loading=\"lazy\"\/><\/p>\n<p class=\"fig__caption__text\">Prominenter Besuch aus \u00d6sterreich: Kristall-Erbin Fiona Swarovski (61) kam mit allerbester Laune und Freundin Nuni (roter Schal), aber ohne Ehemann Karl-Heinz Grasser (57). Mit auf dem Foto: die PR-Ladys Alexandra von Rehlingen (l., 66) und Andrea Schoeller (r.)<\/p>\n<p>Foto: Patric Fouad<\/p>\n<p><img decoding=\"async\" width=\"992\" height=\"2798\" alt=\"Elegant im blauen Cord-Anzug: Schauspieler Heiner Lauterbach (73)\" src=\"https:\/\/www.europesays.com\/de\/wp-content\/uploads\/2026\/04\/42660c9ff05f2d9a15de6357b0b13158,11f79498.jpeg\"   class=\"dynamic\" loading=\"lazy\"\/><\/p>\n<p class=\"fig__caption__text\">Cool im blauen Cord-Anzug: Schauspieler Heiner Lauterbach (73) kam vom Starnberger See angereist<\/p>\n<p>Foto: Patric Fouad<\/p>\n<p><img decoding=\"async\" width=\"992\" height=\"1731\" alt=\"Die dreifache Ski-Olympiasiegerin Maria H\u00f6fl-Riesch (41) war auch am Start. Im roten Kleid dahinter ist die M\u00fcnchner Moderatorin Sabine Piller zu sehen\" src=\"https:\/\/www.europesays.com\/de\/wp-content\/uploads\/2026\/04\/c1e7be9a7630bd478daf5ea0740cd179,815763c6.jpeg\"   class=\"dynamic\" loading=\"lazy\"\/><\/p>\n<p class=\"fig__caption__text\">Die dreifache Ski-Olympiasiegerin Maria H\u00f6fl-Riesch (41) war auch am Start. Im roten Kleid dahinter ist die M\u00fcnchner Moderatorin Sabine Piller zu sehen<\/p>\n<p>Foto: Patric Fouad<\/p>\n","protected":false},"excerpt":{"rendered":"TTS-Player \u00fcberspringen\u21b5Artikel weiterlesen K\u00f6ln (Nordrhein-Westfalen) \u2013 Was f\u00fcr eine Mega-Promi-Party! Pharma-Milliard\u00e4r Wilhelm \u201eWilli\u201c Beier lud zu seinem 70.&hellip;\n","protected":false},"author":2,"featured_media":972671,"comment_status":"","ping_status":"","sticky":false,"template":"","format":"standard","meta":{"footnotes":"","_share_on_mastodon":"0"},"categories":[1776],"tags":[22190,1801,29,214,30,5551,33615,109281,8966,144335,30772,2268,1802,4206,45,94346,215],"class_list":["post-972670","post","type-post","status-publish","format-standard","has-post-thumbnail","category-prominente","tag-becker-boris","tag-celebrities","tag-deutschland","tag-entertainment","tag-germany","tag-hoefl-riesch-maria","tag-kerner-johannes-b","tag-lauterbach-heiner","tag-liefers-jan-josef","tag-loos-anna","tag-maschmeyer-carsten","tag-milliardaer","tag-prominente","tag-tennis","tag-texttospeech","tag-toennies-clemens","tag-unterhaltung"],"share_on_mastodon":{"url":"https:\/\/pubeurope.com\/@de\/116467080896919016","error":""},"_links":{"self":[{"href":"https:\/\/www.europesays.com\/de\/wp-json\/wp\/v2\/posts\/972670","targetHints":{"allow":["GET"]}}],"collection":[{"href":"https:\/\/www.europesays.com\/de\/wp-json\/wp\/v2\/posts"}],"about":[{"href":"https:\/\/www.europesays.com\/de\/wp-json\/wp\/v2\/types\/post"}],"author":[{"embeddable":true,"href":"https:\/\/www.europesays.com\/de\/wp-json\/wp\/v2\/users\/2"}],"replies":[{"embeddable":true,"href":"https:\/\/www.europesays.com\/de\/wp-json\/wp\/v2\/comments?post=972670"}],"version-history":[{"count":0,"href":"https:\/\/www.europesays.com\/de\/wp-json\/wp\/v2\/posts\/972670\/revisions"}],"wp:featuredmedia":[{"embeddable":true,"href":"https:\/\/www.europesays.com\/de\/wp-json\/wp\/v2\/media\/972671"}],"wp:attachment":[{"href":"https:\/\/www.europesays.com\/de\/wp-json\/wp\/v2\/media?parent=972670"}],"wp:term":[{"taxonomy":"category","embeddable":true,"href":"https:\/\/www.europesays.com\/de\/wp-json\/wp\/v2\/categories?post=972670"},{"taxonomy":"post_tag","embeddable":true,"href":"https:\/\/www.europesays.com\/de\/wp-json\/wp\/v2\/tags?post=972670"}],"curies":[{"name":"wp","href":"https:\/\/api.w.org\/{rel}","templated":true}]}}