{"id":972936,"date":"2026-04-25T22:21:18","date_gmt":"2026-04-25T22:21:18","guid":{"rendered":"https:\/\/www.europesays.com\/de\/972936\/"},"modified":"2026-04-25T22:21:18","modified_gmt":"2026-04-25T22:21:18","slug":"frankurt-auto-stuerzt-in-den-main-18-jaehriger-stirbt","status":"publish","type":"post","link":"https:\/\/www.europesays.com\/de\/972936\/","title":{"rendered":"Frankurt: Auto st\u00fcrzt in den Main \u2013 18-J\u00e4hriger stirbt"},"content":{"rendered":"<p>Ungl\u00fcck in Frankfurt <\/p>\n<p>Auto st\u00fcrzt in den Main \u2013 18-J\u00e4hriger stirbt<\/p>\n<p>25.04.2026 &#8211; 23:15 UhrLesedauer: 1 Min.<\/p>\n<p><a href=\"#focus-0\" class=\"transition-colors duration-200 block text-current relative\" data-sctrack=\"FocusGalleryImage.Reference\"><img fetchpriority=\"high\" data-testid=\"Opener.Image\" style=\"--lqipURL:url('https:\/\/images.t-online.de\/2026\/04\/BOgifRE7fRUI\/0x0:2048x1152\/fit-in\/150x0\/filters:blur(25)\/ein-fahrzeug-wird-aus-einem-hafenbecken-des-mains-ueber-die-kaimauer-gehoben-ein-voll-besetztes-auto-ist-in-frankfurt-in-den-main-gestuerzt.jpg')\"   loading=\"eager\" src=\"https:\/\/www.europesays.com\/de\/wp-content\/uploads\/2026\/04\/ein-fahrzeug-wird-aus-einem-hafenbecken-des-mains-ueber-die-kaimauer-gehoben-ein-voll-besetztes-auto.jpeg\" alt=\"Ein Fahrzeug wird aus einem Hafenbecken des Mains \u00fcber die Kaimauer gehoben. Ein voll besetztes Auto ist in Frankfurt in den Main gest\u00fcrzt.\" title=\"Ein Fahrzeug wird aus einem Hafenbecken des Mains \u00fcber die Kaimauer gehoben. Ein voll besetztes Auto ist in Frankfurt in den Main gest\u00fcrzt.\" width=\"2048\" height=\"1152\" class=\"bg-[url:var(--lqipURL)] bg-cover bg-center flex h-full w-full max-w-full\" decoding=\"async\"\/><img style=\"--width:32;--height:32\" loading=\"lazy\" src=\"https:\/\/www.t-online.de\/s\/paper\/_next\/static\/media\/zoom-in.f7dae02f.svg\" alt=\"Vergr\u00f6\u00dfern des Bildes\" title=\"Vergr\u00f6\u00dfern des Bildes\" class=\"block h-[calc(var(--height)_\/_16_*_1rem)] w-[calc(var(--width)_\/_16_*_1rem)] max-w-none absolute bottom-8 right-8 rounded-4 bg-snow p-8\" decoding=\"async\"\/><\/a><\/p>\n<p>Ein Fahrzeug wird aus einem Hafenbecken des Mains \u00fcber die Kaimauer gehoben. Ein voll besetztes Auto ist in Frankfurt in den Main gest\u00fcrzt. (Quelle: Mike Seeboth)<\/p>\n<p class=\"font-bold text-18 leading-17 user-text-lg:text-22 user-text-xl:text-24\">F\u00fcnf Jugendliche sitzen in einem Auto, das pl\u00f6tzlich in ein Hafenbecken st\u00fcrzt. Zwei von ihnen m\u00fcssen von Tauchern aus dem Wasser geborgen werden.<\/p>\n<p class=\"text-18 leading-17 user-text-lg:text-22 user-text-xl:text-24\">Ein 18-J\u00e4hriger ist in <a class=\"transition-colors duration-200 cursor-pointer text-inherit no-underline text-salemsfur md:hover:text-magenta md:hover:border-magenta md:focus:text-magenta border-current border-b border-solid break-words\" data-tracking=\"{&quot;action&quot;:&quot;click&quot;,&quot;category&quot;:&quot;intextLink&quot;,&quot;label&quot;:&quot;https:\/\/frankfurt.t-online.de\/region\/frankfurt-am-main\/&quot;}\" href=\"https:\/\/frankfurt.t-online.de\/region\/frankfurt-am-main\/\" data-sctrack=\"BodyAnchor\" rel=\"nofollow noopener\" target=\"_blank\">Frankfurt<\/a> gestorben, nachdem ein Auto mit f\u00fcnf Jugendlichen in den Main gest\u00fcrzt war. Das Fahrzeug hatte am Freitagabend eine Schutzbarriere am Osthafen durchbrochen und war in das Hafenbecken gefallen, teilte die Polizei mit.<\/p>\n<p class=\"text-18 leading-17 user-text-lg:text-22 user-text-xl:text-24\">Das Auto fiel kopf\u00fcber von einer acht Meter hohen Kaimauer in das Nordbecken des Osthafens und sank auf den Grund. Ein Zeuge alarmierte die Einsatzkr\u00e4fte gegen 22.20 Uhr. Im Wagen sa\u00dfen f\u00fcnf Personen im Alter von 17 und 18 Jahren.<\/p>\n<p class=\"text-18 leading-17 user-text-lg:text-22 user-text-xl:text-24\">Drei von ihnen konnten sich eigenst\u00e4ndig aus dem Fahrzeug befreien. Zwei weitere mussten von Tauchern geborgen werden. Rettungskr\u00e4fte brachten alle Insassen in umliegende Krankenh\u00e4user. Der 18-J\u00e4hrige starb dort. Ein 17-j\u00e4hriges M\u00e4dchen befand sich laut Polizei weiterhin in einem kritischen Zustand.<\/p>\n<p class=\"text-18 leading-17 user-text-lg:text-22 user-text-xl:text-24\">Mit schwerem Ger\u00e4t gelang die Bergung des Fahrzeugs aus dem Wasser. Warum das Auto auf das Hafenbecken zugefahren war, ist noch unklar. Noch in der Nacht zogen die Ermittler einen Gutachter hinzu.<\/p>\n","protected":false},"excerpt":{"rendered":"Ungl\u00fcck in Frankfurt Auto st\u00fcrzt in den Main \u2013 18-J\u00e4hriger stirbt 25.04.2026 &#8211; 23:15 UhrLesedauer: 1 Min. Ein&hellip;\n","protected":false},"author":2,"featured_media":972937,"comment_status":"","ping_status":"","sticky":false,"template":"","format":"standard","meta":{"footnotes":"","_share_on_mastodon":"0"},"categories":[1829],"tags":[722,1217,17161,513,29,514,2050,2051,30,72458,2052,176528,14657,121,5886],"class_list":["post-972936","post","type-post","status-publish","format-standard","has-post-thumbnail","category-frankfurt-am-main","tag-722","tag-1217","tag-17161","tag-auto","tag-deutschland","tag-fahrzeug","tag-frankfurt","tag-frankfurt-am-main","tag-germany","tag-hafenbecken","tag-hessen","tag-kaimauer","tag-main","tag-polizei","tag-unglueck"],"share_on_mastodon":{"url":"https:\/\/pubeurope.com\/@de\/116467681882355360","error":""},"_links":{"self":[{"href":"https:\/\/www.europesays.com\/de\/wp-json\/wp\/v2\/posts\/972936","targetHints":{"allow":["GET"]}}],"collection":[{"href":"https:\/\/www.europesays.com\/de\/wp-json\/wp\/v2\/posts"}],"about":[{"href":"https:\/\/www.europesays.com\/de\/wp-json\/wp\/v2\/types\/post"}],"author":[{"embeddable":true,"href":"https:\/\/www.europesays.com\/de\/wp-json\/wp\/v2\/users\/2"}],"replies":[{"embeddable":true,"href":"https:\/\/www.europesays.com\/de\/wp-json\/wp\/v2\/comments?post=972936"}],"version-history":[{"count":0,"href":"https:\/\/www.europesays.com\/de\/wp-json\/wp\/v2\/posts\/972936\/revisions"}],"wp:featuredmedia":[{"embeddable":true,"href":"https:\/\/www.europesays.com\/de\/wp-json\/wp\/v2\/media\/972937"}],"wp:attachment":[{"href":"https:\/\/www.europesays.com\/de\/wp-json\/wp\/v2\/media?parent=972936"}],"wp:term":[{"taxonomy":"category","embeddable":true,"href":"https:\/\/www.europesays.com\/de\/wp-json\/wp\/v2\/categories?post=972936"},{"taxonomy":"post_tag","embeddable":true,"href":"https:\/\/www.europesays.com\/de\/wp-json\/wp\/v2\/tags?post=972936"}],"curies":[{"name":"wp","href":"https:\/\/api.w.org\/{rel}","templated":true}]}}