{"id":973143,"date":"2026-04-26T00:27:44","date_gmt":"2026-04-26T00:27:44","guid":{"rendered":"https:\/\/www.europesays.com\/de\/973143\/"},"modified":"2026-04-26T00:27:44","modified_gmt":"2026-04-26T00:27:44","slug":"fussball-bundesliga-fc-augsburg-vorzeitig-gerettet-aber-noch-keine-feierlaune-2","status":"publish","type":"post","link":"https:\/\/www.europesays.com\/de\/973143\/","title":{"rendered":"Fu\u00dfball-Bundesliga: FC Augsburg vorzeitig gerettet &#8211; aber noch keine Feierlaune"},"content":{"rendered":"<p class=\"paragraph article__item\">In Party-Laune waren die Augsburger nicht. Dank ihres 1:1 (1:0) gegen die um die Europapokal-Qualifikation k\u00e4mpfende Frankfurter Eintracht machten die Fuggerst\u00e4dter zwar schon am 31. Spieltag den Klassenerhalt in der Fu\u00dfball-Bundesliga rechnerisch perfekt. Doch eine 16. Saison in der deutschen Eliteklasse ist dem <a class=\"rtr-entity\" href=\"https:\/\/www.zeit.de\/thema\/fc-augsburg\" rel=\"nofollow noopener\" target=\"_blank\">FC Augsburg<\/a> nicht genug.\n<\/p>\n<p>Aktuelles<\/p>\n<p>                <a href=\"https:\/\/www.zeit.de\/sport\/2026-04\/fussball-bundesliga-31-spieltag-mainz-05-bayern-koeln-leverkusen\" data-ct-label=\"Bundesliga, 31. Spieltag \u2013 Samstag: Hoffenheim siegt beim HSV, Bayern dreht 0:3 in Mainz, Heidenheim hofft\" data-uuid=\"a1c5429c-2a1a-401d-b05e-160c7ea3993c\" rel=\"nofollow noopener\" target=\"_blank\"><\/p>\n<p>                        Bundesliga, 31. Spieltag \u2013 Samstag:<br \/>\n                        Hoffenheim siegt beim HSV, Bayern dreht 0:3 in Mainz, Heidenheim hofft<\/p>\n<p>                <\/a><\/p>\n<p>                <a href=\"https:\/\/www.zeit.de\/sport\/2026-04\/bundesliga-29-spieltag-fc-augsburg-tsg-hoffenheim\" data-ct-label=\"Bundesliga, 29. Spieltag \u2013 Freitag: Augsburg verpasst Sieg gegen Hoffenheim\" data-uuid=\"8edadd5f-726b-44ef-b314-0df02b7bf190\" rel=\"nofollow noopener\" target=\"_blank\"><\/p>\n<p>                        Bundesliga, 29. Spieltag \u2013 Freitag:<br \/>\n                        Augsburg verpasst Sieg gegen Hoffenheim<\/p>\n<p>                <\/a><\/p>\n<p>                <a href=\"https:\/\/www.zeit.de\/sport\/2026-04\/bundesliga-29-spieltag-sonntag-1fckoeln-werderbremen-vfbstuttgart-hsv\" data-ct-label=\"Bundesliga, 29. Spieltag \u2013 Sonntag: SC Freiburg gewinnt gegen den 1. FSV Mainz 05\" data-uuid=\"8a97ca6b-8dc5-4f87-a84b-113346e3bfa5\" rel=\"nofollow noopener\" target=\"_blank\"><\/p>\n<p>                        Bundesliga, 29. Spieltag \u2013 Sonntag:<br \/>\n                        SC Freiburg gewinnt gegen den 1. FSV Mainz 05<\/p>\n<p>                <\/a><\/p>\n<p class=\"paragraph article__item\">\u00abDie Spieler waren mega entt\u00e4uscht, dass sie nicht gewonnen haben\u00bb, sagte Trainer Manuel Baum nach dem Unentschieden. Das zeige, dass sie \u00abhungrig nach mehr\u00bb seien. Er selber habe auch \u00abein Problem damit, drei Spieltage vor Schluss, wo es noch neun Punkte gibt, zu feiern. Lasst uns doch jetzt die drei Spiele noch machen &#8211; und dann schauen wir, was rauskommt und dann hauen wir richtig auf die Pauke.\u00bb\n<\/p>\n<p class=\"paragraph article__item\">Vor 30.660 Zuschauern sorgte Anton Kade (44. Minute) mit einem Abstauber f\u00fcr Jubel unter den Augsburger Fans. Der zur Halbzeit eingewechselte Ritsu Doan (66.) rettete den Frankfurtern immerhin noch ein Remis. F\u00fcnf Punkte aus den vergangenen f\u00fcnf Spielen sind im Endspurt f\u00fcr die Hessen aber zu wenig. In der Nachspielzeit lenkte Augsburgs Torwart Finn Dahmen einen Fernschuss von Rasmus Kristensen bei dessen Comeback nach Verletzung gerade noch so \u00fcber die Latte.\n<\/p>\n<p>                Schweigeminute f\u00fcr Manninger        <\/p>\n<p class=\"paragraph article__item\">Die Mannschaft sei schon ein \u00abbisschen entt\u00e4uscht\u00bb, r\u00e4umte auch Torsch\u00fctze Kade ein. Denn f\u00fcr die Augsburger sei \u00abmehr drin\u00bb gewesen. Aber der Klassenerhalt der Fuggerst\u00e4dter sei \u00abschon cool\u00bb.\n<\/p>\n<p class=\"paragraph article__item\">Vor der Partie nahmen die Augsburger Abschied. Ihr fr\u00fcherer Torh\u00fcter Alexander Manninger, von 2012 bis 2016 in der Fuggerstadt aktiv, war neun Tage zuvor im Alter von 47 Jahren bei einem Verkehrsunfall im Raum Salzburg ums Leben gekommen.\n<\/p>\n<p class=\"paragraph article__item\">Die Augsburger Profis w\u00e4rmten sich in T-Shirts mit Manningers Namen und der Nummer eins darauf auf. Nach der Schweigeminute f\u00fcr den \u00d6sterreicher bestritten sie die Begegnung in Trauerflor. \u00abF\u00fcr immer ein Teil unserer Bundesliga-Geschichte. Ruhe in Frieden, Alex!\u00bb, stand auf einem Banner der Fans geschrieben.\n<\/p>\n<p class=\"paragraph article__item\">Nach drei Spielen ohne Niederlage \u00e4nderte Baum seine Startelf nur einmal: F\u00fcr Rodrigo Ribeiro begann im Sturmzentrum der wuchtige Michael Gregoritsch, der dann auch an der F\u00fchrung beteiligt war.\n<\/p>\n<p>                        Gregoritsch an den Pfosten        <\/p>\n<p class=\"paragraph article__item\">Riera entschied sich gleich f\u00fcr drei \u00c4nderungen: Ellyes Skhiri, Can Uzun und Love Arrhov begannen. F\u00fcr den 17-j\u00e4hrigen Schweden Arrhov, im Winter von IF Brommapojkarna gekommen, war es die Premiere in der Startelf. Zur Halbzeit kam jedoch schon Ansgar Knauff f\u00fcr ihn.\n<\/p>\n<p class=\"paragraph article__item\">Die Augsburger zeigten sich von Beginn an hellwach und zweikampfstark. Doch das Tor in der ersten H\u00e4lfte fiel erst kurz vor dem Halbzeitpfiff. Nach einem Konter \u00fcber Dimitrios Giannoulis auf der linken Seite legte Kade auf Gregoritsch ab. Dessen Schuss aus rund elf Metern knallte an den linken Pfosten &#8211; und prallte von dort vor die F\u00fc\u00dfe von Kade. Der 22-J\u00e4hrige lie\u00df sich die Chance aus wenigen Metern im Fallen nicht nehmen.\n<\/p>\n<p class=\"paragraph article__item\">Die Frankfurter kamen mit Wucht aus der Kabine. Das Ziel Ausgleich war ihnen anzusehen. Doch stattdessen waren die Hausherren dem 2:0 erstmal n\u00e4her. Eine Kopfballverl\u00e4ngerung von Gregoritsch (54.) klatschte an den Pfosten. In der Schlussphase gab es Chancen auf beiden Seiten. Die Augsburger Fans jubelten, als der lange verletzte Chrislain Matsima kurz vor dem Ende noch eingewechselt wurde.\n<\/p>\n<p class=\"paragraph article__item\">\u00a9 dpa-infocom, dpa:260425-930-993186\/1<\/p>\n","protected":false},"excerpt":{"rendered":"In Party-Laune waren die Augsburger nicht. Dank ihres 1:1 (1:0) gegen die um die Europapokal-Qualifikation k\u00e4mpfende Frankfurter Eintracht&hellip;\n","protected":false},"author":2,"featured_media":973144,"comment_status":"","ping_status":"","sticky":false,"template":"","format":"standard","meta":{"footnotes":"","_share_on_mastodon":"0"},"categories":[1846],"tags":[206897,136366,680,772,299,3364,29,548,663,3934,483,120776,485,30,13,92758,98506,14,15,2450,12],"class_list":["post-973143","post","type-post","status-publish","format-standard","has-post-thumbnail","category-augsburg","tag-alexander-manninger","tag-anton-kade","tag-augsburg","tag-bayern","tag-bundesliga","tag-de","tag-deutschland","tag-eu","tag-europa","tag-europe","tag-fc-augsburg","tag-feierlaune","tag-fussball-bundesliga","tag-germany","tag-headlines","tag-manuel-baum","tag-michael-gregoritsch","tag-nachrichten","tag-news","tag-party","tag-schlagzeilen"],"share_on_mastodon":{"url":"https:\/\/pubeurope.com\/@de\/116468177105072748","error":""},"_links":{"self":[{"href":"https:\/\/www.europesays.com\/de\/wp-json\/wp\/v2\/posts\/973143","targetHints":{"allow":["GET"]}}],"collection":[{"href":"https:\/\/www.europesays.com\/de\/wp-json\/wp\/v2\/posts"}],"about":[{"href":"https:\/\/www.europesays.com\/de\/wp-json\/wp\/v2\/types\/post"}],"author":[{"embeddable":true,"href":"https:\/\/www.europesays.com\/de\/wp-json\/wp\/v2\/users\/2"}],"replies":[{"embeddable":true,"href":"https:\/\/www.europesays.com\/de\/wp-json\/wp\/v2\/comments?post=973143"}],"version-history":[{"count":0,"href":"https:\/\/www.europesays.com\/de\/wp-json\/wp\/v2\/posts\/973143\/revisions"}],"wp:featuredmedia":[{"embeddable":true,"href":"https:\/\/www.europesays.com\/de\/wp-json\/wp\/v2\/media\/973144"}],"wp:attachment":[{"href":"https:\/\/www.europesays.com\/de\/wp-json\/wp\/v2\/media?parent=973143"}],"wp:term":[{"taxonomy":"category","embeddable":true,"href":"https:\/\/www.europesays.com\/de\/wp-json\/wp\/v2\/categories?post=973143"},{"taxonomy":"post_tag","embeddable":true,"href":"https:\/\/www.europesays.com\/de\/wp-json\/wp\/v2\/tags?post=973143"}],"curies":[{"name":"wp","href":"https:\/\/api.w.org\/{rel}","templated":true}]}}