{"id":973212,"date":"2026-04-26T01:15:36","date_gmt":"2026-04-26T01:15:36","guid":{"rendered":"https:\/\/www.europesays.com\/de\/973212\/"},"modified":"2026-04-26T01:15:36","modified_gmt":"2026-04-26T01:15:36","slug":"freitag-der-24-april-2026-vier-kilo-cannabis-brisantes-bundesliga-duell-bundesweite-klimaschutz-demos-%c2%b7-leipziger-zeitung","status":"publish","type":"post","link":"https:\/\/www.europesays.com\/de\/973212\/","title":{"rendered":"Freitag, der 24. April 2026: Vier Kilo Cannabis, brisantes Bundesliga-Duell, bundesweite Klimaschutz-Demos \u00b7 Leipziger Zeitung"},"content":{"rendered":"<p>Kiloweise \u201eGras\u201c hat die Leipziger Polizei \u201egem\u00e4ht\u201c. Vier Betreiber einer illegalen Anbauvereinigung m\u00fcssen sich nun wegen unerlaubten Drogenhandels verantworten. Die Klimaaktivisten von Fridays for Future gingen heute auch in Leipzig f\u00fcr eine gerechte Energiepolitik auf die Stra\u00dfe. F\u00fcr die Fans ist es Konstrukt gegen Tradition \u2013 am Abend stehen sich RB Leipzig und Union Berlin im brisanten Duell gegen\u00fcber. Die LZ fasst zusammen, was am Freitag, dem 24. April 2026, in Leipzig, Sachsen und dar\u00fcber hinaus wichtig war.<\/p>\n<p>Polizei schnappt vier Kilo Cannabis<\/p>\n<p>Wie die Polizeidirektion Leipzig <a href=\"https:\/\/www.medienservice.sachsen.de\/medien\/news\/1096680\" target=\"_blank\" rel=\"noopener nofollow\">heute in einer Pressemeldung mitteilte<\/a>, haben die Beamten bereits am Dienstag vier Kilogramm Cannabis aus dem Handelsverkehr gezogen. Auf Veranlassung der Staatsanwaltschaft Leipzig wurden an diesem Tag insgesamt vier richterliche Durchsuchungsbeschl\u00fcsse in Leipzig umgesetzt. Neben Beamten des Leipziger Rauschgiftkommissariats waren dabei auch der Fachdienst Einsatzz\u00fcge sowie die Diensthundestaffel im Einsatz. <img decoding=\"async\" src=\"https:\/\/www.europesays.com\/de\/wp-content\/uploads\/2026\/04\/1ab8d4f059f8472e94725042044ddb5a.gif\" alt=\"\" width=\"https:\/\/www.l-iz.de\/der-tag\/2026\/04\/1\" height=\"https:\/\/www.l-iz.de\/der-tag\/2026\/04\/1\"\/><\/p>\n<p>Die Ermittlungen richten sich gegen vier Deutsche, die eine Cannabisanbauvereinigung in Leipzig betreiben, welche allerdings nicht \u00fcber die nach dem Konsumcannabisgesetz erforderliche Erlaubnis der hiesigen Landesdirektion verf\u00fcgt. Der Tatvorwurf lautet entsprechend: \u201eunerlaubtes gewerbsm\u00e4\u00dfiges Handeltreiben mit Cannabis in nicht geringer Menge\u201c.<\/p>\n<p>Immerhin vier Kilogramm \u201eGras\u201c fiel den Ordnungsh\u00fctern bei ihrem Einsatz in die H\u00e4nde. Au\u00dferdem fanden sie Bargeld im f\u00fcnfstelligen Bereich, das mutma\u00dflich aus bereits get\u00e4tigten unerlaubten Cannabis-Verk\u00e4ufen stammte. Die Beschuldigten wurden \u201estrafprozessualen Ma\u00dfnahmen\u201c unterzogen und durften dann wieder gehen. Die Ermittlungen gegen sie dauern allerdings noch an.<\/p>\n<p>Bundesweiter Aktionstag von Fridays for Future<\/p>\n<p>\u201eKlimaschutz und soziale Gerechtigkeit sind keine Nice-to-haves, sondern eine politische Pflicht!\u201c \u2013 diese Botschaft schickten die Klimaaktivist\/-innen von <a href=\"https:\/\/fridaysforfuture.de\/aktionstag-24-4-2026\/\" target=\"_blank\" rel=\"noopener nofollow\">Fridays for Future am heutigen Freitag in fast 70 St\u00e4dten<\/a> in Richtung Bundes- und Landespolitik, um gegen fossile Abh\u00e4ngigkeiten und gegen R\u00fcckschritte bei der Energie- und W\u00e4rmewende protestieren. Von A wie Aachen bis W wie W\u00fcrzburg war alles dabei \u2013 <a href=\"https:\/\/www.l-iz.de\/politik\/engagement\/2026\/04\/neue-energiepreiskrise-fridays-for-future-ruft-am-24-april-zur-kundgebung-in-leipzig-auf-654114\" target=\"_blank\" rel=\"noopener nofollow\">nat\u00fcrlich auch Leipzig<\/a>. Auf dem kleinen Wilhelm-Leuschner-Platz versammelten sich etwa 200 Menschen.<\/p>\n<p>Die Klimabewegung fordert die Bundesregierung auf, den Ausbau der Erneuerbaren Energien weiter zu st\u00e4rken und den Bau von W\u00e4rmepumpen weiter zu f\u00f6rdern. Auf einem gro\u00dfen Banner pr\u00e4sentierten sie der Klimapolitik von Katherina Reiche (CDU) eine symbolische Rechnung. Dabei rechneten sie beispielsweise vor, dass der Import fossiler Energien j\u00e4hrlich 80 Milliarden Euro kostet oder die F\u00f6rderung neuer Gaskraftwerke 6,6 Milliarden Euro verschlingt. Dabei entst\u00fcnden Klimasch\u00e4den in H\u00f6he von bis zu 900 Milliarden Euro und es w\u00fcrden 400.000 Arbeitspl\u00e4tz im erneuerbaren Sektor gef\u00e4hrdet. Entsprechend wurden auf der Kundgebung auch Wortspiele wie \u201eReiche stoppen\u201c dankbar mitgenommen.<\/p>\n<ul class=\"swiper-wrapper kf-gallery-photos\">\n<li class=\"swiper-slide\"><img decoding=\"async\" width=\"698\" height=\"465\" src=\"https:\/\/www.europesays.com\/de\/wp-content\/uploads\/2026\/04\/IMG_20260424_170449-698x465.jpg\" class=\"attachment-large size-large\" alt=\"\" loading=\"lazy\"  \/>Auch in Leipzig gingen beim heutigen bundesweiten Aktionstag von Fridays for Future die Menschen f\u00fcr eine gerechte Energiepolitik auf die Stra\u00dfe. Foto: Steffen Peschel<\/li>\n<li class=\"swiper-slide\"><img decoding=\"async\" width=\"698\" height=\"465\" src=\"https:\/\/www.europesays.com\/de\/wp-content\/uploads\/2026\/04\/IMG_20260424_170307-698x465.jpg\" class=\"attachment-large size-large\" alt=\"\" loading=\"lazy\"  \/>Auch in Leipzig gingen beim heutigen bundesweiten Aktionstag von Fridays for Future die Menschen f\u00fcr eine gerechte Energiepolitik auf die Stra\u00dfe. Foto: Steffen Peschel<\/li>\n<li class=\"swiper-slide\"><img decoding=\"async\" width=\"698\" height=\"465\" src=\"https:\/\/www.europesays.com\/de\/wp-content\/uploads\/2026\/04\/IMG_20260424_170821-698x465.jpg\" class=\"attachment-large size-large\" alt=\"\" loading=\"lazy\"  \/>Auch in Leipzig gingen beim heutigen bundesweiten Aktionstag von Fridays for Future die Menschen f\u00fcr eine gerechte Energiepolitik auf die Stra\u00dfe. Foto: Steffen Peschel<\/li>\n<\/ul>\n<p>Brisanz vor Bundesliga-Duell RB gegen Union<\/p>\n<p>Nach einer Saison ohne jegliche Europapokalspiele, wollen die Bundesliga-Kicker von RB Leipzig endlich wieder zur\u00fcck in die Champions League. Vier Spieltage vor dem Saisonende ist dieses Ziel zum Greifen nah. Auf dem 3. Tabellenplatz liegend haben die Rasenballer aktuell f\u00fcnf Punkte Vorsprung auf den unbeliebteren Europa League-Platz 5. Im heutigen Heimspiel gegen Union Berlin \u2013 Anpfiff in der RB-Arena ist um 20:30 Uhr \u2013 sollen nun weitere Punkte eingefahren werden.<\/p>\n<p>Der direkte Vergleich beider Rivalen ist nahezu ausgeglichen. Insgesamt 18 mal, darunter auch vier Spiele in der 2. Bundesliga, standen sich RB und Union auf dem Platz gegen\u00fcber. Dabei gingen acht Siege nach Leipzig und sieben nach Berlin, drei Partien endeten remis. Zwar hatte das Team aus K\u00f6penick in dieser Saison ihr Heimspiel mit 3:1 f\u00fcr sich entscheiden k\u00f6nnen, doch scheint der aktuelle Trend eher in Richtung RBL auszuschlagen.<\/p>\n<p><a href=\"https:\/\/www.l-iz.de\/wp-content\/uploads\/2026\/04\/BS-Jan_Kaefer-00001178.jpg\" rel=\"nofollow noopener\" target=\"_blank\"><img loading=\"lazy\" decoding=\"async\" class=\"size-large wp-image-655018\" src=\"https:\/\/www.europesays.com\/de\/wp-content\/uploads\/2026\/04\/BS-Jan_Kaefer-00001178-698x465.jpg\" alt=\"\" width=\"698\" height=\"465\"  \/><\/a>Das letzte Heimspiel gegen Union Berlin \u2013 hier eine Szene mit Benjamin Henrichs und Tom Rothe \u2013 endete im September 2024 torlos. Foto: Jan Kaefer<\/p>\n<p>Immerhin hat die Truppe von Coach Ole Werner zuletzt eine Siegesserie von vier Spielen hingelegt, 11 Tore erzielt und nur zwei zugelassen. Die Unioner hingegen konnten keines ihrer letzten vier Spiele gewinnen. Um auf den letzten Metern nicht noch in den Sog eines Abstiegsstrudels zu geraten, braucht das Team aus der Hauptstadt dringend Punkte. Ordentlich Feuer auf dem Kessel sollte daher heute auf beiden Seiten vorhanden sein.<\/p>\n<p>Eine Extra-Portion Glut steuerte im Vorfeld der emotional sowieso schon brisanten Begegnung ein <a href=\"https:\/\/www.kicker.de\/rb-post-ueber-union-trainerin-eta-ruft-heftige-kritik-hervor-1213052\/artikel\" target=\"_blank\" rel=\"noopener nofollow\">ungl\u00fccklicher Social-Media-Beitrag aus dem Hause RB<\/a> bei. Auf eine Stichelei aus K\u00f6penick hatte RBL mit einer Antwort gekontert, die von vielen Kommentierenden als sexistisch gegen\u00fcber der Berliner Interimstrainerin Marie-Louise Eta bewertet wurde. Der entsprechende Satz ist inzwischen aus dem Posting gel\u00f6scht worden.<\/p>\n<p><strong>Wor\u00fcber die LZ heute berichtet hat:<\/strong><\/p>\n<p><a href=\"https:\/\/www.l-iz.de\/allgemein\/2026\/04\/hallo-leipzig-so-startet-freitag-der-24-april-2026-654903\" target=\"_blank\" rel=\"noopener nofollow\">Hallo Leipzig: So startet Freitag, der 24. April 2026<\/a><\/p>\n<p><a href=\"https:\/\/www.l-iz.de\/politik\/brennpunkt\/2026\/04\/leipzigs-kommunale-fluglarm-messstationen-daten-live-abrufbar-654805\" target=\"_blank\" rel=\"noopener nofollow\">Leipzigs kommunale Flugl\u00e4rm-Messstationen: Die Daten sind jetzt live abrufbar<\/a><\/p>\n<p><a href=\"https:\/\/www.l-iz.de\/politik\/leipzig\/2026\/04\/pressekonferenz-und-gespraech-mit-dirk-thaerichen-wahlprogramm-ist-work-in-progress-654962\" target=\"_blank\" rel=\"noopener nofollow\">Pressekonferenz und Gespr\u00e4ch mit Dirk Th\u00e4richen: Wahlprogramm ist \u201ework in progress\u201c<\/a><\/p>\n<p><a href=\"https:\/\/www.l-iz.de\/top-posts\/2026\/04\/kommentar-signal-konten-gehackt-warum-sprechen-medien-von-hacking-654979\" target=\"_blank\" rel=\"noopener nofollow\">Kommentar: Signal-Konten \u201cgehackt\u201d \u2013 Warum sprechen Medien von Hacking?<\/a><\/p>\n<p><a href=\"https:\/\/www.l-iz.de\/bildung\/leipzig-bildet\/2026\/04\/universitat-leipzig-fachschaften-fordern-transparenz-654994\" target=\"_blank\" rel=\"noopener nofollow\">K\u00fcrzungen an der Universit\u00e4t Leipzig: Fachschaften fordern Transparenz<\/a><\/p>\n<p><a href=\"https:\/\/www.l-iz.de\/bildung\/buecher\/2026\/04\/verschwundene-verlage-150-ddr-verlage-einfach-bildflache-verschwanden-654908\" target=\"_blank\" rel=\"noopener nofollow\">Verschwundene Verlage: Wie 150 DDR-Verlage einfach von der Bildfl\u00e4che verschwanden<\/a><\/p>\n<p><a href=\"https:\/\/www.l-iz.de\/politik\/sachsen\/2026\/04\/wohnungslosigkeit-in-sachsen-2025-fast-sechs-wohnungen-pro-tag-zwangsgeraumt-654874\" target=\"_blank\" rel=\"noopener nofollow\">Wohnungslosigkeit in Sachsen: 2025 fast sechs Wohnungen pro Tag zwangsger\u00e4umt<\/a><\/p>\n<p><a href=\"https:\/\/www.l-iz.de\/bildung\/forschung\/2026\/04\/ufz-team-entwickelt-neues-verfahren-wie-kriegt-man-perfluorbutansaeure-aus-dem-wasser-654877\" target=\"_blank\" rel=\"noopener nofollow\">UFZ-Team entwickelt neues Verfahren: Wie kriegt man Perfluorbutans\u00e4ure aus dem Wasser?<\/a><\/p>\n<p><strong>Was sonst noch wichtig war:<\/strong><\/p>\n<p>Der <a href=\"https:\/\/www.tagesschau.de\/inland\/bundestag-tankrabatt-praemie-100.html\" target=\"_blank\" rel=\"noopener nofollow\">Bundestag hat den kontrovers diskutierten Tankrabatt<\/a> sowie die steuerfreie 1000-Euro-Entlastungspr\u00e4mie beschlossen.<\/p>\n<p>Auch <a href=\"https:\/\/www.deutschlandfunk.de\/norwegen-plant-social-media-verbot-fuer-unter-16-jaehrige-102.html\" target=\"_blank\" rel=\"noopener nofollow\">Norwegen plant nun die Einf\u00fchrung eines Social-Media-Verbots<\/a> f\u00fcr unter 16-J\u00e4hrige. Das hat Ministerpr\u00e4sident Jonas Gahr St\u00f8re angek\u00fcndigt.<\/p>\n<p>Laut eines internen Memos <a href=\"https:\/\/www.n-tv.de\/wirtschaft\/KI-ersetzt-bei-Meta-ein-Zehntel-der-Mitarbeiter-id30749610.html\" target=\"_blank\" rel=\"noopener nofollow\">plane Meta, ein Zehntel der Belegschaft durch KI ersetzen zu wollen<\/a>, berichtet n-tv. Das w\u00fcrde f\u00fcr 8.000 Mitarbeitende die Entlassung bedeuten.<\/p>\n<p>Kurz vor dem Auslaufen der aktuellen Vereinbarungen hat US-Pr\u00e4sident Donald Trump die <a href=\"https:\/\/www.br.de\/nachrichten\/deutschland-welt\/usa-israel-iran-krieg-aktuelle-news-vom-24-april-im-ticker,VHgYESW\" target=\"_blank\" rel=\"noopener nofollow\">Waffenruhe zwischen Israel und dem Libanon<\/a> um weitere drei Wochen verl\u00e4ngert.<\/p>\n<p>Wegen zu hoher Kosten will der irische Billigflieger <a href=\"https:\/\/www.tagesschau.de\/inland\/regional\/brandenburg\/flughafen-ryanair-rueckzug-berlin-100.html\" target=\"_blank\" rel=\"noopener nofollow\">Ryanair alle seine Flugzeuge von seiner BER-Basis abziehen<\/a> und in andere europ\u00e4ische L\u00e4nder verlegen. Zudem halbiert Ryanair die Anzahl seiner Fl\u00fcge von und nach Berlin.<\/p>\n","protected":false},"excerpt":{"rendered":"Kiloweise \u201eGras\u201c hat die Leipziger Polizei \u201egem\u00e4ht\u201c. Vier Betreiber einer illegalen Anbauvereinigung m\u00fcssen sich nun wegen unerlaubten Drogenhandels&hellip;\n","protected":false},"author":2,"featured_media":973213,"comment_status":"","ping_status":"","sticky":false,"template":"","format":"standard","meta":{"footnotes":"","_share_on_mastodon":"0"},"categories":[1832],"tags":[652,3364,507,2409,29,1994,14646,30,4553,71,121,1655,859],"class_list":["post-973212","post","type-post","status-publish","format-standard","has-post-thumbnail","category-leipzig","tag-cannabis","tag-de","tag-demonstration","tag-der-tag","tag-deutschland","tag-drogenhandel","tag-fridays-for-future","tag-germany","tag-klimapolitik","tag-leipzig","tag-polizei","tag-rb-leipzig","tag-sachsen"],"share_on_mastodon":{"url":"https:\/\/pubeurope.com\/@de\/116468366195476997","error":""},"_links":{"self":[{"href":"https:\/\/www.europesays.com\/de\/wp-json\/wp\/v2\/posts\/973212","targetHints":{"allow":["GET"]}}],"collection":[{"href":"https:\/\/www.europesays.com\/de\/wp-json\/wp\/v2\/posts"}],"about":[{"href":"https:\/\/www.europesays.com\/de\/wp-json\/wp\/v2\/types\/post"}],"author":[{"embeddable":true,"href":"https:\/\/www.europesays.com\/de\/wp-json\/wp\/v2\/users\/2"}],"replies":[{"embeddable":true,"href":"https:\/\/www.europesays.com\/de\/wp-json\/wp\/v2\/comments?post=973212"}],"version-history":[{"count":0,"href":"https:\/\/www.europesays.com\/de\/wp-json\/wp\/v2\/posts\/973212\/revisions"}],"wp:featuredmedia":[{"embeddable":true,"href":"https:\/\/www.europesays.com\/de\/wp-json\/wp\/v2\/media\/973213"}],"wp:attachment":[{"href":"https:\/\/www.europesays.com\/de\/wp-json\/wp\/v2\/media?parent=973212"}],"wp:term":[{"taxonomy":"category","embeddable":true,"href":"https:\/\/www.europesays.com\/de\/wp-json\/wp\/v2\/categories?post=973212"},{"taxonomy":"post_tag","embeddable":true,"href":"https:\/\/www.europesays.com\/de\/wp-json\/wp\/v2\/tags?post=973212"}],"curies":[{"name":"wp","href":"https:\/\/api.w.org\/{rel}","templated":true}]}}