{"id":973325,"date":"2026-04-26T02:22:15","date_gmt":"2026-04-26T02:22:15","guid":{"rendered":"https:\/\/www.europesays.com\/de\/973325\/"},"modified":"2026-04-26T02:22:15","modified_gmt":"2026-04-26T02:22:15","slug":"wetter-in-deutschland-im-mai-frostschock-steht-bevor","status":"publish","type":"post","link":"https:\/\/www.europesays.com\/de\/973325\/","title":{"rendered":"Wetter in Deutschland im Mai: Frostschock steht bevor"},"content":{"rendered":"<p class=\"text-18 leading-17 user-text-lg:text-22 user-text-xl:text-24\">Aber derzeit sieht es laut Jung so aus: Die wichtigen Langfristmodelle des Europ\u00e4ischen Zentrums f\u00fcr mittelfristige Wettervorhersage und der US-Wetterbeh\u00f6rde NOAA h\u00e4tten sich angeglichen, sodass sich nach dem K\u00e4lteeinbruch Anfang des Monats eine rasche Umstellung andeute. &#8222;F\u00fcr die zweite Monatsh\u00e4lfte halten die Modelle erste Hitzetage mit Temperaturen bis 30 Grad f\u00fcr m\u00f6glich&#8220;, erkl\u00e4rt Jung. Insgesamt liege der Mai vermutlich etwa 1 bis 1,5 Grad \u00fcber dem langj\u00e4hrigen Mittel, regional im Osten sogar bis zu 2 Grad.<\/p>\n<p class=\"text-18 leading-17 user-text-lg:text-22 user-text-xl:text-24\">Gleichzeitig setze sich wohl das Niederschlagsdefizit fort. Nachdem der April bislang nur rund 40 Prozent des klimatologischen Niederschlagssolls erreicht habe, bleibe die Bodenfeuchte entsprechend angespannt.<\/p>\n<p class=\"text-18 leading-17 user-text-lg:text-22 user-text-xl:text-24\">Und wann startet der Sommer so richtig? Jung: &#8222;Die Langfristmodelle tendieren derzeit zu einem insgesamt zu mildem Juni, der au\u00dferdem etwas zu trocken wird.&#8220; Vermutlich sei der Start fr\u00fchsommerlich gepr\u00e4gt \u2013 &#8222;mit einzelnen Hitzespitzen, unterbrochen von den \u00fcblichen Trog-Einsch\u00fcben.&#8220; Vor\u00fcbergehend sind also immer labile Wetterlagen in einer sonst warmen Phase m\u00f6glich, die Wolken, Schauer, Gewitter und einen Temperaturknick bringen k\u00f6nnen, bevor es wieder freundlicher wird.<\/p>\n","protected":false},"excerpt":{"rendered":"Aber derzeit sieht es laut Jung so aus: Die wichtigen Langfristmodelle des Europ\u00e4ischen Zentrums f\u00fcr mittelfristige Wettervorhersage und&hellip;\n","protected":false},"author":2,"featured_media":973326,"comment_status":"","ping_status":"","sticky":false,"template":"","format":"standard","meta":{"footnotes":"","_share_on_mastodon":"0"},"categories":[2],"tags":[1434,331,3924,332,3922,3364,29,20480,37015,211080,30,13,14,3923,15,3921,140034,140434,12],"class_list":["post-973325","post","type-post","status-publish","format-standard","has-post-thumbnail","category-deutschland","tag-1434","tag-aktuelle-nachrichten","tag-aktuelle-nachrichten-aus-deutschland","tag-aktuelle-news","tag-aktuelle-news-aus-deutschland","tag-de","tag-deutschland","tag-dominik-jung","tag-eisheiligen","tag-frostschock","tag-germany","tag-headlines","tag-nachrichten","tag-nachrichten-aus-deutschland","tag-news","tag-news-aus-deutschland","tag-nordpol","tag-polarwirbel","tag-schlagzeilen"],"share_on_mastodon":{"url":"https:\/\/pubeurope.com\/@de\/116468629264405000","error":""},"_links":{"self":[{"href":"https:\/\/www.europesays.com\/de\/wp-json\/wp\/v2\/posts\/973325","targetHints":{"allow":["GET"]}}],"collection":[{"href":"https:\/\/www.europesays.com\/de\/wp-json\/wp\/v2\/posts"}],"about":[{"href":"https:\/\/www.europesays.com\/de\/wp-json\/wp\/v2\/types\/post"}],"author":[{"embeddable":true,"href":"https:\/\/www.europesays.com\/de\/wp-json\/wp\/v2\/users\/2"}],"replies":[{"embeddable":true,"href":"https:\/\/www.europesays.com\/de\/wp-json\/wp\/v2\/comments?post=973325"}],"version-history":[{"count":0,"href":"https:\/\/www.europesays.com\/de\/wp-json\/wp\/v2\/posts\/973325\/revisions"}],"wp:featuredmedia":[{"embeddable":true,"href":"https:\/\/www.europesays.com\/de\/wp-json\/wp\/v2\/media\/973326"}],"wp:attachment":[{"href":"https:\/\/www.europesays.com\/de\/wp-json\/wp\/v2\/media?parent=973325"}],"wp:term":[{"taxonomy":"category","embeddable":true,"href":"https:\/\/www.europesays.com\/de\/wp-json\/wp\/v2\/categories?post=973325"},{"taxonomy":"post_tag","embeddable":true,"href":"https:\/\/www.europesays.com\/de\/wp-json\/wp\/v2\/tags?post=973325"}],"curies":[{"name":"wp","href":"https:\/\/api.w.org\/{rel}","templated":true}]}}