{"id":973411,"date":"2026-04-26T03:16:19","date_gmt":"2026-04-26T03:16:19","guid":{"rendered":"https:\/\/www.europesays.com\/de\/973411\/"},"modified":"2026-04-26T03:16:19","modified_gmt":"2026-04-26T03:16:19","slug":"orban-verkuendet-verzicht-auf-sein-abgeordnetenmandat","status":"publish","type":"post","link":"https:\/\/www.europesays.com\/de\/973411\/","title":{"rendered":"Orban verk\u00fcndet Verzicht auf sein Abgeordnetenmandat"},"content":{"rendered":"<p>            <img loading=\"lazy\" decoding=\"async\" class=\"ts-image\" src=\"https:\/\/www.europesays.com\/de\/wp-content\/uploads\/2026\/04\/orban-474.jpg\" alt=\"Viktor Orban (Archivbild vom 12. Mai 2025)\" title=\"Viktor Orban (Archivbild vom 12. Mai 2025) | AFP\"\/><\/p>\n<p class=\"metatextline\">Stand: 26.04.2026 \u2022 04:15 Uhr<\/p>\n<p class=\"article-head__shorttext\">\n        <strong>Im Mai endet Orbans Zeit als Ungarns Ministerpr\u00e4sident &#8211; nach 16 Jahren. Nun hat er angek\u00fcndigt, sich aus dem Parlament in Budapest zur\u00fcckzuziehen. Wahlsieger Magyar warnt derweil vor m\u00f6glichen Fluchtpl\u00e4nen im Umfeld Orbans.<\/strong>\n    <\/p>\n<p>                                    <a class=\"authorline__link\" href=\"https:\/\/www.tagesschau.de\/korrespondenten\/oliver-soos-105.html\" rel=\"nofollow noopener\" target=\"_blank\"><br \/>\n                                        <img decoding=\"async\" class=\"authorline__img\" alt=\"Oliver Soos\" src=\"https:\/\/www.europesays.com\/de\/wp-content\/uploads\/2026\/04\/oliver-soos-103.jpg\"\/><br \/>\n                                    <\/a><\/p>\n<p class=\"textabsatz m-ten m-offset-one l-eight l-offset-two columns twelve\">Die Zukunft von Viktor Orban ist eigentlich immer noch ungewiss. Jetzt hat er sich mit einem Videoclip auf seinen Social-Media-Kan\u00e4len zu Wort gemeldet. Seine Ank\u00fcndigung klingt wie ein halber R\u00fcckzug aus der Politik. Orban verzichtet darauf, ins Parlament einzuziehen und dort Oppositionsf\u00fchrer zu werden.<\/p>\n<p class=\"textabsatz m-ten m-offset-one l-eight l-offset-two columns twelve\">&#8222;Gerade ist die Pr\u00e4sidiumssitzung der Fidesz-Partei zu Ende gegangen&#8220;, sagt der 62-J\u00e4hrige im Video. &#8222;Mit voller Kraft laufen die Gespr\u00e4che \u00fcber die Erneuerung unseres nationalen Lagers.&#8220; Die Parlamentsfraktion werde grundlegend umgestaltet. Fraktionsvorsitzender solle Gergely Gulyas werden. &#8222;Ich habe beschlossen, mein Parlamentsmandat zur\u00fcckzugeben&#8220;, sagt er. &#8222;Man braucht mich jetzt nicht im Parlament sondern bei der Neuorganisation des nationalen Lagers.&#8220;<\/p>\n<p>    Orbans Gefolgsmann wird neuer Fraktionsvorsitzender<\/p>\n<p class=\"textabsatz m-ten m-offset-one l-eight l-offset-two columns twelve\">Der neue Oppositionsf\u00fchrer im Parlament, Gergely Gulyas, ist aktuell Orbans Ministeramtspr\u00e4sident &#8211; in etwa ist das vergleichbar mit dem Kanzleramtsminister in Deutschland. Gulyas gilt als Orbans Gefolgsmann.<\/p>\n<p class=\"textabsatz m-ten m-offset-one l-eight l-offset-two columns twelve\">Orban selbst hat vor, Fidesz-Parteichef zu bleiben. Das soll auf einem &#8222;Fidesz-Erneuerungskongress&#8220; im Juni beschlossen werden &#8211; eine Erneuerung quasi mit altbekannten Leuten.<\/p>\n<p class=\"textabsatz m-ten m-offset-one l-eight l-offset-two columns twelve\">&#8222;Seit fast vier Jahrzehnten leite ich unsere Gemeinschaft&#8220;, sagt Orban. &#8222;In dieser Zeit haben wir Erfolge und Misserfolge erlebt. Aber unser Lager war durchgehend die geschlossenste und solidarischste politische Gemeinschaft Ungarns und genau diese Einheit braucht Ungarn jetzt auch dringend.&#8220;<\/p>\n<p>    Peter Magyar reagiert umgehend mit eigenem Video<\/p>\n<p class=\"textabsatz m-ten m-offset-one l-eight l-offset-two columns twelve\">Wenn es nach dem Sieger der Parlamentswahl, Peter Magyar, geht, dann braucht Ungarn etwas ganz anderes. Magyar reagiert zwei Stunden nach Orbans Videoclip selbst mit einem Social-Media-Video.<\/p>\n<p class=\"textabsatz m-ten m-offset-one l-eight l-offset-two columns twelve\">&#8222;Die Tisza-Partei bereitet sich mit voller Kraft auf die Regierungs\u00fcbernahme vor und auf den Aufbau eines funktionierenden menschlichen Ungarns&#8220;, sagt Magyar. &#8222;Doch im Hintergrund bleibt auch die Mafia nicht unt\u00e4tig.&#8220;<\/p>\n<p class=\"textabsatz m-ten m-offset-one l-eight l-offset-two columns twelve\">Mit der Mafia meint er Orban und dessen Umfeld. Laut Transparency International hat Orbans engster Zirkel pro Jahr mindestens vier bis f\u00fcnf Milliarden Euro an Staatsgeldern an Recht und Gesetz vorbeigeschleust, f\u00fcr eigene Gesch\u00e4fte, bei denen eine Menge Geld veruntreut worden sei.<\/p>\n<p>    Magyar spricht von m\u00f6glichen Fluchtpl\u00e4nen im Umfeld Orbans<\/p>\n<p class=\"textabsatz m-ten m-offset-one l-eight l-offset-two columns twelve\">Magyar sagt, er habe Informationen, dass das Orban-Umfeld aus dem Land fliehen wolle &#8211; mitsamt seinem gestohlenen Verm\u00f6gen. &#8222;W\u00e4hrend Viktor Orban vor der \u00dcbernahme der Verantwortung flieht, laufen im Hintergrund die Vorbereitungen&#8220;, sagt der k\u00fcnftige Ministerpr\u00e4sident Ungarns.<\/p>\n<blockquote class=\"zitat\">\n<p>                    Der Oligarchen-Zirkel um Viktor Orban transferiert Milliardensummen in die Vereinigten Arabischen Emirate, nach Uruguay, in die USA und in andere fernen L\u00e4nder. Ich habe Hinweise, dass die ungarische Steuer- und Zollbeh\u00f6rde hohe \u00dcberweisungen aus dem Umfeld von Orbans Kabinettsb\u00fcroleiter Antal Rogan gestoppt hat, wegen Geldw\u00e4scheverdachts.<\/p>\n<\/blockquote>\n<p>    &#8222;Fordere die Beh\u00f6rden auf, die Kriminellen festzunehmen&#8220;<\/p>\n<p class=\"textabsatz m-ten m-offset-one l-eight l-offset-two columns twelve\">Er fordere die Steuer- und Zollbeh\u00f6rde auf, die gestohlenen Gelder unverz\u00fcglich zu beschlagnahmen. &#8222;Wer seiner gesetzlichen Pflicht nicht nachkommt und seinen Amtseid verletzt, begeht selbst eine Straftat&#8220;, sagt Magyar. &#8222;Ich fordere die Beh\u00f6rden auf, die Kriminellen, die das ungarische Volk um Milliardensummen gesch\u00e4digt haben, festzunehmen, damit sie nicht, vor der Bildung einer Tisza-Regierung, in L\u00e4nder fliehen k\u00f6nnen, wo es derzeit keine Auslieferung nach Ungarn gibt.&#8220;<\/p>\n<p class=\"textabsatz m-ten m-offset-one l-eight l-offset-two columns twelve\">Die Verbrechen w\u00fcrden aufgekl\u00e4rt, betont der Politiker. &#8222;Das Verm\u00f6gen wird zur\u00fcckgeholt. Wer sich unrechtm\u00e4\u00dfig auf Kosten des ungarischen Volkes bereichert hat, wird von der unabh\u00e4ngigen ungarischen Justiz zur Rechenschaft gezogen.&#8220;<\/p>\n<p>    Plant L\u00f6rinc Meszaros Flucht nach Dubai?<\/p>\n<p class=\"textabsatz m-ten m-offset-one l-eight l-offset-two columns twelve\">Magyar sagt, dass er Informationen habe, dass mehrere Oligarchenfamilien Ungarn bereits verlassen h\u00e4tten. Auch die Familie von L\u00f6rinc Meszaros habe vor, in den kommenden Tagen nach Dubai zu fliegen. Woher die Informationen stammen, sagt der Politiker nicht.<\/p>\n<p class=\"textabsatz m-ten m-offset-one l-eight l-offset-two columns twelve\">Meszaros ist Orbans Schulfreund aus seinem Heimatdorf, der auf wundersame Weise vom lokalen Gas- und Heizungsinstallateur zum Milliard\u00e4r wurde. In Ungarn wird spekuliert, dass auch Orban selbst fliehen k\u00f6nnte, in die USA, wo seine \u00e4lteste Tochter mit ihrem Mann lebt. Die beiden sind in Ungarn ebenfalls extrem reich geworden.<\/p>\n","protected":false},"excerpt":{"rendered":"Stand: 26.04.2026 \u2022 04:15 Uhr Im Mai endet Orbans Zeit als Ungarns Ministerpr\u00e4sident &#8211; nach 16 Jahren. Nun&hellip;\n","protected":false},"author":2,"featured_media":973412,"comment_status":"","ping_status":"","sticky":false,"template":"","format":"standard","meta":{"footnotes":"","_share_on_mastodon":"0"},"categories":[3],"tags":[13,14,15,3223,12,10,8,9,11,501,103,104],"class_list":["post-973411","post","type-post","status-publish","format-standard","has-post-thumbnail","category-welt","tag-headlines","tag-nachrichten","tag-news","tag-orban","tag-schlagzeilen","tag-top-news","tag-top-meldungen","tag-topmeldungen","tag-topnews","tag-ungarn","tag-welt","tag-world"],"share_on_mastodon":{"url":"https:\/\/pubeurope.com\/@de\/116468841999883383","error":""},"_links":{"self":[{"href":"https:\/\/www.europesays.com\/de\/wp-json\/wp\/v2\/posts\/973411","targetHints":{"allow":["GET"]}}],"collection":[{"href":"https:\/\/www.europesays.com\/de\/wp-json\/wp\/v2\/posts"}],"about":[{"href":"https:\/\/www.europesays.com\/de\/wp-json\/wp\/v2\/types\/post"}],"author":[{"embeddable":true,"href":"https:\/\/www.europesays.com\/de\/wp-json\/wp\/v2\/users\/2"}],"replies":[{"embeddable":true,"href":"https:\/\/www.europesays.com\/de\/wp-json\/wp\/v2\/comments?post=973411"}],"version-history":[{"count":0,"href":"https:\/\/www.europesays.com\/de\/wp-json\/wp\/v2\/posts\/973411\/revisions"}],"wp:featuredmedia":[{"embeddable":true,"href":"https:\/\/www.europesays.com\/de\/wp-json\/wp\/v2\/media\/973412"}],"wp:attachment":[{"href":"https:\/\/www.europesays.com\/de\/wp-json\/wp\/v2\/media?parent=973411"}],"wp:term":[{"taxonomy":"category","embeddable":true,"href":"https:\/\/www.europesays.com\/de\/wp-json\/wp\/v2\/categories?post=973411"},{"taxonomy":"post_tag","embeddable":true,"href":"https:\/\/www.europesays.com\/de\/wp-json\/wp\/v2\/tags?post=973411"}],"curies":[{"name":"wp","href":"https:\/\/api.w.org\/{rel}","templated":true}]}}