{"id":973417,"date":"2026-04-26T03:20:38","date_gmt":"2026-04-26T03:20:38","guid":{"rendered":"https:\/\/www.europesays.com\/de\/973417\/"},"modified":"2026-04-26T03:20:38","modified_gmt":"2026-04-26T03:20:38","slug":"ausflug-ab-aachen-maerchenschloss-in-belgien-entdecken","status":"publish","type":"post","link":"https:\/\/www.europesays.com\/de\/973417\/","title":{"rendered":"Ausflug ab Aachen: M\u00e4rchenschloss in Belgien entdecken"},"content":{"rendered":"<p>Kurztrip am Wochenende <\/p>\n<p>Von der Grafenburg bis Ooidonk: Gent zeigt Belgiens ganze Vielfalt<\/p>\n<p>Aktualisiert am 23.04.2026Lesedauer: 2 Min.<\/p>\n<p><a href=\"#focus-0\" class=\"transition-colors duration-200 block text-current relative\" data-sctrack=\"FocusGalleryImage.Reference\"><img fetchpriority=\"high\" data-testid=\"Opener.Image\" style=\"--lqipURL:url('https:\/\/images.t-online.de\/2026\/04\/vQaVnRKzex17\/0x217:4000x2250\/fit-in\/150x0\/filters:blur(25)\/schloss-ooidonk-archivbild-fuehrungen-durch-das-gebaeude-sind-zwischen-april-und-november-nach-anmeldung-moeglich.jpg')\"   loading=\"eager\" src=\"https:\/\/www.europesays.com\/de\/wp-content\/uploads\/2026\/04\/schloss-ooidonk-archivbild-fuehrungen-durch-das-gebaeude-sind-zwischen-april-und-november-nach-anmel.jpeg\" alt=\"Schloss Ooidonk (Archivbild): F\u00fchrungen durch das Geb\u00e4ude sind zwischen April und November nach Anmeldung m\u00f6glich.\" title=\"Schloss Ooidonk (Archivbild): F\u00fchrungen durch das Geb\u00e4ude sind zwischen April und November nach Anmeldung m\u00f6glich.\" width=\"4000\" height=\"2250\" class=\"bg-[url:var(--lqipURL)] bg-cover bg-center flex h-full w-full max-w-full\" decoding=\"async\"\/><img style=\"--width:32;--height:32\" loading=\"lazy\" src=\"https:\/\/aachen.t-online.de\/s\/paper\/_next\/static\/media\/zoom-in.f7dae02f.svg\" alt=\"Vergr\u00f6\u00dfern des Bildes\" title=\"Vergr\u00f6\u00dfern des Bildes\" class=\"block h-[calc(var(--height)_\/_16_*_1rem)] w-[calc(var(--width)_\/_16_*_1rem)] max-w-none absolute bottom-8 right-8 rounded-4 bg-snow p-8\" decoding=\"async\"\/><\/a><\/p>\n<p>Schloss Ooidonk (Archivbild): F\u00fchrungen durch das Geb\u00e4ude sind zwischen April und November nach Anmeldung m\u00f6glich. (Quelle: Zoonar.com\/Nikolai Sorokin\/imago)<\/p>\n<p class=\"font-bold text-18 leading-17 user-text-lg:text-22 user-text-xl:text-24\">Grafenburg, Kathedrale und Kunstmuseum z\u00e4hlen zu den wichtigsten Stationen in Gent. Doch ein Ort au\u00dferhalb der Stadt zieht ebenfalls viele Besucher an.<\/p>\n<p class=\"text-18 leading-17 user-text-lg:text-22 user-text-xl:text-24\">Belgien ist f\u00fcr Kurzurlauber aus NRW eine der kl\u00fcgsten Optionen: Von Aachen aus ist die Grenze in wenigen Minuten erreicht. Mit \u00fcberschaubarem Budget l\u00e4sst sich dort das Gef\u00fchl erleben, wirklich in einer anderen Welt zu sein \u2013 ein verl\u00e4ngertes Wochenende reicht f\u00fcr den Ausflug v\u00f6llig aus.<\/p>\n<p class=\"text-18 leading-17 user-text-lg:text-22 user-text-xl:text-24\">Gent wird bei Belgien-Reisenden oft \u00fcbersehen \u2013 dabei z\u00e4hlt die Stadt zu den sch\u00f6nsten des Landes. Als zweitgr\u00f6\u00dfte Metropole Belgiens vereint sie auf engem Raum mittelalterliche Architektur und Pracht der Renaissance. Und von der historischen Altstadt ist es nur eine kurze Fahrt bis zum Schloss Ooidonk, einem M\u00e4rchenschloss in Ostflandern.<\/p>\n<p class=\"text-18 leading-17 user-text-lg:text-22 user-text-xl:text-24\">Wer Gent besucht, sollte drei Orte auf keinen Fall auslassen: Die Grafenburg, eine beeindruckende Wasserburg mitten im Stadtzentrum, die St.-Bavo-Kathedrale, von deren T\u00fcrmen aus sich die gesamte Altstadt \u00fcberblicken l\u00e4sst, sowie das Museum der Sch\u00f6nen K\u00fcnste \u2013 das \u00e4lteste Museum Belgiens, das Werke von K\u00fcnstlern wie van Eyck, Bosch und Magritte beherbergt.<\/p>\n<p class=\"text-18 leading-17 user-text-lg:text-22 user-text-xl:text-24\">Genauso viel Spa\u00df macht es aber auch, sich einfach durch die mittelalterlichen Gassen treiben zu lassen. Die Geschichte der Stadt geht bis in das Jahr 630 nach Christus zur\u00fcck, als der heilige Amandus an der M\u00fcndung der Fl\u00fcsse Leie und Schelde eine Abtei gr\u00fcndete.<\/p>\n<p class=\"text-18 leading-17 user-text-lg:text-22 user-text-xl:text-24\">Altbacken ist die Stadt aber deshalb nicht: Dank der Universit\u00e4t ist Gent studentisch gepr\u00e4gt und auch die Gastronomie geht hier mit der Zeit. Jeden Donnerstag ist beispielsweise &#8222;Veggie-Donnerstag&#8220; mit speziellen Angeboten f\u00fcr Vegetarier.<\/p>\n","protected":false},"excerpt":{"rendered":"Kurztrip am Wochenende Von der Grafenburg bis Ooidonk: Gent zeigt Belgiens ganze Vielfalt Aktualisiert am 23.04.2026Lesedauer: 2 Min.&hellip;\n","protected":false},"author":2,"featured_media":973418,"comment_status":"","ping_status":"","sticky":false,"template":"","format":"standard","meta":{"footnotes":"","_share_on_mastodon":"0"},"categories":[1853],"tags":[2201,1424,52362,5071,1423,3364,29,548,663,3934,53371,106706,73270,30,13,10245,3003,40356,14,15,1209,176,2454,211104,9563,12,77908,61,139766],"class_list":["post-973417","post","type-post","status-publish","format-standard","has-post-thumbnail","category-aachen","tag-2201","tag-aachen","tag-ausflugstipp-aachen","tag-ausflugsziel","tag-belgien","tag-de","tag-deutschland","tag-eu","tag-europa","tag-europe","tag-familienausflug","tag-flandern","tag-gent","tag-germany","tag-headlines","tag-kathedrale","tag-kunstmuseum","tag-kurztrip","tag-nachrichten","tag-news","tag-nordrhein-westfalen","tag-nrw","tag-ostern","tag-ostflandern","tag-robert-bosch","tag-schlagzeilen","tag-shoppingtrip","tag-vielfalt","tag-wochenendtrip"],"share_on_mastodon":{"url":"https:\/\/pubeurope.com\/@de\/116468857536754276","error":""},"_links":{"self":[{"href":"https:\/\/www.europesays.com\/de\/wp-json\/wp\/v2\/posts\/973417","targetHints":{"allow":["GET"]}}],"collection":[{"href":"https:\/\/www.europesays.com\/de\/wp-json\/wp\/v2\/posts"}],"about":[{"href":"https:\/\/www.europesays.com\/de\/wp-json\/wp\/v2\/types\/post"}],"author":[{"embeddable":true,"href":"https:\/\/www.europesays.com\/de\/wp-json\/wp\/v2\/users\/2"}],"replies":[{"embeddable":true,"href":"https:\/\/www.europesays.com\/de\/wp-json\/wp\/v2\/comments?post=973417"}],"version-history":[{"count":0,"href":"https:\/\/www.europesays.com\/de\/wp-json\/wp\/v2\/posts\/973417\/revisions"}],"wp:featuredmedia":[{"embeddable":true,"href":"https:\/\/www.europesays.com\/de\/wp-json\/wp\/v2\/media\/973418"}],"wp:attachment":[{"href":"https:\/\/www.europesays.com\/de\/wp-json\/wp\/v2\/media?parent=973417"}],"wp:term":[{"taxonomy":"category","embeddable":true,"href":"https:\/\/www.europesays.com\/de\/wp-json\/wp\/v2\/categories?post=973417"},{"taxonomy":"post_tag","embeddable":true,"href":"https:\/\/www.europesays.com\/de\/wp-json\/wp\/v2\/tags?post=973417"}],"curies":[{"name":"wp","href":"https:\/\/api.w.org\/{rel}","templated":true}]}}