{"id":973507,"date":"2026-04-26T04:19:17","date_gmt":"2026-04-26T04:19:17","guid":{"rendered":"https:\/\/www.europesays.com\/de\/973507\/"},"modified":"2026-04-26T04:19:17","modified_gmt":"2026-04-26T04:19:17","slug":"stuttgarter-fruehlingsfest-wasen-retter-berichten-von-ihren-schichten-das-macht-ordentliche-platzwunden","status":"publish","type":"post","link":"https:\/\/www.europesays.com\/de\/973507\/","title":{"rendered":"Stuttgarter Fr\u00fchlingsfest: Wasen-Retter berichten von ihren Schichten \u2013 \u201eDas macht ordentliche Platzwunden\u201c"},"content":{"rendered":"<p>Um die Besucher des Stuttgarter Fr\u00fchlingsfests zu versorgen, sind Hunderte Retter des DRK im Einsatz \u2013 die meisten ehrenamtlich. Sie erleben Schlimmes und Kurioses.<\/p>\n<p>Ein Labello kann ein \u00e4u\u00dferst gef\u00e4hrlicher Gegenstand sein. Zumindest dann, wenn er auf dem <a href=\"https:\/\/www.stuttgarter-nachrichten.de\/thema\/Cannstatter_Wasen\" target=\"_blank\" rel=\"nofollow noopener\">Cannstatter Wasen <\/a>einem Besucher in einem Fahrgesch\u00e4ft aus gro\u00dfer H\u00f6he aus der Tasche f\u00e4llt \u2013 und genau den Kopf eines Passanten unten am Boden trifft. \u201eDas macht ordentliche Platzwunden\u201c, sagt Juliane Tiedemann. \u00dcberhaupt falle da \u201ealles m\u00f6gliche runter\u201c. Und wenn es dann Verletzte gibt, sind die Frau von der <a href=\"https:\/\/www.drk-cannstatt.de\/startseite.html\" target=\"_blank\" rel=\"nofollow noopener\">DRK-Bereitschaft Bad Cannstatt<\/a> und ihre Mitstreiter zur Stelle, um schnell Erste Hilfe zu leisten.<\/p>\n<p> Rettungskr\u00e4fte auf dem <a href=\"https:\/\/www.stuttgarter-nachrichten.de\/thema\/Cannstatter_Wasen\" title=\"Wasen\" class=\"art_thema\" rel=\"nofollow noopener\" target=\"_blank\">Wasen<\/a>: 1500 Schichten m\u00fcssen besetzt sein <\/p>\n<p>\u201eWir teilen die Tage in verschiedene Stufen ein, je nach erwartetem <a href=\"https:\/\/www.stuttgarter-nachrichten.de\/inhalt.stuttgarter-fruehlingsfest-bei-44-000-besuchern-ist-schluss-an-diesen-tagen-ist-der-wasen-voll.6622ec96-6f61-425f-bc1f-284676cb5f3d.html\" target=\"_blank\" rel=\"nofollow noopener\">Besucheraufkommen, Klientel und Parallelveranstaltungen im Neckarpark<\/a>\u201c, sagt Bosse. Heute ist alles entspannt. 30 bis 40 Einsatzkr\u00e4fte braucht man an so einem Tag. Am Wochenende sind es auch mal 80, vor allem abends ist dann einiges los und der Pegel bei den Besuchern hoch.<\/p>\n<p>\u00dcber die gesamten drei Wochen beim <a href=\"https:\/\/www.stuttgarter-nachrichten.de\/thema\/Stuttgarter_Fr%C3%BChlingsfest\" title=\"Fr\u00fchlingsfest\" class=\"art_thema\" rel=\"nofollow noopener\" target=\"_blank\">Fr\u00fchlingsfest<\/a> muss Bosse rund 1500 Schichten besetzen. Das entspricht bei einem Drei-Schicht-Betrieb etwa 500 bis 700 <a href=\"https:\/\/www.stuttgarter-nachrichten.de\/thema\/DRK\" title=\"DRK\" class=\"art_thema\" rel=\"nofollow noopener\" target=\"_blank\">DRK<\/a>-Leuten. Die meisten davon arbeiten ehrenamtlich. Auch Bosse. Die Leute kommen zu einem guten Teil aus der Cannstatter Bereitschaft, die f\u00fcr ihre zahllosen Eins\u00e4tze im Neckarpark j\u00fcngst <a href=\"https:\/\/www.stuttgarter-nachrichten.de\/inhalt.stuttgarter-in-des-jahres-ehrenamtspreis-verliehen-grosser-applaus-fuer-alle-aktiven-in-stuttgart.a34f8d3d-0664-41d6-9836-abff683f903e.html\" target=\"_blank\" rel=\"nofollow noopener\">als \u201eStuttgarter des Jahres\u201c ausgezeichnet worden ist<\/a>. Dazu kommen einige hauptamtliche Einsatzkr\u00e4fte und weitere <a href=\"https:\/\/www.stuttgarter-nachrichten.de\/thema\/Deutsches_Rotes_Kreuz\" target=\"_blank\" rel=\"nofollow noopener\">DRK-Retter<\/a> aus dem ganzen Land. \u201eMan kennt sich und hilft sich gegenseitig aus. Die Leute kommen auch wegen des Miteinanders, das hier entsteht\u201c, erz\u00e4hlt Bosse.<\/p>\n<p>Wasen-Einsatzleiter: \u201eAlkohol ist oft mit dabei, aber meist nicht der Grund. <\/p>\n<p>Nun ist der Wasen nichts f\u00fcr schwache Gem\u00fcter. Steigende Aggressionen gegen\u00fcber den Rettern stellen die Rotkreuzler allerdings nicht fest. Das mag auch daran liegen, dass die <a href=\"https:\/\/www.stuttgarter-nachrichten.de\/polizei\" target=\"_blank\" rel=\"nofollow noopener\">Polizei<\/a> direkt nebenan sitzt und genauso wie der Sicherheitsdienst jederzeit zur Stelle ist, wenn es brenzlig werden k\u00f6nnte. \u201eAber das Fell muss hier auch mal dicker sein\u201c, sagt Bosse. Seit 2014 ist er regelm\u00e4\u00dfig dabei und sagt: \u201eEs kribbelt jedes Mal. Jedes Fest ist anders. Wir haben hier eine kleine Stadt inmitten der Stadt.\u201c<\/p>\n<p>Wer glaubt, auf dem Wasen w\u00fcrden vor allem Sturzbetrunkene medizinisch behandelt, der t\u00e4uscht sich. \u201eAlkohol ist oft mit dabei, aber meist nicht der Grund, warum die Leute bei uns landen\u201c, erz\u00e4hlt der Einsatzleiter. Rund 1000 Patienten werden pro Fest behandelt. Die meisten kommen wegen Schnittverletzungen, die sie sich an kaputten Gl\u00e4sern und Kr\u00fcgen geholt haben. Auch St\u00fcrze gibt es h\u00e4ufig. \u201eWenn es regnet, wird der Untergrund manchmal rutschig\u201c, wei\u00df Juliane Tiedemann. Und auch Hitze kann ein Problem werden: \u201eDie Leute trinken dann nicht genug \u2013 und wenn, dann Alkohol.\u201c<\/p>\n<p>  <img decoding=\"async\" loading=\"lazy\" src=\"https:\/\/www.europesays.com\/de\/wp-content\/uploads\/2026\/04\/media.media.f03c8aee-b755-4c3b-99b8-cc4f70b09321.original1024.media.jpeg\"\/>     Hinter der Wache warten mehrere Einsatzfahrzeuge.    Foto: Lichtgut\/Ferdinando Iannone    Drei Ambulanzr\u00e4ume in der Wasenwache, davon ein Schockraum <\/p>\n<p>Die Retter sind gut ausgestattet. Sie haben einen eigenen kleinen Fuhrpark, damit der regul\u00e4re Rettungsdienst entlastet wird. Oft unterst\u00fctzt ein Notarzt vor Ort. Wenn ein Patient geholt und in die Wasenwache transportiert werden muss, stehen besondere Fahrtragen zur Verf\u00fcgung. Die sind besonders robust und schwer, haben dickere Reifen. \u201eDas sind Sonderanfertigungen, die zu viert bedient werden m\u00fcssen\u201c, sagt Bosse. Auf jeder liegt ein Plan des Gel\u00e4ndes. Zwar kennen die Helfer nat\u00fcrlich die Standorte gro\u00dfer Zelte und Fahrgesch\u00e4fte, doch damit auch der Rest gefunden wird, ist das Gel\u00e4nde in Stra\u00dfen und Standnummern aufgeteilt.<\/p>\n<p>In der Wasenwache stehen drei Ambulanzr\u00e4ume zur Verf\u00fcgung, einer davon ist wie ein kleiner Schockraum ausgestattet. Hier ist sogar eine Beatmung m\u00f6glich. \u201eWir haben hier alles, was es drau\u00dfen auch gibt, bis hin zu Herzinfarkten und Schlaganf\u00e4llen\u201c, sagt Juliane Tiedemann. In den vergangenen Jahren aber habe man alle Patienten lebend vom Platz bekommen. Wer hier nicht ausreichend versorgt werden kann, wird ins Krankenhaus gefahren und dort weiterbehandelt. Und wer nur ein bisschen aufgep\u00e4ppelt werden muss, findet sich auf einem Feldbett in einem der Ruher\u00e4ume wieder. <\/p>\n<p>  Campingg\u00e4ste kommen r\u00fcber zur Wasenwache <\/p>\n<p>Dazu gibt es einen Lageraum und eine kleine Einsatzzentrale mit gro\u00dfen Monitoren und Verbindung zur Leitstelle der Stadt. Und zudem einen kleinen Ableger, die sogenannte Neckarwache in einigen Containern hinter den Bierzelten, damit der Platz gut abgedeckt ist. Schlie\u00dflich muss es im Ernstfall schnell gehen.<\/p>\n<p>Bisweilen wird es auch mal kurios. Denn nicht nur Besucher und Schausteller wollen versorgt werden, sondern bisweilen auch Zaung\u00e4ste. \u201eDie Leute auf dem <a href=\"https:\/\/www.stuttgarter-nachrichten.de\/thema\/Campingplatz\" target=\"_blank\" rel=\"nofollow noopener\">Campingplatz<\/a> nebenan sehen unsere Fahne auch\u201c, sagt Juliane Tiedemann und schmunzelt. Da k\u00f6nne es schon mal sein, dass einer vorbeikomme, weil er schon seit ein paar Tagen Bauchschmerzen hat. Ob man solche Patienten behandelt oder zu einem Arzt schickt, h\u00e4ngt auch ein bisschen von der aktuellen Lage ab.<\/p>\n<p>Die bleibt an diesem Tag ruhig, trotz des Fu\u00dfballspiels. Nur acht Patienten werden bis nachts behandelt. Doch Ruhe kann auch tr\u00fcgerisch sein. Ein <a href=\"https:\/\/www.stuttgarter-nachrichten.de\/inhalt.polizeieinsatz-auf-dem-stuttgarter-fruehlingsfest-mann-mit-machete-auf-dem-wasen-festgenommen.d07ed832-46f1-4436-86a9-fb0ccf64f3a3.html\" target=\"_blank\" rel=\"nofollow noopener\">Mann mit einer Machete <\/a>auf dem Platz, <a href=\"https:\/\/www.stuttgarter-nachrichten.de\/inhalt.feuer-auf-dem-festgelaende-wohnwagen-brennt-auf-cannstatter-wasen-zwei-hunde-sterben.f01d3f90-9c88-4d82-9e28-49120f9e4685.html\" target=\"_blank\" rel=\"nofollow noopener\">ein Wohnwagenbrand<\/a>, eine <a href=\"https:\/\/www.stuttgarter-nachrichten.de\/inhalt.cannstatter-volksfest-schausteller-klagen-nach-auseinandersetzung-ueber-polizeigewalt.4e8998af-e924-492d-a5e7-345c38d06104.html\" target=\"_blank\" rel=\"nofollow noopener\">Schl\u00e4gerei in einem Festzelt<\/a>, alles schon da gewesen. \u201eMan muss sich dar\u00fcber klar sein, dass die Situation jederzeit umschlagen kann\u201c, wei\u00df Bosse. Und manchmal ist es auch nur ein Labello, der pl\u00f6tzlich zum gef\u00e4hrlichen Geschoss wird.<\/p>\n","protected":false},"excerpt":{"rendered":"Um die Besucher des Stuttgarter Fr\u00fchlingsfests zu versorgen, sind Hunderte Retter des DRK im Einsatz \u2013 die meisten&hellip;\n","protected":false},"author":2,"featured_media":973508,"comment_status":"","ping_status":"","sticky":false,"template":"","format":"standard","meta":{"footnotes":"","_share_on_mastodon":"0"},"categories":[1830],"tags":[12718,4657,1634,4742,3364,10091,29,30,1441,5251,4741,5329],"class_list":["post-973507","post","type-post","status-publish","format-standard","has-post-thumbnail","category-stuttgart","tag-drk","tag-stadtreporter","tag-baden-wuerttemberg","tag-cannstatter-wasen","tag-de","tag-deutsches-rotes-kreuz","tag-deutschland","tag-germany","tag-stuttgart","tag-stuttgart-bad-cannstatt","tag-stuttgarter-fruehlingsfest","tag-video"],"share_on_mastodon":{"url":"https:\/\/pubeurope.com\/@de\/116469089343267368","error":""},"_links":{"self":[{"href":"https:\/\/www.europesays.com\/de\/wp-json\/wp\/v2\/posts\/973507","targetHints":{"allow":["GET"]}}],"collection":[{"href":"https:\/\/www.europesays.com\/de\/wp-json\/wp\/v2\/posts"}],"about":[{"href":"https:\/\/www.europesays.com\/de\/wp-json\/wp\/v2\/types\/post"}],"author":[{"embeddable":true,"href":"https:\/\/www.europesays.com\/de\/wp-json\/wp\/v2\/users\/2"}],"replies":[{"embeddable":true,"href":"https:\/\/www.europesays.com\/de\/wp-json\/wp\/v2\/comments?post=973507"}],"version-history":[{"count":0,"href":"https:\/\/www.europesays.com\/de\/wp-json\/wp\/v2\/posts\/973507\/revisions"}],"wp:featuredmedia":[{"embeddable":true,"href":"https:\/\/www.europesays.com\/de\/wp-json\/wp\/v2\/media\/973508"}],"wp:attachment":[{"href":"https:\/\/www.europesays.com\/de\/wp-json\/wp\/v2\/media?parent=973507"}],"wp:term":[{"taxonomy":"category","embeddable":true,"href":"https:\/\/www.europesays.com\/de\/wp-json\/wp\/v2\/categories?post=973507"},{"taxonomy":"post_tag","embeddable":true,"href":"https:\/\/www.europesays.com\/de\/wp-json\/wp\/v2\/tags?post=973507"}],"curies":[{"name":"wp","href":"https:\/\/api.w.org\/{rel}","templated":true}]}}