{"id":973675,"date":"2026-04-26T06:06:32","date_gmt":"2026-04-26T06:06:32","guid":{"rendered":"https:\/\/www.europesays.com\/de\/973675\/"},"modified":"2026-04-26T06:06:32","modified_gmt":"2026-04-26T06:06:32","slug":"1-fc-koeln-bayer-leverkusen-12","status":"publish","type":"post","link":"https:\/\/www.europesays.com\/de\/973675\/","title":{"rendered":"1. FC K\u00f6ln &#8211; Bayer Leverkusen 1:2"},"content":{"rendered":"<p class=\"small date article__date\">Ver\u00f6ffentlicht:\u00a0Samstag, 25.04.2026 10:05<\/p>\n<p>Der 1. FC K\u00f6ln empf\u00e4ngt am Nachmittag den eher ungeliebten Nachbarn Bayer Leverkusen. Wir \u00fcbertragen live hier bei Radio K\u00f6ln!<\/p>\n<p><img decoding=\"async\" alt=\"\" src=\"https:\/\/www.europesays.com\/de\/wp-content\/uploads\/2026\/04\/fc---leverkusen.png&#038;resize=1280x800&#038;dt=202403031041330.png\" data-size=\"1280x800\"\/>\u00a9 Radio K\u00f6ln<\/p>\n<p>Geographisch liegt zwischen beiden Vereinen nur eine Stadtgrenze. In der Bundesligatabelle sind es immerhin f\u00fcnf Pl\u00e4tze. Der Effzeh geht dabei als Au\u00dfenseiter ins Duell. Verzichten muss Wagner auf St\u00fcrmer Ragnar Ache, der wegen einer Muskelverletzung bis Saisonende ausf\u00e4llt. Anpfiff im ausverkauften RheinEnergieStadion war um 15.30 Uhr. <\/p>\n<p>ENDSTAND: 1.FC K\u00f6ln &#8211; Bayer Leverkusen 1:2<\/p>\n<p>0:1 Schick 43&#8242; (Elfmeter)<\/p>\n<p>0:2 Schick 52&#8242;<\/p>\n<p>1:2 Waldschmidt 78&#8242;<\/p>\n<p>(GO|DD)<\/p>\n","protected":false},"excerpt":{"rendered":"Ver\u00f6ffentlicht:\u00a0Samstag, 25.04.2026 10:05 Der 1. FC K\u00f6ln empf\u00e4ngt am Nachmittag den eher ungeliebten Nachbarn Bayer Leverkusen. Wir \u00fcbertragen&hellip;\n","protected":false},"author":2,"featured_media":973676,"comment_status":"","ping_status":"","sticky":false,"template":"","format":"standard","meta":{"footnotes":"","_share_on_mastodon":"0"},"categories":[1772],"tags":[7767,29,25655,214,30,1779,810,215],"class_list":["post-973675","post","type-post","status-publish","format-standard","has-post-thumbnail","category-musik","tag-1-fc-kln","tag-deutschland","tag-effzeh","tag-entertainment","tag-germany","tag-music","tag-musik","tag-unterhaltung"],"share_on_mastodon":{"url":"https:\/\/pubeurope.com\/@de\/116469510291400046","error":""},"_links":{"self":[{"href":"https:\/\/www.europesays.com\/de\/wp-json\/wp\/v2\/posts\/973675","targetHints":{"allow":["GET"]}}],"collection":[{"href":"https:\/\/www.europesays.com\/de\/wp-json\/wp\/v2\/posts"}],"about":[{"href":"https:\/\/www.europesays.com\/de\/wp-json\/wp\/v2\/types\/post"}],"author":[{"embeddable":true,"href":"https:\/\/www.europesays.com\/de\/wp-json\/wp\/v2\/users\/2"}],"replies":[{"embeddable":true,"href":"https:\/\/www.europesays.com\/de\/wp-json\/wp\/v2\/comments?post=973675"}],"version-history":[{"count":0,"href":"https:\/\/www.europesays.com\/de\/wp-json\/wp\/v2\/posts\/973675\/revisions"}],"wp:featuredmedia":[{"embeddable":true,"href":"https:\/\/www.europesays.com\/de\/wp-json\/wp\/v2\/media\/973676"}],"wp:attachment":[{"href":"https:\/\/www.europesays.com\/de\/wp-json\/wp\/v2\/media?parent=973675"}],"wp:term":[{"taxonomy":"category","embeddable":true,"href":"https:\/\/www.europesays.com\/de\/wp-json\/wp\/v2\/categories?post=973675"},{"taxonomy":"post_tag","embeddable":true,"href":"https:\/\/www.europesays.com\/de\/wp-json\/wp\/v2\/tags?post=973675"}],"curies":[{"name":"wp","href":"https:\/\/api.w.org\/{rel}","templated":true}]}}