{"id":973693,"date":"2026-04-26T06:17:15","date_gmt":"2026-04-26T06:17:15","guid":{"rendered":"https:\/\/www.europesays.com\/de\/973693\/"},"modified":"2026-04-26T06:17:15","modified_gmt":"2026-04-26T06:17:15","slug":"aachen-motorradfahrer-stirbt-nach-kollision-mit-auto","status":"publish","type":"post","link":"https:\/\/www.europesays.com\/de\/973693\/","title":{"rendered":"Aachen: Motorradfahrer stirbt nach Kollision mit Auto"},"content":{"rendered":"<p>T\u00f6dlicher Unfall in W\u00fcrselen <\/p>\n<p>Motorradfahrer stirbt nach Kollision mit Auto<\/p>\n<p>26.04.2026 &#8211; 07:17 UhrLesedauer: 1 Min.<\/p>\n<p><a href=\"#focus-0\" class=\"transition-colors duration-200 block text-current relative\" data-sctrack=\"FocusGalleryImage.Reference\"><img fetchpriority=\"high\" data-testid=\"Opener.Image\" style=\"--lqipURL:url('https:\/\/images.t-online.de\/2026\/04\/Fi6pC7bAfAg9\/0x75:800x450\/fit-in\/150x0\/filters:blur(25)\/image.jpg')\"   loading=\"eager\" src=\"https:\/\/www.europesays.com\/de\/wp-content\/uploads\/2026\/04\/1777184235_465_image.jpg\" alt=\"urn:newsml:dpa.com:20090101:260426-935-1302944\" title=\"urn:newsml:dpa.com:20090101:260426-935-1302944\" width=\"800\" height=\"450\" class=\"bg-[url:var(--lqipURL)] bg-cover bg-center flex h-full w-full max-w-full\" decoding=\"async\"\/><img style=\"--width:32;--height:32\" loading=\"lazy\" src=\"https:\/\/aachen.t-online.de\/s\/paper\/_next\/static\/media\/zoom-in.f7dae02f.svg\" alt=\"Vergr\u00f6\u00dfern des Bildes\" title=\"Vergr\u00f6\u00dfern des Bildes\" class=\"block h-[calc(var(--height)_\/_16_*_1rem)] w-[calc(var(--width)_\/_16_*_1rem)] max-w-none absolute bottom-8 right-8 rounded-4 bg-snow p-8\" decoding=\"async\"\/><\/a><\/p>\n<p>Ein Rettungswagen (Symbolbild): In der Region Aachen kam es am Samstagabend zu einem Unfall. Ein Motorradfahre starb noch an der Unfallstelle. (Quelle: Jens B\u00fcttner\/dpa)<\/p>\n<p class=\"font-bold text-18 leading-17 user-text-lg:text-22 user-text-xl:text-24\">In der Region Aachen krachen zwei Fahrzeuge ineinander. Ein junger Zweiradfahrer \u00fcberlebt den Unfall nicht.<\/p>\n<p class=\"text-18 leading-17 user-text-lg:text-22 user-text-xl:text-24\">In W\u00fcrselen ist am Samstagabend ein Motorradfahrer bei einem Verkehrsunfall ums Leben gekommen. Das teilte die Polizei Aachen mit.<\/p>\n<p class=\"text-18 leading-17 user-text-lg:text-22 user-text-xl:text-24\">Der Unfall ereignete sich demnach gegen 19.05 Uhr auf der Krefelder Stra\u00dfe. Nach derzeitigen Erkenntnissen der Polizei war der 26-J\u00e4hrige aus Alsdorf aus Richtung Aachen kommend in Richtung Alsdorf unterwegs. Kurz vor der Kreuzung Krefelder Stra\u00dfe\/Honigmannstra\u00dfe sei es aus bislang ungekl\u00e4rter Ursache zu einem Zusammensto\u00df mit einem 60-j\u00e4hrigen Autofahrer aus W\u00fcrselen gekommen.<\/p>\n<p class=\"text-18 leading-17 user-text-lg:text-22 user-text-xl:text-24\">Der Motorradfahrer verstarb trotz Rettungsma\u00dfnahmen noch an der Unfallstelle. Der Autofahrer wurde schwer verletzt. Er kam mit einem Rettungswagen in ein Krankenhaus. Die Polizei sperrte die Krefelder Stra\u00dfe im Unfallbereich. Ein Verkehrsunfallaufnahmeteam der Polizei NRW war im Einsatz. Das Verkehrskommissariat hat die Ermittlungen aufgenommen.<\/p>\n","protected":false},"excerpt":{"rendered":"T\u00f6dlicher Unfall in W\u00fcrselen Motorradfahrer stirbt nach Kollision mit Auto 26.04.2026 &#8211; 07:17 UhrLesedauer: 1 Min. Ein Rettungswagen&hellip;\n","protected":false},"author":2,"featured_media":973694,"comment_status":"","ping_status":"","sticky":false,"template":"","format":"standard","meta":{"footnotes":"","_share_on_mastodon":"0"},"categories":[1853],"tags":[722,17161,1424,18026,513,3364,29,548,663,3934,514,30,13,4905,89685,14,15,1209,176,121,5989,12,1284,3793,30436],"class_list":["post-973693","post","type-post","status-publish","format-standard","has-post-thumbnail","category-aachen","tag-722","tag-17161","tag-aachen","tag-alsdorf","tag-auto","tag-de","tag-deutschland","tag-eu","tag-europa","tag-europe","tag-fahrzeug","tag-germany","tag-headlines","tag-kollision","tag-krefelder-strasse","tag-nachrichten","tag-news","tag-nordrhein-westfalen","tag-nrw","tag-polizei","tag-rettungswagen","tag-schlagzeilen","tag-unfall","tag-unfallstelle","tag-wuerselen"],"share_on_mastodon":{"url":"https:\/\/pubeurope.com\/@de\/116469553704171377","error":""},"_links":{"self":[{"href":"https:\/\/www.europesays.com\/de\/wp-json\/wp\/v2\/posts\/973693","targetHints":{"allow":["GET"]}}],"collection":[{"href":"https:\/\/www.europesays.com\/de\/wp-json\/wp\/v2\/posts"}],"about":[{"href":"https:\/\/www.europesays.com\/de\/wp-json\/wp\/v2\/types\/post"}],"author":[{"embeddable":true,"href":"https:\/\/www.europesays.com\/de\/wp-json\/wp\/v2\/users\/2"}],"replies":[{"embeddable":true,"href":"https:\/\/www.europesays.com\/de\/wp-json\/wp\/v2\/comments?post=973693"}],"version-history":[{"count":0,"href":"https:\/\/www.europesays.com\/de\/wp-json\/wp\/v2\/posts\/973693\/revisions"}],"wp:featuredmedia":[{"embeddable":true,"href":"https:\/\/www.europesays.com\/de\/wp-json\/wp\/v2\/media\/973694"}],"wp:attachment":[{"href":"https:\/\/www.europesays.com\/de\/wp-json\/wp\/v2\/media?parent=973693"}],"wp:term":[{"taxonomy":"category","embeddable":true,"href":"https:\/\/www.europesays.com\/de\/wp-json\/wp\/v2\/categories?post=973693"},{"taxonomy":"post_tag","embeddable":true,"href":"https:\/\/www.europesays.com\/de\/wp-json\/wp\/v2\/tags?post=973693"}],"curies":[{"name":"wp","href":"https:\/\/api.w.org\/{rel}","templated":true}]}}