{"id":973788,"date":"2026-04-26T07:23:16","date_gmt":"2026-04-26T07:23:16","guid":{"rendered":"https:\/\/www.europesays.com\/de\/973788\/"},"modified":"2026-04-26T07:23:16","modified_gmt":"2026-04-26T07:23:16","slug":"fotogalerie-zu-tsv-1860-muenchen","status":"publish","type":"post","link":"https:\/\/www.europesays.com\/de\/973788\/","title":{"rendered":"Fotogalerie zu TSV 1860 M\u00fcnchen"},"content":{"rendered":"<p>Nach sechs sieglosen Spielen in Folge gab es f\u00fcr die L\u00f6wen im Duell mit den abstiegsbedrohten Spatzen endlich wieder einen Dreier. Bei herrlichen \u00e4u\u00dferlichen Bedingungen fielen alle Tore in der Schlussphase. In unserer Fotogalerie pr\u00e4sentieren wir Euch die sch\u00f6nsten Impressionen vom <a href=\"https:\/\/sechzger.de\/sommerfussball-in-giesing-tsv-1860-schlaegt-ssv-ulm-1846\/\" rel=\"nofollow noopener\" target=\"_blank\">Heimsieg<\/a> des TSV 1860 M\u00fcnchen gegen den SSV Ulm 1846.<\/p>\n<p><strong>Fotogalerie zu TSV 1860 M\u00fcnchen \u2013 SSV Ulm 1846<\/strong><\/p>\n<p>Zum Vergr\u00f6\u00dfern der Fotos bitte auf das jeweilige Vorschaubild klicken; die Aufnahmen werden dann auch sch\u00e4rfer dargestellt.<\/p>\n<p>Videos rund um die L\u00f6wen<strong><br \/><\/strong><\/p>\n<p>Bewegtbilder rund um den TSV 1860 findet Ihr auf dem\u00a0<a href=\"https:\/\/www.youtube.com\/@sechzgerde\" target=\"_blank\" rel=\"noopener nofollow\">sechzger.de YouTube-Kanal<\/a>. Einfach abonnieren und immer auf dem neuesten Stand bleiben. Dar\u00fcber hinaus k\u00f6nnt Ihr uns auch auf\u00a0<a href=\"https:\/\/www.instagram.com\/sechzger.de\/\" target=\"_blank\" rel=\"noopener nofollow\">Instagram<\/a>\u00a0oder mittels der sechzger.de App (Android &amp; iOS) folgen!<\/p>\n<p>\u00a0<\/p>\n<p><img loading=\"lazy\" decoding=\"async\" data-no-lazy=\"1\" class=\"no-lazy-load pxe-vgw-pixel\" src=\"https:\/\/www.europesays.com\/de\/wp-content\/uploads\/2026\/04\/021619241a8341db9d5d85624d785276.gif\" alt=\"\" style=\"display:none\" width=\"1\" height=\"1\"\/><\/p>\n<p>&#13;<br \/>\n                    0&#13;<br \/>\n                    0&#13;<br \/>\n                    votes<\/p>\n<p>Artikelbewertung<\/p>\n<p>                <script async src=\"\/\/www.instagram.com\/embed.js\"><\/script><\/p>\n","protected":false},"excerpt":{"rendered":"Nach sechs sieglosen Spielen in Folge gab es f\u00fcr die L\u00f6wen im Duell mit den abstiegsbedrohten Spatzen endlich&hellip;\n","protected":false},"author":2,"featured_media":973789,"comment_status":"","ping_status":"","sticky":false,"template":"","format":"standard","meta":{"footnotes":"","_share_on_mastodon":"0"},"categories":[1827],"tags":[23228,772,29,23318,30,1268,12755],"class_list":["post-973788","post","type-post","status-publish","format-standard","has-post-thumbnail","category-muenchen","tag-23228","tag-bayern","tag-deutschland","tag-fotogalerie","tag-germany","tag-muenchen","tag-ulm"],"share_on_mastodon":{"url":"https:\/\/pubeurope.com\/@de\/116469813079615236","error":""},"_links":{"self":[{"href":"https:\/\/www.europesays.com\/de\/wp-json\/wp\/v2\/posts\/973788","targetHints":{"allow":["GET"]}}],"collection":[{"href":"https:\/\/www.europesays.com\/de\/wp-json\/wp\/v2\/posts"}],"about":[{"href":"https:\/\/www.europesays.com\/de\/wp-json\/wp\/v2\/types\/post"}],"author":[{"embeddable":true,"href":"https:\/\/www.europesays.com\/de\/wp-json\/wp\/v2\/users\/2"}],"replies":[{"embeddable":true,"href":"https:\/\/www.europesays.com\/de\/wp-json\/wp\/v2\/comments?post=973788"}],"version-history":[{"count":0,"href":"https:\/\/www.europesays.com\/de\/wp-json\/wp\/v2\/posts\/973788\/revisions"}],"wp:featuredmedia":[{"embeddable":true,"href":"https:\/\/www.europesays.com\/de\/wp-json\/wp\/v2\/media\/973789"}],"wp:attachment":[{"href":"https:\/\/www.europesays.com\/de\/wp-json\/wp\/v2\/media?parent=973788"}],"wp:term":[{"taxonomy":"category","embeddable":true,"href":"https:\/\/www.europesays.com\/de\/wp-json\/wp\/v2\/categories?post=973788"},{"taxonomy":"post_tag","embeddable":true,"href":"https:\/\/www.europesays.com\/de\/wp-json\/wp\/v2\/tags?post=973788"}],"curies":[{"name":"wp","href":"https:\/\/api.w.org\/{rel}","templated":true}]}}