{"id":973901,"date":"2026-04-26T08:33:29","date_gmt":"2026-04-26T08:33:29","guid":{"rendered":"https:\/\/www.europesays.com\/de\/973901\/"},"modified":"2026-04-26T08:33:29","modified_gmt":"2026-04-26T08:33:29","slug":"auto-konflikte-in-dortmund-hupen-knoellchen-und-parkkrallen","status":"publish","type":"post","link":"https:\/\/www.europesays.com\/de\/973901\/","title":{"rendered":"Auto-Konflikte in Dortmund: Hupen, Kn\u00f6llchen und Parkkrallen"},"content":{"rendered":"<p>\t\tImmer \u00c4rger mit dem Auto<br \/>\n\t\t\t\t\tKuriose Konflikte um Dortmunds \u00f6ffentlichen Raum<\/p>\n<p>\t\t<img alt=\"\" src=\"https:\/\/www.europesays.com\/de\/wp-content\/uploads\/2026\/04\/630_0036_356052_.jpg\"  class=\"avatar avatar-36 photo avatar-default\" height=\"36\" width=\"36\" loading=\"eager\" decoding=\"async\"\/>\t\t<a class=\"article-author__name\" href=\"https:\/\/www.ruhrnachrichten.de\/author\/bastian-pietsch\/\" rel=\"author nofollow noopener\" target=\"_blank\">Bastian Pietsch<\/a><br \/>\n\t\tRedakteur<\/p>\n<p>    <a href=\"https:\/\/www.ruhrnachrichten.de\/wp-content\/uploads\/2026\/04\/24\/15\/630_0900_6108519_-1648x824.jpg\" rel=\"nofollow noopener\" target=\"_blank\"><\/p>\n<p>            <img loading=\"lazy\" decoding=\"async\" src=\"https:\/\/www.europesays.com\/de\/wp-content\/uploads\/2026\/04\/630_0900_6108518_-640x428.jpg\" width=\"640\" height=\"428\"  alt=\"Uwe Kisker am Steuer seines Autos\"\/><\/p>\n<p>    <\/a><br \/>\n    Uwe Kisker wollte, so wie er sagt, eigentlich nur eine Katze warnen. \u00a9 Sophia Varga<\/p>\n<p class=\"article__teaser-text\">Verkehrst\u00fcchtige Einsichten \u00fcber eine Katze, die vielleicht keine war. Kn\u00f6llchen, die nachts kommen. Und eine Parkkralle als Botschaft.<\/p>\n<p>3 Min Lesezeit<\/p>\n<p>\u201eAuto-Tetris\u201cKralle zum Spieltag<\/p>\n","protected":false},"excerpt":{"rendered":"Immer \u00c4rger mit dem Auto Kuriose Konflikte um Dortmunds \u00f6ffentlichen Raum Bastian Pietsch Redakteur Uwe Kisker wollte, so&hellip;\n","protected":false},"author":2,"featured_media":973902,"comment_status":"","ping_status":"","sticky":false,"template":"","format":"standard","meta":{"footnotes":"","_share_on_mastodon":"0"},"categories":[1833],"tags":[22083,3364,29,217,30,1209,3587],"class_list":["post-973901","post","type-post","status-publish","format-standard","has-post-thumbnail","category-dortmund","tag-alltag","tag-de","tag-deutschland","tag-dortmund","tag-germany","tag-nordrhein-westfalen","tag-verkehr-mobilitaet"],"share_on_mastodon":{"url":"https:\/\/pubeurope.com\/@de\/116470088580983921","error":""},"_links":{"self":[{"href":"https:\/\/www.europesays.com\/de\/wp-json\/wp\/v2\/posts\/973901","targetHints":{"allow":["GET"]}}],"collection":[{"href":"https:\/\/www.europesays.com\/de\/wp-json\/wp\/v2\/posts"}],"about":[{"href":"https:\/\/www.europesays.com\/de\/wp-json\/wp\/v2\/types\/post"}],"author":[{"embeddable":true,"href":"https:\/\/www.europesays.com\/de\/wp-json\/wp\/v2\/users\/2"}],"replies":[{"embeddable":true,"href":"https:\/\/www.europesays.com\/de\/wp-json\/wp\/v2\/comments?post=973901"}],"version-history":[{"count":0,"href":"https:\/\/www.europesays.com\/de\/wp-json\/wp\/v2\/posts\/973901\/revisions"}],"wp:featuredmedia":[{"embeddable":true,"href":"https:\/\/www.europesays.com\/de\/wp-json\/wp\/v2\/media\/973902"}],"wp:attachment":[{"href":"https:\/\/www.europesays.com\/de\/wp-json\/wp\/v2\/media?parent=973901"}],"wp:term":[{"taxonomy":"category","embeddable":true,"href":"https:\/\/www.europesays.com\/de\/wp-json\/wp\/v2\/categories?post=973901"},{"taxonomy":"post_tag","embeddable":true,"href":"https:\/\/www.europesays.com\/de\/wp-json\/wp\/v2\/tags?post=973901"}],"curies":[{"name":"wp","href":"https:\/\/api.w.org\/{rel}","templated":true}]}}