{"id":973997,"date":"2026-04-26T09:34:22","date_gmt":"2026-04-26T09:34:22","guid":{"rendered":"https:\/\/www.europesays.com\/de\/973997\/"},"modified":"2026-04-26T09:34:22","modified_gmt":"2026-04-26T09:34:22","slug":"ukraine-krieg-aktuell-selenskyj-wirft-russland-nuklearen-terrorismus-vor","status":"publish","type":"post","link":"https:\/\/www.europesays.com\/de\/973997\/","title":{"rendered":"Ukraine-Krieg aktuell: Selenskyj wirft Russland &#8222;nuklearen Terrorismus&#8220; vor"},"content":{"rendered":"<p>Newsblog zum Krieg in der Ukraine <\/p>\n<p>Selenskyj wirft Russland &#8222;nuklearen Terrorismus&#8220; vor<\/p>\n<p>Aktualisiert am 26.04.2026 &#8211; 11:21 UhrLesedauer: 23 Min.<\/p>\n<p><a href=\"#focus-0\" class=\"transition-colors duration-200 block text-current relative\" data-sctrack=\"FocusGalleryImage.Reference\"><img fetchpriority=\"high\" data-testid=\"Opener.Image\" style=\"--lqipURL:url('https:\/\/images.t-online.de\/2026\/04\/s2b8bqAccqyt\/0x107:2048x1152\/fit-in\/150x0\/filters:blur(25)\/der-ukrainische-praesident-wolodymyr-selenskyj-hat-gute-neuigkeiten-fuer-die-eu.jpg')\"   loading=\"eager\" src=\"https:\/\/www.europesays.com\/de\/wp-content\/uploads\/2026\/04\/der-ukrainische-praesident-wolodymyr-selenskyj-hat-gute-neuigkeiten-fuer-die-eu.jpg\" alt=\"Der ukrainische Pr\u00e4sident Wolodymyr Selenskyj hat gute Neuigkeiten f\u00fcr die EU.\" title=\"Der ukrainische Pr\u00e4sident Wolodymyr Selenskyj hat gute Neuigkeiten f\u00fcr die EU.\" width=\"2048\" height=\"1152\" class=\"bg-[url:var(--lqipURL)] bg-cover bg-center flex h-full w-full max-w-full\" decoding=\"async\"\/><img style=\"--width:32;--height:32\" loading=\"lazy\" src=\"https:\/\/www.t-online.de\/s\/paper\/_next\/static\/media\/zoom-in.f7dae02f.svg\" alt=\"Vergr\u00f6\u00dfern des Bildes\" title=\"Vergr\u00f6\u00dfern des Bildes\" class=\"block h-[calc(var(--height)_\/_16_*_1rem)] w-[calc(var(--width)_\/_16_*_1rem)] max-w-none absolute bottom-8 right-8 rounded-4 bg-snow p-8\" decoding=\"async\"\/><\/a><\/p>\n<p>Wolodymyr Selenskyj (Archivbild): Mit dem Einmarsch in die Ukraine habe Russland &#8222;die Welt erneut an den Rand einer menschengemachten Katastrophe&#8220; gebracht (Quelle: Michael Kappeler\/dpa\/dpa-bilder)<\/p>\n<p class=\"text-center\">Jetzt neu bei t-online:<\/p>\n<p class=\"text-center\">Schriftgr\u00f6\u00dfe anpassen!<\/p>\n<p><img style=\"--width:16;--height:16\" loading=\"lazy\" src=\"https:\/\/www.t-online.de\/s\/paper\/_next\/static\/media\/font-sizes.32942e33.svg\" alt=\"\" title=\"\" class=\"block h-[calc(var(--height)_\/_16_*_1rem)] w-[calc(var(--width)_\/_16_*_1rem)] max-w-none group-hover:hidden group-aria-expanded:hidden\" decoding=\"async\"\/><img style=\"--width:16;--height:16\" loading=\"lazy\" src=\"https:\/\/www.t-online.de\/s\/paper\/_next\/static\/media\/font-sizes-dark-mode.e382645c.svg\" alt=\"\" title=\"\" class=\"block h-[calc(var(--height)_\/_16_*_1rem)] w-[calc(var(--width)_\/_16_*_1rem)] max-w-none hidden group-hover:block group-aria-expanded:block\" decoding=\"async\"\/><img style=\"--width:16;--height:16\" loading=\"lazy\" src=\"https:\/\/www.t-online.de\/s\/paper\/_next\/static\/media\/sharing-menu-icon.1eb71368.svg\" alt=\"\" title=\"\" class=\"block h-[calc(var(--height)_\/_16_*_1rem)] w-[calc(var(--width)_\/_16_*_1rem)] max-w-none group-hover:brightness-0 group-hover:invert\" decoding=\"async\"\/>Artikel teilen<\/p>\n<p class=\"font-bold text-18 leading-17 user-text-lg:text-22 user-text-xl:text-24\">Auf der von Russland annektierten ukrainischen Halbinsel Krim hat die Ukraine mit Drohnen angegriffen. Selenskyj wirft Russland &#8222;nuklearen Terrorismus&#8220; vor. Alle Entwicklungen im Newsblog.<\/p>\n<p>Selenskyj wirft Russland &#8222;nuklearen Terrorismus&#8220; vor<\/p>\n<p class=\"text-18 leading-17 user-text-lg:text-22 user-text-xl:text-24\">Der ukrainische Pr\u00e4sident <a class=\"transition-colors duration-200 cursor-pointer text-inherit no-underline text-salemsfur md:hover:text-magenta md:hover:border-magenta md:focus:text-magenta border-current border-b border-solid break-words\" data-tracking=\"{&quot;action&quot;:&quot;click&quot;,&quot;category&quot;:&quot;intextLink&quot;,&quot;label&quot;:&quot;\/themen\/wolodymyr-selenskyj\/&quot;}\" href=\"https:\/\/www.t-online.de\/themen\/wolodymyr-selenskyj\/\" data-sctrack=\"BodyAnchor\" rel=\"nofollow noopener\" target=\"_blank\">Wolodymyr Selenskyj<\/a> hat <a class=\"transition-colors duration-200 cursor-pointer text-inherit no-underline text-salemsfur md:hover:text-magenta md:hover:border-magenta md:focus:text-magenta border-current border-b border-solid break-words\" data-tracking=\"{&quot;action&quot;:&quot;click&quot;,&quot;category&quot;:&quot;intextLink&quot;,&quot;label&quot;:&quot;\/themen\/russland\/&quot;}\" href=\"https:\/\/www.t-online.de\/themen\/russland\/\" data-sctrack=\"BodyAnchor\" rel=\"nofollow noopener\" target=\"_blank\">Russland<\/a> am 40. Jahrestag der Reaktorkatastrophe von <a class=\"transition-colors duration-200 cursor-pointer text-inherit no-underline text-salemsfur md:hover:text-magenta md:hover:border-magenta md:focus:text-magenta border-current border-b border-solid break-words\" data-tracking=\"{&quot;action&quot;:&quot;click&quot;,&quot;category&quot;:&quot;intextLink&quot;,&quot;label&quot;:&quot;\/themen\/tschernobyl\/&quot;}\" href=\"https:\/\/www.t-online.de\/themen\/tschernobyl\/\" data-sctrack=\"BodyAnchor\" rel=\"nofollow noopener\" target=\"_blank\">Tschernobyl<\/a> vor dem Hintergrund des russischen Angriffskrieges &#8222;nuklearen Terrorismus&#8220; vorgeworfen. Mit dem Einmarsch in die <a class=\"transition-colors duration-200 cursor-pointer text-inherit no-underline text-salemsfur md:hover:text-magenta md:hover:border-magenta md:focus:text-magenta border-current border-b border-solid break-words\" data-tracking=\"{&quot;action&quot;:&quot;click&quot;,&quot;category&quot;:&quot;intextLink&quot;,&quot;label&quot;:&quot;\/themen\/ukraine\/&quot;}\" href=\"https:\/\/www.t-online.de\/themen\/ukraine\/\" data-sctrack=\"BodyAnchor\" rel=\"nofollow noopener\" target=\"_blank\">Ukraine<\/a> im Februar 2022 habe Russland &#8222;die Welt erneut an den Rand einer menschengemachten Katastrophe&#8220; gebracht, erkl\u00e4rte Selenskyj am Sonntag in einem Onlinedienst. Russische Drohnen fl\u00f6gen immer wieder \u00fcber Tschernobyl hinweg; eine habe im vergangenen die Schutzh\u00fclle getroffen.<\/p>\n<p class=\"text-18 leading-17 user-text-lg:text-22 user-text-xl:text-24\">&#8222;Die Welt darf diesen nuklearen <a class=\"transition-colors duration-200 cursor-pointer text-inherit no-underline text-salemsfur md:hover:text-magenta md:hover:border-magenta md:focus:text-magenta border-current border-b border-solid break-words\" data-tracking=\"{&quot;action&quot;:&quot;click&quot;,&quot;category&quot;:&quot;intextLink&quot;,&quot;label&quot;:&quot;\/themen\/terrorismus\/&quot;}\" href=\"https:\/\/www.t-online.de\/themen\/terrorismus\/\" data-sctrack=\"BodyAnchor\" rel=\"nofollow noopener\" target=\"_blank\">Terrorismus<\/a> nicht weiter zulassen&#8220;, betonte Selenskyj. &#8222;Der beste Weg ist, Russland zu zwingen, seine r\u00fccksichtslosen Angriffe zu beenden&#8220;, f\u00fcgte er hinzu.<\/p>\n<p>Russische Beh\u00f6rden: Toter und Verletzte durch ukrainische Drohnen in Sewastopol<\/p>\n<p class=\"text-18 leading-17 user-text-lg:text-22 user-text-xl:text-24\">In Sewastopol auf der von Russland annektierten Halbinsel Krim hat eine ukrainische Drohne nach Beh\u00f6rdenangaben einen Mann get\u00f6tet und drei weitere Menschen verletzt. Insgesamt seien 43 Drohnen abgeschossen worden, erkl\u00e4rte der von den russischen Beh\u00f6rden eingesetzte Gouverneur Michail Raswoshajew am Sonntag im Onlinedienst Telegram. Bei dem Todesopfer handelte es sich demnach um einen 1983 geborenen Mann, der sich in einem Fahrzeug befunden habe.<\/p>\n<p class=\"text-18 leading-17 user-text-lg:text-22 user-text-xl:text-24\">Dem Gouverneur zufolge wurden bei dem Drohnenangriff in verschiedenen Vierteln der Hafenstadt mehrere Wohnh\u00e4user sowie eine Tanzschule besch\u00e4digt. Sewastopol hat rund eine halbe Million Einwohner und ist Standort eines historischen St\u00fctzpunktes der russischen Schwarzmeerflotte.<\/p>\n<p>Drohnengriff auf der Krim<\/p>\n<p class=\"text-18 leading-17 user-text-lg:text-22 user-text-xl:text-24\">Russland hat \u00fcber der Hafenstadt Sewastopol auf der von Russland annektierten Halbinsel Krim einen ukrainischen Drohnenangriff abgewehrt. Insgesamt sind 43 Drohnen \u00fcber dem Meer und verschiedenen Stadtteilen abgeschossen worden, hat der Gouverneur der Stadt, Michail Raswoschajew, auf Telegram mitgeteilt. Zwei Menschen sind verletzt worden. Eine ukrainische Stellungnahme hat zun\u00e4chst nicht vorgelegen.<\/p>\n<p>Inferno in Russland \u2013 und Putin schweigt<\/p>\n<p class=\"text-18 leading-17 user-text-lg:text-22 user-text-xl:text-24\">In der s\u00fcdrussischen Stadt Tuapse vergiftet schwarzer \u00d6lregen Luft, Wasser und Boden. Russlands Regierung schaut tatenlos zu, w\u00e4hrend Experten von massenhafter Vergiftung warnen. <a class=\"transition-colors duration-200 cursor-pointer text-inherit no-underline text-salemsfur md:hover:text-magenta md:hover:border-magenta md:focus:text-magenta border-current border-b border-solid break-words\" data-tracking=\"{&quot;action&quot;:&quot;click&quot;,&quot;category&quot;:&quot;intextLink&quot;,&quot;label&quot;:&quot;\/nachrichten\/panorama\/gesellschaft\/id_101228826\/inferno-in-russland-oel-vergiftet-ganze-stadt-und-wladimir-putin-schweigt.html&quot;}\" href=\"https:\/\/www.t-online.de\/nachrichten\/panorama\/gesellschaft\/id_101228826\/inferno-in-russland-oel-vergiftet-ganze-stadt-und-wladimir-putin-schweigt.html\" data-sctrack=\"BodyAnchor\" rel=\"nofollow noopener\" target=\"_blank\">Mehr dazu lesen Sie hier<\/a>.<\/p>\n<p>Selenskyj vereinbart R\u00fcstungskooperation mit Aserbaidschan<\/p>\n<p class=\"text-18 leading-17 user-text-lg:text-22 user-text-xl:text-24\">Die Ukraine und Aserbaidschan haben bei einem Besuch von Pr\u00e4sident Wolodymyr Selenskyj in Baku eine engere milit\u00e4rtechnische Zusammenarbeit vereinbart. Sechs Dokumente seien unterzeichnet worden, teilte Selenskyj nach einem Treffen mit dem aserbaidschanischen Staatschef Ilham Aliyev auf dem Portal X mit. &#8222;Der Schl\u00fcssel liegt im R\u00fcstungskomplex \u2013 wir werden unsere Zusammenarbeit ausbauen und vertiefen&#8220;, schrieb er.<\/p>\n<p class=\"text-18 leading-17 user-text-lg:text-22 user-text-xl:text-24\">Details nannte Selenskyj nicht. Er traf aber zu Beginn des Besuchs mit seinen Spezialisten zusammen, die auch in Aserbaidschan die ukrainische Erfahrung im Drohnenkrieg vorstellten. Gest\u00fctzt auf Erfolge bei der Abwehr russischer oder iranischer Drohnen hat Selenskyj bereits milit\u00e4rische Kooperationen mit mehreren Staaten am Persischen Golf und Nahen Osten vereinbart, die vom <a class=\"transition-colors duration-200 cursor-pointer text-inherit no-underline text-salemsfur md:hover:text-magenta md:hover:border-magenta md:focus:text-magenta border-current border-b border-solid break-words\" data-tracking=\"{&quot;action&quot;:&quot;click&quot;,&quot;category&quot;:&quot;intextLink&quot;,&quot;label&quot;:&quot;\/themen\/iran\/&quot;}\" href=\"https:\/\/www.t-online.de\/themen\/iran\/\" data-sctrack=\"BodyAnchor\" rel=\"nofollow noopener\" target=\"_blank\">Iran<\/a> beschossen worden sind.<\/p>\n","protected":false},"excerpt":{"rendered":"Newsblog zum Krieg in der Ukraine Selenskyj wirft Russland &#8222;nuklearen Terrorismus&#8220; vor Aktualisiert am 26.04.2026 &#8211; 11:21 UhrLesedauer:&hellip;\n","protected":false},"author":2,"featured_media":973998,"comment_status":"","ping_status":"","sticky":false,"template":"","format":"standard","meta":{"footnotes":"","_share_on_mastodon":"0"},"categories":[4013],"tags":[132921,1217,326,6079,331,332,2140,4542,30158,6886,1478,514,3006,13,147874,96655,7335,3083,1480,114581,211203,308,14,1159,15,3129,12024,4043,4044,850,307,12,115878,27230,6075,2544,64969,132920,317,312,107],"class_list":["post-973997","post","type-post","status-publish","format-standard","has-post-thumbnail","category-russland","tag-132921","tag-1217","tag-326","tag-6079","tag-aktuelle-nachrichten","tag-aktuelle-news","tag-angriff","tag-aserbaidschan","tag-baku","tag-dnipro","tag-drohne","tag-fahrzeug","tag-halbinsel","tag-headlines","tag-ilham-aliyev","tag-kaspisches-meer","tag-katastrophe","tag-krim","tag-luftwaffe","tag-michail-raswoschajew","tag-michail-raswoshajew","tag-moskau","tag-nachrichten","tag-nato","tag-news","tag-newsblog","tag-rumaenien","tag-russia","tag-russian-federation","tag-russische-foederation","tag-russland","tag-schlagzeilen","tag-schwarzmeerflotte-russland","tag-sewastopol","tag-telegram","tag-terrorismus","tag-tschernobyl","tag-tuapse","tag-ukraine","tag-ukrainekrieg","tag-wolodymyr-selenskyj"],"share_on_mastodon":{"url":"","error":"Validation failed: Text character limit of 500 exceeded"},"_links":{"self":[{"href":"https:\/\/www.europesays.com\/de\/wp-json\/wp\/v2\/posts\/973997","targetHints":{"allow":["GET"]}}],"collection":[{"href":"https:\/\/www.europesays.com\/de\/wp-json\/wp\/v2\/posts"}],"about":[{"href":"https:\/\/www.europesays.com\/de\/wp-json\/wp\/v2\/types\/post"}],"author":[{"embeddable":true,"href":"https:\/\/www.europesays.com\/de\/wp-json\/wp\/v2\/users\/2"}],"replies":[{"embeddable":true,"href":"https:\/\/www.europesays.com\/de\/wp-json\/wp\/v2\/comments?post=973997"}],"version-history":[{"count":0,"href":"https:\/\/www.europesays.com\/de\/wp-json\/wp\/v2\/posts\/973997\/revisions"}],"wp:featuredmedia":[{"embeddable":true,"href":"https:\/\/www.europesays.com\/de\/wp-json\/wp\/v2\/media\/973998"}],"wp:attachment":[{"href":"https:\/\/www.europesays.com\/de\/wp-json\/wp\/v2\/media?parent=973997"}],"wp:term":[{"taxonomy":"category","embeddable":true,"href":"https:\/\/www.europesays.com\/de\/wp-json\/wp\/v2\/categories?post=973997"},{"taxonomy":"post_tag","embeddable":true,"href":"https:\/\/www.europesays.com\/de\/wp-json\/wp\/v2\/tags?post=973997"}],"curies":[{"name":"wp","href":"https:\/\/api.w.org\/{rel}","templated":true}]}}