{"id":974010,"date":"2026-04-26T09:42:28","date_gmt":"2026-04-26T09:42:28","guid":{"rendered":"https:\/\/www.europesays.com\/de\/974010\/"},"modified":"2026-04-26T09:42:28","modified_gmt":"2026-04-26T09:42:28","slug":"fc-bayern-nicolas-jackson-wird-den-rekordmeister-im-sommer-verlassen","status":"publish","type":"post","link":"https:\/\/www.europesays.com\/de\/974010\/","title":{"rendered":"FC Bayern: Nicolas Jackson wird den Rekordmeister im Sommer verlassen"},"content":{"rendered":"<p>Nach Goretzka und Guerreiro  <\/p>\n<p>Max Eberl best\u00e4tigt Abgang von n\u00e4chstem Bayern-Star<\/p>\n<p>26.04.2026 &#8211; 08:19 UhrLesedauer: 2 Min.<\/p>\n<p><a href=\"#focus-0\" class=\"transition-colors duration-200 block text-current relative\" data-sctrack=\"FocusGalleryImage.Reference\"><img fetchpriority=\"high\" data-testid=\"Opener.Image\" style=\"--lqipURL:url('https:\/\/images.t-online.de\/2026\/04\/aq9yXMs70XjE\/604x118:2463x1385\/fit-in\/150x0\/filters:blur(25)\/torjubel-v-li-joshua-kimmich-bayern-muenchen-luis-diaz-bayern-muenchen-alphonso-davies-bayern-muenchen-nicolas-jackson-bayern-muenchen-jubel-freude-begeisterung-aktion-fussball-1-bundesliga-saison-2025-2026-30-spieltag-spieltag30-fc-bayern-muenchen-vfb-stuttgart-am-19-042026-a-l-l-i-a-n-z-a-r-e-n-a-goal-celebration-from-left-joshua-kimmich-bayern-muenchen-luis-diaz-bayern-muenchen-alphonso-davies-bayern-muenchen-nicolas-jackson-bayern-muenchen-cheering-joy-enthusiasm-action-foo.jpg')\"   loading=\"eager\" src=\"https:\/\/www.europesays.com\/de\/wp-content\/uploads\/2026\/04\/torjubel-v-li-joshua-kimmich-bayern-muenchen-luis-diaz-bayern-muenchen-alphonso-davies-bayern-muench.jpeg\" alt=\"imago images 1076347721\" title=\"imago images 1076347721\" width=\"2463\" height=\"1385\" class=\"bg-[url:var(--lqipURL)] bg-cover bg-center flex h-full w-full max-w-full\" decoding=\"async\"\/><img style=\"--width:32;--height:32\" loading=\"lazy\" src=\"https:\/\/www.t-online.de\/s\/paper\/_next\/static\/media\/zoom-in.f7dae02f.svg\" alt=\"Vergr\u00f6\u00dfern des Bildes\" title=\"Vergr\u00f6\u00dfern des Bildes\" class=\"block h-[calc(var(--height)_\/_16_*_1rem)] w-[calc(var(--width)_\/_16_*_1rem)] max-w-none absolute bottom-8 right-8 rounded-4 bg-snow p-8\" decoding=\"async\"\/><\/a><\/p>\n<p>Nicolas Jackson (r.): Hier jubelt er mit Luis D\u00edaz und Alphonso Davies (v.l.). (Quelle: IMAGO\/Frank Hoermann \/ SVEN SIMON\/imago)<\/p>\n<p class=\"font-bold text-18 leading-17 user-text-lg:text-22 user-text-xl:text-24\">Im Sommer wird es beim FC Bayern einige \u00c4nderungen im Kader geben. Gerade auf der Seite der Abg\u00e4nge kommt immer mehr Bewegung rein.<\/p>\n<p class=\"text-18 leading-17 user-text-lg:text-22 user-text-xl:text-24\">Die Meisterschaft hat der <a class=\"transition-colors duration-200 cursor-pointer text-inherit no-underline text-salemsfur md:hover:text-magenta md:hover:border-magenta md:focus:text-magenta border-current border-b border-solid break-words\" data-tracking=\"{&quot;action&quot;:&quot;click&quot;,&quot;category&quot;:&quot;intextLink&quot;,&quot;label&quot;:&quot;\/themen\/fc-bayern-muenchen\/&quot;}\" href=\"https:\/\/www.t-online.de\/themen\/fc-bayern-muenchen\/\" data-sctrack=\"BodyAnchor\" rel=\"nofollow noopener\" target=\"_blank\">FC Bayern<\/a> schon einget\u00fctet, im DFB-Pokal steht der Rekordmeister im Finale und in der <a class=\"transition-colors duration-200 cursor-pointer text-inherit no-underline text-salemsfur md:hover:text-magenta md:hover:border-magenta md:focus:text-magenta border-current border-b border-solid break-words\" data-tracking=\"{&quot;action&quot;:&quot;click&quot;,&quot;category&quot;:&quot;intextLink&quot;,&quot;label&quot;:&quot;\/sport\/ergebnisse-tabelle\/fussball\/champions-league-m\/ergebnisse\/sdc_fmdo-5\/champions-league-m-aktueller-spieltag.html&quot;}\" href=\"https:\/\/www.t-online.de\/sport\/ergebnisse-tabelle\/fussball\/champions-league-m\/ergebnisse\/sdc_fmdo-5\/champions-league-m-aktueller-spieltag.html\" data-sctrack=\"BodyAnchor\" rel=\"nofollow noopener\" target=\"_blank\">Champions League<\/a> im Halbfinale (am Dienstag das Hinspiel gegen PSG ab 21 Uhr im <a class=\"transition-colors duration-200 cursor-pointer text-inherit no-underline text-salemsfur md:hover:text-magenta md:hover:border-magenta md:focus:text-magenta border-current border-b border-solid break-words\" data-tracking=\"{&quot;action&quot;:&quot;click&quot;,&quot;category&quot;:&quot;intextLink&quot;,&quot;label&quot;:&quot;\/sport\/live-ticker\/heute\/&quot;}\" href=\"https:\/\/www.t-online.de\/sport\/live-ticker\/heute\/\" data-sctrack=\"BodyAnchor\" rel=\"nofollow noopener\" target=\"_blank\">Liveticker<\/a> bei t-online). Und obwohl es noch einige sportliche Herausforderungen gibt, treiben die Bayern auch ihre Personalplanung f\u00fcr die kommende Saison schon voran.<\/p>\n<p class=\"text-18 leading-17 user-text-lg:text-22 user-text-xl:text-24\">Gerade auf der Abgangsseite ist Bewegung drin. Best\u00e4tigt war bisher, dass sowohl <a class=\"transition-colors duration-200 cursor-pointer text-inherit no-underline text-salemsfur md:hover:text-magenta md:hover:border-magenta md:focus:text-magenta border-current border-b border-solid break-words\" data-tracking=\"{&quot;action&quot;:&quot;click&quot;,&quot;category&quot;:&quot;intextLink&quot;,&quot;label&quot;:&quot;\/themen\/leon-goretzka\/&quot;}\" href=\"https:\/\/www.t-online.de\/themen\/leon-goretzka\/\" data-sctrack=\"BodyAnchor\" rel=\"nofollow noopener\" target=\"_blank\">Leon Goretzka<\/a> als auch Rapha\u00ebl Guerreiro den Klub im Sommer verlassen w\u00fcrden. Am Samstagabend sa\u00df Sportvorstand <a class=\"transition-colors duration-200 cursor-pointer text-inherit no-underline text-salemsfur md:hover:text-magenta md:hover:border-magenta md:focus:text-magenta border-current border-b border-solid break-words\" data-tracking=\"{&quot;action&quot;:&quot;click&quot;,&quot;category&quot;:&quot;intextLink&quot;,&quot;label&quot;:&quot;\/themen\/max-eberl\/&quot;}\" href=\"https:\/\/www.t-online.de\/themen\/max-eberl\/\" data-sctrack=\"BodyAnchor\" rel=\"nofollow noopener\" target=\"_blank\">Max Eberl<\/a> im ZDF-Sportstudio und best\u00e4tigte den n\u00e4chsten Abgang. Nicolas Jackson, der vom <a class=\"transition-colors duration-200 cursor-pointer text-inherit no-underline text-salemsfur md:hover:text-magenta md:hover:border-magenta md:focus:text-magenta border-current border-b border-solid break-words\" data-tracking=\"{&quot;action&quot;:&quot;click&quot;,&quot;category&quot;:&quot;intextLink&quot;,&quot;label&quot;:&quot;\/themen\/fc-chelsea\/&quot;}\" href=\"https:\/\/www.t-online.de\/themen\/fc-chelsea\/\" data-sctrack=\"BodyAnchor\" rel=\"nofollow noopener\" target=\"_blank\">FC Chelsea<\/a> ausgeliehen ist, wird nicht in M\u00fcnchen bleiben.<\/p>\n<p class=\"text-18 leading-17 user-text-lg:text-22 user-text-xl:text-24\">Eberl: &#8222;Wir haben Spieler, mit denen wir nicht verl\u00e4ngern: Leon Goretzka oder Rapha\u00ebl Guerreiro. Wir haben einen Spieler mit Nicolas Jackson, dessen Option wir nicht ziehen m\u00fcssen, weil er die Spiele nicht erreicht. Und wo es auch darauf hinausl\u00e4uft, dass wir die Option nicht ziehen werden.&#8220;<\/p>\n<p class=\"text-18 leading-17 user-text-lg:text-22 user-text-xl:text-24\">Was Max Eberl meint: Jackson wurde im Sommer 2025 f\u00fcr eine Leihgeb\u00fchr in H\u00f6he von 16,5 Millionen Euro von Chelsea f\u00fcr ein Jahr verpflichtet. Dabei wurde auch eine Kaufoption \u00fcber 65 Millionen Euro vereinbart, die aber nur greift, wenn Jackson in 40 Spielen in der Startelf steht. Jackson kommt in dieser Spielzeit \u00fcberhaupt erst auf 29 Pflichtspiel-Eins\u00e4tze im Bayern-Trikot. Dabei erzielte er zehn Tore.<\/p>\n","protected":false},"excerpt":{"rendered":"Nach Goretzka und Guerreiro Max Eberl best\u00e4tigt Abgang von n\u00e4chstem Bayern-Star 26.04.2026 &#8211; 08:19 UhrLesedauer: 2 Min. Nicolas&hellip;\n","protected":false},"author":2,"featured_media":974011,"comment_status":"","ping_status":"","sticky":false,"template":"","format":"standard","meta":{"footnotes":"","_share_on_mastodon":"0"},"categories":[5],"tags":[331,332,1534,468,3364,29,1264,458,4771,30,13,18793,73410,1427,1653,1268,14,15,92857,12304,12,226],"class_list":["post-974010","post","type-post","status-publish","format-standard","has-post-thumbnail","category-nachrichten","tag-aktuelle-nachrichten","tag-aktuelle-news","tag-alphonso-davies","tag-champions-league","tag-de","tag-deutschland","tag-dfb-pokal","tag-fc-bayern-muenchen","tag-fc-chelsea","tag-germany","tag-headlines","tag-leon-goretzka","tag-luis-diaz","tag-mainz","tag-max-eberl","tag-muenchen","tag-nachrichten","tag-news","tag-nicolas-jackson","tag-raphael-guerreiro","tag-schlagzeilen","tag-t-online"],"share_on_mastodon":{"url":"https:\/\/pubeurope.com\/@de\/116470359955748693","error":""},"_links":{"self":[{"href":"https:\/\/www.europesays.com\/de\/wp-json\/wp\/v2\/posts\/974010","targetHints":{"allow":["GET"]}}],"collection":[{"href":"https:\/\/www.europesays.com\/de\/wp-json\/wp\/v2\/posts"}],"about":[{"href":"https:\/\/www.europesays.com\/de\/wp-json\/wp\/v2\/types\/post"}],"author":[{"embeddable":true,"href":"https:\/\/www.europesays.com\/de\/wp-json\/wp\/v2\/users\/2"}],"replies":[{"embeddable":true,"href":"https:\/\/www.europesays.com\/de\/wp-json\/wp\/v2\/comments?post=974010"}],"version-history":[{"count":0,"href":"https:\/\/www.europesays.com\/de\/wp-json\/wp\/v2\/posts\/974010\/revisions"}],"wp:featuredmedia":[{"embeddable":true,"href":"https:\/\/www.europesays.com\/de\/wp-json\/wp\/v2\/media\/974011"}],"wp:attachment":[{"href":"https:\/\/www.europesays.com\/de\/wp-json\/wp\/v2\/media?parent=974010"}],"wp:term":[{"taxonomy":"category","embeddable":true,"href":"https:\/\/www.europesays.com\/de\/wp-json\/wp\/v2\/categories?post=974010"},{"taxonomy":"post_tag","embeddable":true,"href":"https:\/\/www.europesays.com\/de\/wp-json\/wp\/v2\/tags?post=974010"}],"curies":[{"name":"wp","href":"https:\/\/api.w.org\/{rel}","templated":true}]}}