{"id":974028,"date":"2026-04-26T09:55:33","date_gmt":"2026-04-26T09:55:33","guid":{"rendered":"https:\/\/www.europesays.com\/de\/974028\/"},"modified":"2026-04-26T09:55:33","modified_gmt":"2026-04-26T09:55:33","slug":"eisheilige-in-dresden-2026-wie-kalt-wird-es-im-mai","status":"publish","type":"post","link":"https:\/\/www.europesays.com\/de\/974028\/","title":{"rendered":"Eisheilige in Dresden 2026: Wie kalt wird es im Mai?"},"content":{"rendered":"<p>K\u00e4lte im Mai <\/p>\n<p>Eisheilige in Sachsen: Expertin \u00fcberrascht mit Prognose<\/p>\n<p>Aktualisiert am 26.04.2026 &#8211; 09:36 UhrLesedauer: 2 Min.<\/p>\n<p><a href=\"#focus-0\" class=\"transition-colors duration-200 block text-current relative\" data-sctrack=\"FocusGalleryImage.Reference\"><img fetchpriority=\"high\" data-testid=\"Opener.Image\" style=\"--lqipURL:url('https:\/\/images.t-online.de\/2026\/04\/e1L3mFpfzyK1\/0x209:4000x2250\/fit-in\/150x0\/filters:blur(25)\/blumen-im-frost-symbolbild-traditionell-treten-die-eisheiligen-mitte-mai-auf.jpg')\"   loading=\"eager\" src=\"https:\/\/www.europesays.com\/de\/wp-content\/uploads\/2026\/04\/1777197332_883_blumen-im-frost-symbolbild-traditionell-treten-die-eisheiligen-mitte-mai-auf.jpg\" alt=\"Blumen im Frost (Symbolbild): Traditionell treten die Eisheiligen Mitte Mai auf.\" title=\"Blumen im Frost (Symbolbild): Traditionell treten die Eisheiligen Mitte Mai auf.\" width=\"4000\" height=\"2250\" class=\"bg-[url:var(--lqipURL)] bg-cover bg-center flex h-full w-full max-w-full\" decoding=\"async\"\/><img style=\"--width:32;--height:32\" loading=\"lazy\" src=\"https:\/\/dresden.t-online.de\/s\/paper\/_next\/static\/media\/zoom-in.f7dae02f.svg\" alt=\"Vergr\u00f6\u00dfern des Bildes\" title=\"Vergr\u00f6\u00dfern des Bildes\" class=\"block h-[calc(var(--height)_\/_16_*_1rem)] w-[calc(var(--width)_\/_16_*_1rem)] max-w-none absolute bottom-8 right-8 rounded-4 bg-snow p-8\" decoding=\"async\"\/><\/a><\/p>\n<p>Blumen im Frost (Symbolbild): Traditionell treten die Eisheiligen Mitte Mai auf. (Quelle: Imago\/Beautiful Sports)<\/p>\n<p class=\"font-bold text-18 leading-17 user-text-lg:text-22 user-text-xl:text-24\">Jeden Mai kommen die Eisheiligen: So lautet eine bekannte Bauernregel. Aber wie sieht es in diesem Jahr in Dresden aus? t-online hat nachgefragt.<\/p>\n<p class=\"text-18 leading-17 user-text-lg:text-22 user-text-xl:text-24\">Wie eine Sprecherin des Deutschen Wetterdiensts (DWD) der Regionalredaktion von t-online in Berlin erkl\u00e4rte, geht es am 11. Mai mit dem sogenannten Mamertus-Tag los. Vor\u00fcber ist der vermeintliche K\u00e4lteeinbruch in Sachsen am 15. Mai, dem Tag der kalten Sophie.<\/p>\n<p class=\"text-18 leading-17 user-text-lg:text-22 user-text-xl:text-24\">Eine konkrete Wettervorhersage sei laut der Expertin bis jetzt nicht m\u00f6glich, die Prognosen seien derzeit nur bis zum 6. Mai akkurat. Meteorologen erwarten demnach nur etwas k\u00fchlere Temperaturen als \u00fcblich f\u00fcr diese Jahreszeit. &#8222;Danach gibt es den Trend f\u00fcr eine leichte Erw\u00e4rmung Richtung Normalwerte.&#8220;, so die Sprecherin.<\/p>\n<p class=\"text-18 leading-17 user-text-lg:text-22 user-text-xl:text-24\">Die Eisheiligen k\u00f6nnten demnach nicht so frostig ausfallen, wie allgemein angenommen. Generell sei die &#8222;G\u00fcltigkeit der &#8218;Eisheiligen&#8216; als Witterungsregelfall&#8220; laut der Expertin sehr strittig. &#8222;Eine besondere H\u00e4ufung von Kaltluftausbr\u00fcchen l\u00e4sst sich im Zeitraum (11.-15. Mai), der als Eisheilige definiert wird, jedenfalls nicht ausmachen.&#8220;, erkl\u00e4rt die Expertin dazu.<\/p>\n<p class=\"text-18 leading-17 user-text-lg:text-22 user-text-xl:text-24\">In den vergangenen 100 Jahren seien die Eisheiligen in lediglich etwa einem Drittel der F\u00e4lle eingetroffen. Kaltlufteinbr\u00fcche im April und Mai seien demnach nicht au\u00dfergew\u00f6hnlich und treten eher zuf\u00e4llig auf.<\/p>\n<p class=\"text-18 leading-17 user-text-lg:text-22 user-text-xl:text-24\">&#8222;Auch der Klimawandel scheint dahingehend also (noch) keinen gro\u00dfen Einfluss zu haben&#8220;, erkl\u00e4rt die Sprecherin des DWD. Grunds\u00e4tzlich steigen die Temperaturen jedoch weiter an, was dazu f\u00fchre, dass beispielsweise die Obstbl\u00fcte im Fr\u00fchjahr immer fr\u00fcher einsetze.<\/p>\n<p class=\"text-18 leading-17 user-text-lg:text-22 user-text-xl:text-24\">Die ersten Bl\u00fcten w\u00fcrden demnach h\u00e4ufiger in eine Phase fallen, in der sp\u00e4te Kaltlufteinbr\u00fcche statistisch wahrscheinlicher sind. Gleichzeitig sei die Bl\u00fctezeit oft auch fr\u00fcher abgeschlossen, &#8222;sodass die Eisheiligen in ihrer urspr\u00fcnglichen Definition Mitte Mai ihren Schrecken sogar eher verlieren&#8220;, schlussfolgert die Sprecherin gegen\u00fcber der Regionalredaktion vom t-online in Berlin kurz vor Beginn der vermeintlichen Eisheiligen.<\/p>\n","protected":false},"excerpt":{"rendered":"K\u00e4lte im Mai Eisheilige in Sachsen: Expertin \u00fcberrascht mit Prognose Aktualisiert am 26.04.2026 &#8211; 09:36 UhrLesedauer: 2 Min.&hellip;\n","protected":false},"author":2,"featured_media":974029,"comment_status":"","ping_status":"","sticky":false,"template":"","format":"standard","meta":{"footnotes":"","_share_on_mastodon":"0"},"categories":[1835],"tags":[148398,173877,296,3364,29,2386,4906,37015,30,25802,859,226],"class_list":["post-974028","post","type-post","status-publish","format-standard","has-post-thumbnail","category-dresden","tag-148398","tag-bauernregel","tag-berlin","tag-de","tag-deutschland","tag-dresden","tag-dwd","tag-eisheiligen","tag-germany","tag-kaelte","tag-sachsen","tag-t-online"],"share_on_mastodon":{"url":"https:\/\/pubeurope.com\/@de\/116470411765159042","error":""},"_links":{"self":[{"href":"https:\/\/www.europesays.com\/de\/wp-json\/wp\/v2\/posts\/974028","targetHints":{"allow":["GET"]}}],"collection":[{"href":"https:\/\/www.europesays.com\/de\/wp-json\/wp\/v2\/posts"}],"about":[{"href":"https:\/\/www.europesays.com\/de\/wp-json\/wp\/v2\/types\/post"}],"author":[{"embeddable":true,"href":"https:\/\/www.europesays.com\/de\/wp-json\/wp\/v2\/users\/2"}],"replies":[{"embeddable":true,"href":"https:\/\/www.europesays.com\/de\/wp-json\/wp\/v2\/comments?post=974028"}],"version-history":[{"count":0,"href":"https:\/\/www.europesays.com\/de\/wp-json\/wp\/v2\/posts\/974028\/revisions"}],"wp:featuredmedia":[{"embeddable":true,"href":"https:\/\/www.europesays.com\/de\/wp-json\/wp\/v2\/media\/974029"}],"wp:attachment":[{"href":"https:\/\/www.europesays.com\/de\/wp-json\/wp\/v2\/media?parent=974028"}],"wp:term":[{"taxonomy":"category","embeddable":true,"href":"https:\/\/www.europesays.com\/de\/wp-json\/wp\/v2\/categories?post=974028"},{"taxonomy":"post_tag","embeddable":true,"href":"https:\/\/www.europesays.com\/de\/wp-json\/wp\/v2\/tags?post=974028"}],"curies":[{"name":"wp","href":"https:\/\/api.w.org\/{rel}","templated":true}]}}