{"id":974318,"date":"2026-04-26T12:39:15","date_gmt":"2026-04-26T12:39:15","guid":{"rendered":"https:\/\/www.europesays.com\/de\/974318\/"},"modified":"2026-04-26T12:39:15","modified_gmt":"2026-04-26T12:39:15","slug":"am-flughafen-nuernberg-wurden-die-babys-der-in-bayern-einst-gefaehrdeten-wanderfalken-beringt","status":"publish","type":"post","link":"https:\/\/www.europesays.com\/de\/974318\/","title":{"rendered":"Am Flughafen N\u00fcrnberg wurden die Babys der in Bayern einst gef\u00e4hrdeten Wanderfalken beringt"},"content":{"rendered":"<p class=\"mb-6 text-xs md:text-m lg:text-l font-serif group-[.font-sans]:font-sans \">\n    Die einen hetzen zwischen Nest und Wiesen hin und her, <a href=\"https:\/\/www.augsburger-allgemeine.de\/bayern\/rekord-am-flughafen-nuernberg-2025-mehr-passagiere-als-je-zuvor-113190981\" target=\"_self\" class=\"underline \" rel=\"nofollow noopener\">die anderen d\u00fcsen zwischen St\u00e4dten weltweit durch die Luft<\/a>: Vor allem <a href=\"https:\/\/www.augsburger-allgemeine.de\/schwabmuenchen\/voegel-sorgen-im-landkreis-augsburg-fuer-morgendliches-konzert-im-fruehling-113993826\" target=\"_self\" class=\"underline \" rel=\"nofollow noopener\">w\u00e4hrend der Aufzuchtzeit<\/a> ihres Nachwuchses h\u00e4ngen viele V\u00f6gel Flugzeuge allerdings um L\u00e4ngen ab, wenn es um Starts und Landungen geht. Besonders nahe kommen sich beide am Flughafen N\u00fcrnberg, wo die Verantwortlichen auf Instagram nun Bilder der dortigen Wanderfalken-Jugend ver\u00f6ffentlicht haben. Allerdings haben die s\u00fc\u00dfen Fotos einen ernsten Anlass.\n  <\/p>\n<p>            Wanderfalken in Bayern: Artenschutzprogramm l\u00e4uft seit \u00fcber 40 Jahren<\/p>\n<p class=\"mb-6 text-xs md:text-m lg:text-l font-serif group-[.font-sans]:font-sans \">\n    Denn entstanden sind die Bilder der V\u00f6gel anl\u00e4sslich der Beringung der Tiere. Diese ist Teil der Schutzma\u00dfnahmen f\u00fcr die Vogelart, deren Bestand in ganz Deutschland <a href=\"https:\/\/www.augsburger-allgemeine.de\/bayern\/extrem-seltener-kaefer-in-niederbayern-gefunden-hund-hilft-bei-suche-06-04-113914255\" target=\"_self\" class=\"underline \" rel=\"nofollow noopener\">schon einmal stark gef\u00e4hrdet war<\/a>. Wie der Landesbund f\u00fcr Vogel und Naturschutz (LBV) online ausf\u00fchrt, gab es in den 80er Jahren zeitweise bundesweit nur noch 60 Brutpaare der Art, wobei sie aus West-, Nord- und Ostdeutschland bereits ganz verschwunden war. Noch in den 50ern sollen es circa 900 Brutpaare gewesen sein. Als Grund f\u00fcr den dramatischen R\u00fcckgang verweist der LBV unter anderem auf Forschung zu <a href=\"https:\/\/www.augsburger-allgemeine.de\/bayern\/bayern-artenschutz-rueckschlaege-nach-erfolgreichen-bienen-begehren-110436253\" target=\"_self\" class=\"underline \" rel=\"nofollow noopener\">Auswirkungen von inzwischen verbotenen Pestiziden<\/a>.\n  <\/p>\n<p class=\"mb-6 text-xs md:text-m lg:text-l font-serif group-[.font-sans]:font-sans \">\n    Die Verbote d\u00fcrften dazu beigetragen haben, dass sich der Bestand erholt hat. Ebenso hat allerdings das Schutzprogramm in <a href=\"https:\/\/augsburger-allgemeine.de\/bayern\/\" target=\"_self\" class=\"underline \" rel=\"nofollow noopener\">Bayern<\/a> seinen Anteil, das laut dem Bayerischen Landesamt f\u00fcr Umwelt zum \u00e4ltesten seiner Art im Freistaat geh\u00f6rt. Eine der Ma\u00dfnahmen ist das Monitoring, f\u00fcr das Jungv\u00f6gel mit Ringen gekennzeichnet werden. Eine Praxis, die auch in zahlreichen anderen Bundesl\u00e4ndern angewandt wird.\n  <\/p>\n<p>      <a href=\"https:\/\/www.augsburger-allgemeine.de\/bayern\/planespotter-aufgepasst-flughafen-nuernberg-gewaehrt-spannende-einblicke-mit-zwei-neuen-webcams-113775622\" class=\"hidden  &#010;                md:block md:mr-5 md:min-w-[140px]  aspect-photo md:aspect-tv lg:aspect-tv w-fullXXX relative self-start inline overflow-hidden\" rel=\"nofollow noopener\" target=\"_blank\"><\/p>\n<p>    <img decoding=\"async\" src=\"\" alt=\"Flugzeugbegeisterte d\u00fcrften sich \u00fcber die neuen Webcams freuen, die am N\u00fcrnberger Airport installiert wurden.\" title=\"Flugzeugbegeisterte d\u00fcrften sich \u00fcber die neuen Webcams freuen, die am N\u00fcrnberger Airport installiert wurden.\" loading=\"lazy\" class=\"h-full w-full object-cover\"\/><br \/>\n   <\/a><\/p>\n<p>            Jungv\u00f6gel am Flughafen N\u00fcrnberg beringt: Bestand hat sich in Bayern erholt<\/p>\n<p class=\"mb-6 text-xs md:text-m lg:text-l font-serif group-[.font-sans]:font-sans \">\n    Wie erfolgreich diese Bem\u00fchungen waren und sind, zeigen auch aktuelle Angaben zum Bestand der Art. Wie der LBV auf seinem Internetauftritt ausf\u00fchrt, gibt es mindestens 260 Brutpaare in Bayern und deutschlandweit etwa 1400 Paare. Der Nachwuchs dieser V\u00f6gel d\u00fcrfte allerdings nur ganz selten einen so guten Ausblick auf gro\u00dfe Flieger haben, wie der am Flughafen N\u00fcrnberg.\n  <\/p>\n","protected":false},"excerpt":{"rendered":"Die einen hetzen zwischen Nest und Wiesen hin und her, die anderen d\u00fcsen zwischen St\u00e4dten weltweit durch die&hellip;\n","protected":false},"author":2,"featured_media":974319,"comment_status":"","ping_status":"","sticky":false,"template":"","format":"standard","meta":{"footnotes":"","_share_on_mastodon":"0"},"categories":[1837],"tags":[772,3364,29,211266,6483,30,152,16857,3783,4200],"class_list":["post-974318","post","type-post","status-publish","format-standard","has-post-thumbnail","category-nuernberg","tag-bayern","tag-de","tag-deutschland","tag-fliegernachwuchs","tag-flughafen-nuernberg","tag-germany","tag-instagram","tag-lbv","tag-nuernberg","tag-ostdeutschland"],"share_on_mastodon":{"url":"https:\/\/pubeurope.com\/@de\/116471055571672896","error":""},"_links":{"self":[{"href":"https:\/\/www.europesays.com\/de\/wp-json\/wp\/v2\/posts\/974318","targetHints":{"allow":["GET"]}}],"collection":[{"href":"https:\/\/www.europesays.com\/de\/wp-json\/wp\/v2\/posts"}],"about":[{"href":"https:\/\/www.europesays.com\/de\/wp-json\/wp\/v2\/types\/post"}],"author":[{"embeddable":true,"href":"https:\/\/www.europesays.com\/de\/wp-json\/wp\/v2\/users\/2"}],"replies":[{"embeddable":true,"href":"https:\/\/www.europesays.com\/de\/wp-json\/wp\/v2\/comments?post=974318"}],"version-history":[{"count":0,"href":"https:\/\/www.europesays.com\/de\/wp-json\/wp\/v2\/posts\/974318\/revisions"}],"wp:featuredmedia":[{"embeddable":true,"href":"https:\/\/www.europesays.com\/de\/wp-json\/wp\/v2\/media\/974319"}],"wp:attachment":[{"href":"https:\/\/www.europesays.com\/de\/wp-json\/wp\/v2\/media?parent=974318"}],"wp:term":[{"taxonomy":"category","embeddable":true,"href":"https:\/\/www.europesays.com\/de\/wp-json\/wp\/v2\/categories?post=974318"},{"taxonomy":"post_tag","embeddable":true,"href":"https:\/\/www.europesays.com\/de\/wp-json\/wp\/v2\/tags?post=974318"}],"curies":[{"name":"wp","href":"https:\/\/api.w.org\/{rel}","templated":true}]}}