{"id":974691,"date":"2026-04-26T16:14:24","date_gmt":"2026-04-26T16:14:24","guid":{"rendered":"https:\/\/www.europesays.com\/de\/974691\/"},"modified":"2026-04-26T16:14:24","modified_gmt":"2026-04-26T16:14:24","slug":"regionalliga-hfc-souveraen-gegen-harmlose-hertha-bubis","status":"publish","type":"post","link":"https:\/\/www.europesays.com\/de\/974691\/","title":{"rendered":"Regionalliga: HFC souver\u00e4n gegen harmlose Hertha-Bubis"},"content":{"rendered":"<p class=\"text\">\nNach zuletzt nur einem Sieg aus drei Spielen mit Niederlagen in Meuselwitz und bei Altglienicke zeigte sich der HFC gegen den Hertha-Nachwuchs verbessert. Gegen den Tabellenelften brauchte Halle nur eine kurze Anfangsphase, dann kontrollierten die Rot-Wei\u00dfen die Partie. Ehrlich verzog zweimal noch knapp (6.\/18.), Kastull machte es dann besser. Nach einer weiten Flanke von links k\u00f6pfte der 21-J\u00e4hrige mit Wucht zur umjubelten F\u00fchrung ein (21.). Der Abwehrspieler bejubelte sein erstes Saisontor und gr\u00fc\u00dfte anschlie\u00dfend vielsagend Richtung Himmel.\n<\/p>\n<p class=\"text\">\nErst nach der HFC-F\u00fchrung entwickelte sich ein offenes Fu\u00dfballspiel. Der Hertha-Nachwuchs wurde nun offensiv aktiver. Doch die Berliner spielten ihre Chancen zu ungenau aus, immer wieder landete der letzte Ball auf einen freistehenden Mitspieler in den Beinen der HFC-Abwehr. Und selbst bei der gr\u00f6\u00dften Chance der Berliner im gesamten Spiel konnte der HFC kl\u00e4ren. Soufian Gouram bekam den Ball kurz vor der Pause freistehend vor HFC-Keeper Luca Bendel. Doch Bendel, der erstmals in dieser Saison in der Regionalliga im HFC-Tor stand, kl\u00e4rte in Zusammenarbeit mit Kilian Zaruba und Kastull (41.).<\/p>\n","protected":false},"excerpt":{"rendered":"Nach zuletzt nur einem Sieg aus drei Spielen mit Niederlagen in Meuselwitz und bei Altglienicke zeigte sich der&hellip;\n","protected":false},"author":2,"featured_media":974692,"comment_status":"","ping_status":"","sticky":false,"template":"","format":"standard","meta":{"footnotes":"","_share_on_mastodon":"0"},"categories":[1860],"tags":[3364,29,548,663,3934,347,30,4062,17332,12435,13,8352,1088,10150,27047,192267,81,14,15,36845,3459,12449,17331,860,12,3499,3498,66991],"class_list":["post-974691","post","type-post","status-publish","format-standard","has-post-thumbnail","category-halle-saale","tag-de","tag-deutschland","tag-eu","tag-europa","tag-europe","tag-fussball","tag-germany","tag-halle","tag-halle-saale","tag-hallescher-fc","tag-headlines","tag-hertha","tag-hertha-bsc","tag-hertha-bubis","tag-hfc","tag-lucas-ehrlich","tag-mdr","tag-nachrichten","tag-news","tag-nofv","tag-regionalliga","tag-robert-schroeder","tag-saale","tag-sachsen-anhalt","tag-schlagzeilen","tag-spio","tag-sport-im-osten","tag-vin-kastull"],"share_on_mastodon":{"url":"https:\/\/pubeurope.com\/@de\/116471901347848208","error":""},"_links":{"self":[{"href":"https:\/\/www.europesays.com\/de\/wp-json\/wp\/v2\/posts\/974691","targetHints":{"allow":["GET"]}}],"collection":[{"href":"https:\/\/www.europesays.com\/de\/wp-json\/wp\/v2\/posts"}],"about":[{"href":"https:\/\/www.europesays.com\/de\/wp-json\/wp\/v2\/types\/post"}],"author":[{"embeddable":true,"href":"https:\/\/www.europesays.com\/de\/wp-json\/wp\/v2\/users\/2"}],"replies":[{"embeddable":true,"href":"https:\/\/www.europesays.com\/de\/wp-json\/wp\/v2\/comments?post=974691"}],"version-history":[{"count":0,"href":"https:\/\/www.europesays.com\/de\/wp-json\/wp\/v2\/posts\/974691\/revisions"}],"wp:featuredmedia":[{"embeddable":true,"href":"https:\/\/www.europesays.com\/de\/wp-json\/wp\/v2\/media\/974692"}],"wp:attachment":[{"href":"https:\/\/www.europesays.com\/de\/wp-json\/wp\/v2\/media?parent=974691"}],"wp:term":[{"taxonomy":"category","embeddable":true,"href":"https:\/\/www.europesays.com\/de\/wp-json\/wp\/v2\/categories?post=974691"},{"taxonomy":"post_tag","embeddable":true,"href":"https:\/\/www.europesays.com\/de\/wp-json\/wp\/v2\/tags?post=974691"}],"curies":[{"name":"wp","href":"https:\/\/api.w.org\/{rel}","templated":true}]}}