{"id":974730,"date":"2026-04-26T16:35:19","date_gmt":"2026-04-26T16:35:19","guid":{"rendered":"https:\/\/www.europesays.com\/de\/974730\/"},"modified":"2026-04-26T16:35:19","modified_gmt":"2026-04-26T16:35:19","slug":"ukraine-krieg-aktuell-ukraine-greift-russische-flotte-auf-der-krim-an","status":"publish","type":"post","link":"https:\/\/www.europesays.com\/de\/974730\/","title":{"rendered":"Ukraine-Krieg aktuell: Ukraine greift russische Flotte auf der Krim an"},"content":{"rendered":"<p>Newsblog zum Krieg in der Ukraine <\/p>\n<p>Geheimdienst meldet Spezialoperation auf der Krim<\/p>\n<p>Aktualisiert am 26.04.2026 &#8211; 18:16 UhrLesedauer: 24 Min.<\/p>\n<p><a href=\"#focus-0\" class=\"transition-colors duration-200 block text-current relative\" data-sctrack=\"FocusGalleryImage.Reference\"><img fetchpriority=\"high\" data-testid=\"Opener.Image\" style=\"--lqipURL:url('https:\/\/images.t-online.de\/2026\/04\/jT-UIAdIQ0Fh\/107x10:1053x592\/fit-in\/150x0\/filters:blur(25)\/angriff-auf-ein-russisches-kriegsschiff-auf-der-krim-der-ukrainische-geheimdienst-sbu-teilte-bilder-einer-angeblichen-attacke-auf-die-schwarzmeerflotte.jpg')\"   loading=\"eager\" src=\"https:\/\/www.europesays.com\/de\/wp-content\/uploads\/2026\/04\/angriff-auf-ein-russisches-kriegsschiff-auf-der-krim-der-ukrainische-geheimdienst-sbu-teilte-bilder-.jpeg\" alt=\"Angriff auf ein russisches Kriegsschiff auf der Krim: Der ukrainische Geheimdienst SBU teilte Bilder einer angeblichen Attacke auf die Schwarzmeerflotte.\" title=\"Angriff auf ein russisches Kriegsschiff auf der Krim: Der ukrainische Geheimdienst SBU teilte Bilder einer angeblichen Attacke auf die Schwarzmeerflotte.\" width=\"1053\" height=\"592\" class=\"bg-[url:var(--lqipURL)] bg-cover bg-center flex h-full w-full max-w-full\" decoding=\"async\"\/><img style=\"--width:32;--height:32\" loading=\"lazy\" src=\"https:\/\/www.t-online.de\/s\/paper\/_next\/static\/media\/zoom-in.f7dae02f.svg\" alt=\"Vergr\u00f6\u00dfern des Bildes\" title=\"Vergr\u00f6\u00dfern des Bildes\" class=\"block h-[calc(var(--height)_\/_16_*_1rem)] w-[calc(var(--width)_\/_16_*_1rem)] max-w-none absolute bottom-8 right-8 rounded-4 bg-snow p-8\" decoding=\"async\"\/><\/a><\/p>\n<p>Angriff auf ein russisches Kriegsschiff auf der Krim: Der ukrainische Geheimdienst SBU teilte Bilder einer angeblichen Attacke auf die Schwarzmeerflotte. (Quelle: SBU)<\/p>\n<p class=\"font-bold text-18 leading-17 user-text-lg:text-22 user-text-xl:text-24\">Die Ukraine hat die von Russland annektierte ukrainische Halbinsel Krim angegriffen. Selenskyj wirft Russland &#8222;nuklearen Terrorismus&#8220; vor. Alle Entwicklungen im Newsblog.<\/p>\n<p class=\"text-18 leading-17 user-text-lg:text-22 user-text-xl:text-24\">Die <a class=\"transition-colors duration-200 cursor-pointer text-inherit no-underline text-salemsfur md:hover:text-magenta md:hover:border-magenta md:focus:text-magenta border-current border-b border-solid break-words\" data-tracking=\"{&quot;action&quot;:&quot;click&quot;,&quot;category&quot;:&quot;intextLink&quot;,&quot;label&quot;:&quot;\/themen\/ukraine\/&quot;}\" href=\"https:\/\/www.t-online.de\/themen\/ukraine\/\" data-sctrack=\"BodyAnchor\" rel=\"nofollow noopener\" target=\"_blank\">Ukraine<\/a> hat nach eigenen Angaben Ziele der russischen Schwarzmeerflotte auf der Krim angegriffen. In der Nacht h\u00e4tten Einheiten des Geheimdienstes SBU eine &#8222;Spezialoperation&#8220; in Sewastopol sowie auf dem Milit\u00e4rflugplatz Belbek durchgef\u00fchrt, teilte der Dienst auf seinem Telegramkanal mit. Demnach seien mehrere Schiffe, Flugabwehrsysteme und ein Kampfflugzeug getroffen worden.<\/p>\n<p class=\"text-18 leading-17 user-text-lg:text-22 user-text-xl:text-24\">Konkret nannte der SBU zwei gro\u00dfe Landungsschiffe (\u201eJamal\u201c und &#8222;Filtschenkow\u201c) sowie das Aufkl\u00e4rungsschiff &#8222;Iwan Churs&#8220;. Au\u00dferdem seien Einrichtungen der Luftverteidigung, ein Radar sowie ein MiG-31-Kampfflugzeug auf dem Flugplatz Belbek getroffen worden. Die Angaben lassen sich derzeit nicht unabh\u00e4ngig verifizieren, eine Best\u00e4tigung von russischer Seite liegt nicht vor. <a class=\"transition-colors duration-200 cursor-pointer text-inherit no-underline text-salemsfur md:hover:text-magenta md:hover:border-magenta md:focus:text-magenta border-current border-b border-solid break-words\" data-tracking=\"{&quot;action&quot;:&quot;click&quot;,&quot;category&quot;:&quot;intextLink&quot;,&quot;label&quot;:&quot;\/themen\/russland\/&quot;}\" href=\"https:\/\/www.t-online.de\/themen\/russland\/\" data-sctrack=\"BodyAnchor\" rel=\"nofollow noopener\" target=\"_blank\">Russland<\/a> hatte am Sonntag jedoch Drohnenangriffe auf der Krim gemeldet.<\/p>\n<p class=\"text-18 leading-17 user-text-lg:text-22 user-text-xl:text-24\">Die Ukraine greift seit Monaten verst\u00e4rkt Ziele auf der von Russland annektierten Halbinsel an. Bereits am 18. April habe es eine \u00e4hnliche Operation gegeben, bei der laut SBU drei russische Kriegsschiffe besch\u00e4digt worden seien. Die Schwarzmeerflotte ist f\u00fcr Russland strategisch wichtig, unter anderem f\u00fcr Angriffe mit Marschflugk\u00f6rpern auf ukrainisches Gebiet. <a class=\"transition-colors duration-200 cursor-pointer text-inherit no-underline text-salemsfur md:hover:text-magenta md:hover:border-magenta md:focus:text-magenta border-current border-b border-solid break-words\" data-tracking=\"{&quot;action&quot;:&quot;click&quot;,&quot;category&quot;:&quot;intextLink&quot;,&quot;label&quot;:&quot;\/themen\/kiew\/&quot;}\" href=\"https:\/\/www.t-online.de\/themen\/kiew\/\" data-sctrack=\"BodyAnchor\" rel=\"nofollow noopener\" target=\"_blank\">Kiew<\/a> versucht daher, die Einsatzf\u00e4higkeit der Flotte gezielt zu schw\u00e4chen.<\/p>\n<p class=\"text-18 leading-17 user-text-lg:text-22 user-text-xl:text-24\">Russland meldet nach einem ukrainischen Drohnenangriff Sch\u00e4den an einer gro\u00dfen D\u00fcngemittelfabrik in der Region Wologda. In der Stadt Tscherepowez sei eine Hochdruckleitung f\u00fcr Schwefels\u00e4ure getroffen worden, erkl\u00e4rte Regionalgouverneur Georgi Filimonow am Sonntag. Das Leck sei unter Kontrolle, es seien keine gef\u00e4hrlichen Chemikalien ausgetreten.<\/p>\n<p class=\"text-18 leading-17 user-text-lg:text-22 user-text-xl:text-24\">Die Anlage geh\u00f6re der Firma Apatit. Deren Muttergesellschaft PhosAgro zufolge ist Apatit Europas gr\u00f6\u00dfter Produzent von Phosphatd\u00fcnger sowie von Phosphor- und Schwefels\u00e4ure. PhosAgro ist einer der weltweit gr\u00f6\u00dften Hersteller von Phosphatd\u00fcnger. Filimonow sagte weiter, bei dem schweren Angriff seien f\u00fcnf Menschen verletzt worden. Tscherepowez liegt rund 500 Kilometer n\u00f6rdlich von <a class=\"transition-colors duration-200 cursor-pointer text-inherit no-underline text-salemsfur md:hover:text-magenta md:hover:border-magenta md:focus:text-magenta border-current border-b border-solid break-words\" data-tracking=\"{&quot;action&quot;:&quot;click&quot;,&quot;category&quot;:&quot;intextLink&quot;,&quot;label&quot;:&quot;\/themen\/moskau\/&quot;}\" href=\"https:\/\/www.t-online.de\/themen\/moskau\/\" data-sctrack=\"BodyAnchor\" rel=\"nofollow noopener\" target=\"_blank\">Moskau<\/a>.<\/p>\n<p class=\"text-18 leading-17 user-text-lg:text-22 user-text-xl:text-24\">Seit der 2022 eingel\u00e4uteten &#8222;Zeitenwende&#8220; hat der Bund nach eigenen Angaben 47.000 Beschaffungsvertr\u00e4ge zu R\u00fcstungsg\u00fctern im Wert von insgesamt 111 Milliarden Euro abgeschlossen. Dies geht aus der Antwort des Verteidigungsministeriums auf eine Anfrage des Linken-Politikers <a class=\"transition-colors duration-200 cursor-pointer text-inherit no-underline text-salemsfur md:hover:text-magenta md:hover:border-magenta md:focus:text-magenta border-current border-b border-solid break-words\" data-tracking=\"{&quot;action&quot;:&quot;click&quot;,&quot;category&quot;:&quot;intextLink&quot;,&quot;label&quot;:&quot;\/themen\/dietmar-bartsch\/&quot;}\" href=\"https:\/\/www.t-online.de\/themen\/dietmar-bartsch\/\" data-sctrack=\"BodyAnchor\" rel=\"nofollow noopener\" target=\"_blank\">Dietmar Bartsch<\/a> hervor, die der Deutschen Presse-Agentur vorliegt.<\/p>\n<p class=\"text-18 leading-17 user-text-lg:text-22 user-text-xl:text-24\">Die Frage, wie viele dieser Vorhaben bis zum 1. M\u00e4rz 2026 abgeschlossen und in den Dienst der Bundeswehr gestellt waren, lie\u00df das Ministerium allerdings offen. Der Aufwand der Recherche w\u00e4re unzumutbar, hie\u00df es.<\/p>\n<p class=\"text-18 leading-17 user-text-lg:text-22 user-text-xl:text-24\">Der ukrainische Pr\u00e4sident <a class=\"transition-colors duration-200 cursor-pointer text-inherit no-underline text-salemsfur md:hover:text-magenta md:hover:border-magenta md:focus:text-magenta border-current border-b border-solid break-words\" data-tracking=\"{&quot;action&quot;:&quot;click&quot;,&quot;category&quot;:&quot;intextLink&quot;,&quot;label&quot;:&quot;\/themen\/wolodymyr-selenskyj\/&quot;}\" href=\"https:\/\/www.t-online.de\/themen\/wolodymyr-selenskyj\/\" data-sctrack=\"BodyAnchor\" rel=\"nofollow noopener\" target=\"_blank\">Wolodymyr Selenskyj<\/a> hat Russland am 40. Jahrestag der Reaktorkatastrophe von <a class=\"transition-colors duration-200 cursor-pointer text-inherit no-underline text-salemsfur md:hover:text-magenta md:hover:border-magenta md:focus:text-magenta border-current border-b border-solid break-words\" data-tracking=\"{&quot;action&quot;:&quot;click&quot;,&quot;category&quot;:&quot;intextLink&quot;,&quot;label&quot;:&quot;\/themen\/tschernobyl\/&quot;}\" href=\"https:\/\/www.t-online.de\/themen\/tschernobyl\/\" data-sctrack=\"BodyAnchor\" rel=\"nofollow noopener\" target=\"_blank\">Tschernobyl<\/a> vor dem Hintergrund des russischen Angriffskrieges &#8222;nuklearen Terrorismus&#8220; vorgeworfen. Mit dem Einmarsch in die Ukraine im Februar 2022 habe Russland &#8222;die Welt erneut an den Rand einer menschengemachten Katastrophe&#8220; gebracht, erkl\u00e4rte Selenskyj am Sonntag in Onlinediensten. Russische Drohnen fliegen laut Selenskyj wiederholt \u00fcber Tschernobyl hinweg. Eine Drohne hatte 2025 die Schutzh\u00fclle getroffen und besch\u00e4digt.<\/p>\n","protected":false},"excerpt":{"rendered":"Newsblog zum Krieg in der Ukraine Geheimdienst meldet Spezialoperation auf der Krim Aktualisiert am 26.04.2026 &#8211; 18:16 UhrLesedauer:&hellip;\n","protected":false},"author":2,"featured_media":974731,"comment_status":"","ping_status":"","sticky":false,"template":"","format":"standard","meta":{"footnotes":"","_share_on_mastodon":"0"},"categories":[4013],"tags":[132921,1217,326,6079,331,332,2140,4542,3110,685,2520,28396,6886,1478,1479,663,325,211322,3006,13,72571,147874,211323,33687,5793,8188,3083,308,14,15,3129,4043,4044,850,307,6402,12,115878,27230,211321,6075,2544,211325,64969,317,312,107,211324],"class_list":["post-974730","post","type-post","status-publish","format-standard","has-post-thumbnail","category-russland","tag-132921","tag-1217","tag-326","tag-6079","tag-aktuelle-nachrichten","tag-aktuelle-news","tag-angriff","tag-aserbaidschan","tag-attacke","tag-bundeswehr","tag-deutsche-presse-agentur","tag-dietmar-bartsch","tag-dnipro","tag-drohne","tag-drohnenangriff","tag-europa","tag-geheimdienst","tag-georgi-filimonow","tag-halbinsel","tag-headlines","tag-ilham-alijew","tag-ilham-aliyev","tag-iwan-churs","tag-kampfflugzeug","tag-kiew","tag-kriegsschiff","tag-krim","tag-moskau","tag-nachrichten","tag-news","tag-newsblog","tag-russia","tag-russian-federation","tag-russische-foederation","tag-russland","tag-schiff","tag-schlagzeilen","tag-schwarzmeerflotte-russland","tag-sewastopol","tag-spezialoperation","tag-telegram","tag-terrorismus","tag-tscherepowez","tag-tschernobyl","tag-ukraine","tag-ukrainekrieg","tag-wolodymyr-selenskyj","tag-wologda"],"share_on_mastodon":{"url":"","error":"Validation failed: Text character limit of 500 exceeded"},"_links":{"self":[{"href":"https:\/\/www.europesays.com\/de\/wp-json\/wp\/v2\/posts\/974730","targetHints":{"allow":["GET"]}}],"collection":[{"href":"https:\/\/www.europesays.com\/de\/wp-json\/wp\/v2\/posts"}],"about":[{"href":"https:\/\/www.europesays.com\/de\/wp-json\/wp\/v2\/types\/post"}],"author":[{"embeddable":true,"href":"https:\/\/www.europesays.com\/de\/wp-json\/wp\/v2\/users\/2"}],"replies":[{"embeddable":true,"href":"https:\/\/www.europesays.com\/de\/wp-json\/wp\/v2\/comments?post=974730"}],"version-history":[{"count":0,"href":"https:\/\/www.europesays.com\/de\/wp-json\/wp\/v2\/posts\/974730\/revisions"}],"wp:featuredmedia":[{"embeddable":true,"href":"https:\/\/www.europesays.com\/de\/wp-json\/wp\/v2\/media\/974731"}],"wp:attachment":[{"href":"https:\/\/www.europesays.com\/de\/wp-json\/wp\/v2\/media?parent=974730"}],"wp:term":[{"taxonomy":"category","embeddable":true,"href":"https:\/\/www.europesays.com\/de\/wp-json\/wp\/v2\/categories?post=974730"},{"taxonomy":"post_tag","embeddable":true,"href":"https:\/\/www.europesays.com\/de\/wp-json\/wp\/v2\/tags?post=974730"}],"curies":[{"name":"wp","href":"https:\/\/api.w.org\/{rel}","templated":true}]}}