{"id":975001,"date":"2026-04-26T19:15:17","date_gmt":"2026-04-26T19:15:17","guid":{"rendered":"https:\/\/www.europesays.com\/de\/975001\/"},"modified":"2026-04-26T19:15:17","modified_gmt":"2026-04-26T19:15:17","slug":"arminia-kolumne-triumphzug-auf-dem-fahrrad-nach-dem-derbysieg-in-muenster","status":"publish","type":"post","link":"https:\/\/www.europesays.com\/de\/975001\/","title":{"rendered":"Arminia-Kolumne: Triumphzug auf dem Fahrrad nach dem Derbysieg in M\u00fcnster"},"content":{"rendered":"<p id=\"absatz1\" class=\"em_text\">M\u00fcnster\/Bielefeld. Wo fange ich an? Mit dem Guten? Nein, es gibt Dinge, \u00fcber die zu sprechen ist! Nach dem Spiel in M\u00fcnster wurden unter dem G\u00e4steblock die Waschbecken der Herrentoilette zertreten, ich stand im Wasser. Was ist da in diesen K\u00f6pfen fehlgeleitet worden?<\/p>\n<p id=\"absatz2\" class=\"em_text\">Dass ich \u00fcberdies kein Freund von Pyro bin, habe ich sicherlich schon erw\u00e4hnt. Und dann haben sich die selbst ernannten Feuerwerker auch noch gegenseitig beschossen. Das, und die Tatsache, dass sich wohl Hunderte Stehplatzkartenbesitzer Zutritt zum Sitzblock verschafft haben, hat f\u00fcr mich den Ausw\u00e4rts-Dreier emotional stark entwertet. Scheinbar haben da so einige damals im Sandkasten die Plastikschaufel zu oft auf den Kopf geschlagen bekommen! Da f\u00e4llt es mir etwas schwer, die irgendwie witzige Idee des Blau-\u00dcberklebens der gr\u00fcnen Sitzschalen und Treppenstufen entsprechend zu w\u00fcrdigen.<\/p>\n<p id=\"absatz3\"><b class=\"bold\">Zum Sieg gezittert:<\/b> <a href=\"https:\/\/www.nw.de\/sport\/fussball\/dsc_arminia_bielefeld\/24318792_Zum-Sieg-gezittert-Arminia-Bielefeld-gewinnt-das-Keller-Derby-bei-Preussen-Muenster.html\" rel=\"nofollow noopener\" target=\"_blank\">Arminia Bielefeld gewinnt das Keller-Derby bei Preu\u00dfen M\u00fcnster <\/a><\/p>\n<p id=\"absatz4\" class=\"em_text\">Dabei hat dieses Spiel ein gutes Ende f\u00fcr alle Arminen gehabt. Und der Tag insgesamt auch gut begonnen. Nach einer entspannten Anreise in den Norden der Stadt im westlichen Westfalen gab es Fr\u00fchst\u00fcck bei einem alten Schulfreund, der, auf Fu\u00dfball bezogen, irgendwann mal falsch abgebogen ist und uns mit einem gr\u00fcnen Trikot an der T\u00fcr begr\u00fc\u00dfte. \u00dcberdies standen Porzellanwaren aus der \u00f6rtlichen Merchandising-Abteilung auf dem Tisch. Durch geschicktes Ablenken und Tauschen konnte ich immerhin verhindern, meinen Kaffee aus einer gr\u00fcnen Tasse trinken zu m\u00fcssen.<\/p>\n<p>\n        \u00d7\n    <\/p>\n<p>\n            Sie erhalten in wenigen Minuten eine E-Mail zur Best\u00e4tigung Ihrer Anmeldung.\n        <\/p>\n<p>Erst danach ist diese abgeschlossen.<\/p>\n<p>Bitte pr\u00fcfen Sie auch den Spam-Ordner.<\/p>\n<p>\n        \u00d7\n    <\/p>\n<p>\n            Sie haben bisher Ihre E-Mail-Adresse noch nicht best\u00e4tigt.\n        <\/p>\n<p>Erst danach ist diese abgeschlossen.<\/p>\n<p>Bitte pr\u00fcfen Sie auch den Spam-Ordner.<\/p>\n<p>\n        \u00d7\n    <\/p>\n<p>\n            Es ist einen Fehler aufgetreten\n        <\/p>\n<p>Bei Fragen hilft unser Newsletter-Support<\/p>\n<p> Newsletter<\/p>\n<p> DSC Arminia Bielefeld<\/p>\n<p>W\u00f6chentlich alle News rund um Arminia Bielefeld.<\/p>\n<p>                Jetzt anmelden<\/p>\n<p>Das Zittern geht weiter \u2013 wohl bis zum letzten Spieltag<\/p>\n<p class=\"em_text\">Nat\u00fcrlich wurden einige Spitzen verteilt, aber wir waren uns einig: Den Gastgebern k\u00f6nnte nur noch ein Sieg helfen, w\u00e4hrend wir bei einem Sieg zumindest f\u00fcr einen Moment durchatmen k\u00f6nnen. Wie herrlich es sein muss, die zweite Liga in diesem Jahr neutral beobachten zu k\u00f6nnen. So viele Teams mit fast identischer Punkteausbeute. Aber als Armine, und das ist schon kurz nach dem Spiel klar, geht das Zittern weiter \u2013 wohl bis zum letzten Spieltag.<\/p>\n<p id=\"absatz6\"><b class=\"bold\">Stimmen zum Spiel:<\/b> <a href=\"https:\/\/www.nw.de\/sport\/fussball\/dsc_arminia_bielefeld\/24318835_Arminia-im-Derby-Glueck-Allen-in-Bielefeld-tut-das-gut.html\" rel=\"nofollow noopener\" target=\"_blank\">\u201eAllen in Bielefeld tut das gut!\u201c<\/a><\/p>\n<p id=\"absatz7\" class=\"em_text\">Unsere Mannschaft hat, bis auf die ersten f\u00fcnf und die letzten f\u00fcnfzehn Minuten viel richtig gemacht, was zuletzt ja nicht immer so war. Warum sie sich allerdings in der zweiten Halbzeit mehr und mehr in Passivit\u00e4t zeigte, war mir v\u00f6llig unklar. Es war ja nicht so, dass die Preu\u00dfen uns massiv hinten rein gedr\u00fcckt h\u00e4tten. Aber egal, es hat gereicht und der Moment, als unsere Jungs auf die Trib\u00fcne zugerannt kamen, war schon ein besonderer. Es fiel viel ab von mir, von uns. Freude \u00fcber diese drei Tore, drei Punkte, den Derbysieg. Und dennoch geht es schon bald weiter im Kampf gegen den Abstieg.<\/p>\n<p>        <a href=\"https:\/\/www.nw.de\/_em_daten\/_cache\/image\/1xRDhlVms3Mk03Y3o2VzVYUUVVNzVjVTdlYVR3eGpjaFpyNWhpYTR3K2t1TEZ3c09tR3htZWxrRUZpcjNkYlVPKzd2R3VhTzlKb1ZHdCtnTHJwTUxFZGRsbWZiQWczdWpoalpCSkVWM1d3blk9\/260426-1616-891054235.jpg\" class=\"nw-article-image\" title=\"Arminias Spieler laufen nach der Partie auf die G\u00e4stefans zu.\" data-glightbox=\"type: image; description: Arminias Spieler laufen nach der Partie auf die G\u00e4stefans zu.  | \u00a9 Teresa Kroeger\/RHR-FOTO \" rel=\"nofollow noopener\" target=\"_blank\"><br \/>\n            <img decoding=\"async\" src=\"https:\/\/www.europesays.com\/de\/wp-content\/uploads\/2026\/04\/260426-1616-891054235.jpg\" class=\"nw-img-fluid nw-w-full nw-lazy nw-rounded-t-md\" alt=\"Arminias Spieler laufen nach der Partie auf die G\u00e4stefans zu. - \u00a9 Teresa Kroeger\/RHR-FOTO\" data-format=\"16:9\"\/><br \/>\n        <\/a><\/p>\n<p>                Arminias Spieler laufen nach der Partie auf die G\u00e4stefans zu.<br \/>\n                                    | \u00a9 Teresa Kroeger\/RHR-FOTO<\/p>\n<p id=\"absatz8\" class=\"em_text\">Es gibt (leider) noch einige Klubs, die nicht so gerne absteigen m\u00f6chten. So scheint es jedenfalls. Bei unseren gr\u00fcnen Freunden leuchtet sicherlich schon bald das Licht der dritten Liga. Ungeachtet aller Rivalit\u00e4t stellt sich mir die Frage, ob es eine Statistik gibt, die beleuchtet, ob Vereine im Stadionumbau h\u00e4ufiger absteigen als andere? Mir scheint jedenfalls die Idee, den neuen G\u00e4steblock als erstes freizugeben, eine fast absurde Idee. Das ist ein verschenkter Heimvorteil. Aber wen k\u00fcmmert es hier am Teutoburger Wald? Ich sag hiermit einfach mal Danke an den oder diejenigen, die sich das so haben einfallen lassen!<\/p>\n<p>Nach dem Spiel ist vor dem Spiel: Jetzt kommt Bochum!<\/p>\n<p id=\"absatz9\" class=\"em_text\">Mit den von unseren Gastgebern geliehenen R\u00e4dern ging es nach dem Spiel einmal quer durch die Stadt zur\u00fcck. Ein gef\u00fchlter Triumphzug. Ich liebe es, bei gewonnenen Ausw\u00e4rtsspielen mit dem Rad unterwegs zu sein! Zur\u00fcck in MS-Uppenberg sa\u00df ein nur etwas entt\u00e4uschter Preu\u00dfen-Fan in seinem Garten. Er hatte schon vor dem Spiel ge\u00e4u\u00dfert, dass der Abstieg wohl kaum zu vermeiden sei.<\/p>\n<p id=\"absatz10\"><b class=\"bold\">Noten f\u00fcr Arminia:<\/b> <a href=\"https:\/\/www.nw.de\/sport\/fussball\/dsc_arminia_bielefeld\/24318947_Noten-fuer-Arminia-Roberts-Uldrikis-ist-der-Turm-in-Bielefelds-Abstiegsschlacht.html\" rel=\"nofollow noopener\" target=\"_blank\">Roberts Uldrikis ist der Turm in Bielefelds Abstiegsschlacht <\/a><\/p>\n<p id=\"absatz11\" class=\"em_text\">Ein wundersch\u00f6nes Foto, auf dem mein schwarz-wei\u00df-blauer Schal \u00fcber seinen gr\u00fcnen Schultern liegt, wird dauerhaft Zeugnis dieses f\u00fcr alle Arminen erfolgreichen Tages ablegen. Und dann war da noch ein weiterer Gast, da auch in M\u00fcnster lebend, h\u00e4ufiger Gast dort im Stadion, aber im ersten Leben eigentlich Bochumer. Und schon war das n\u00e4chste Thema auf dem Tisch.<\/p>\n<p id=\"absatz12\"><b class=\"bold\">Euer Armine von der S\u00fcd!<\/b> <\/p>\n","protected":false},"excerpt":{"rendered":"M\u00fcnster\/Bielefeld. Wo fange ich an? Mit dem Guten? Nein, es gibt Dinge, \u00fcber die zu sprechen ist! Nach&hellip;\n","protected":false},"author":2,"featured_media":975002,"comment_status":"","ping_status":"","sticky":false,"template":"","format":"standard","meta":{"footnotes":"","_share_on_mastodon":"0"},"categories":[1843],"tags":[2368,1605,3364,16877,29,1234,30,4281,4280,1608,733,8405,198610,2381,2380,737,8970,1209,8399,4279,211318,8404],"class_list":["post-975001","post","type-post","status-publish","format-standard","has-post-thumbnail","category-muenster","tag-arminia-bielefeld","tag-bielefeld","tag-de","tag-derbysieg","tag-deutschland","tag-fahrrad","tag-germany","tag-label_arminia","tag-label_l-120","tag-label_top-news","tag-label_unterhalte-mich","tag-mnster","tag-meta_artikelklasse_debatte","tag-meta_copyrights_rgowl_freier_mitarbeiter","tag-meta_themen_arminia_bielefeld","tag-meta_userneeds_lenkeab","tag-muenster","tag-nordrhein-westfalen","tag-preuen-mnster","tag-serie_nlarminia","tag-triumphzug","tag-westfalen"],"share_on_mastodon":{"url":"https:\/\/pubeurope.com\/@de\/116472613820302409","error":""},"_links":{"self":[{"href":"https:\/\/www.europesays.com\/de\/wp-json\/wp\/v2\/posts\/975001","targetHints":{"allow":["GET"]}}],"collection":[{"href":"https:\/\/www.europesays.com\/de\/wp-json\/wp\/v2\/posts"}],"about":[{"href":"https:\/\/www.europesays.com\/de\/wp-json\/wp\/v2\/types\/post"}],"author":[{"embeddable":true,"href":"https:\/\/www.europesays.com\/de\/wp-json\/wp\/v2\/users\/2"}],"replies":[{"embeddable":true,"href":"https:\/\/www.europesays.com\/de\/wp-json\/wp\/v2\/comments?post=975001"}],"version-history":[{"count":0,"href":"https:\/\/www.europesays.com\/de\/wp-json\/wp\/v2\/posts\/975001\/revisions"}],"wp:featuredmedia":[{"embeddable":true,"href":"https:\/\/www.europesays.com\/de\/wp-json\/wp\/v2\/media\/975002"}],"wp:attachment":[{"href":"https:\/\/www.europesays.com\/de\/wp-json\/wp\/v2\/media?parent=975001"}],"wp:term":[{"taxonomy":"category","embeddable":true,"href":"https:\/\/www.europesays.com\/de\/wp-json\/wp\/v2\/categories?post=975001"},{"taxonomy":"post_tag","embeddable":true,"href":"https:\/\/www.europesays.com\/de\/wp-json\/wp\/v2\/tags?post=975001"}],"curies":[{"name":"wp","href":"https:\/\/api.w.org\/{rel}","templated":true}]}}