{"id":975137,"date":"2026-04-26T20:34:17","date_gmt":"2026-04-26T20:34:17","guid":{"rendered":"https:\/\/www.europesays.com\/de\/975137\/"},"modified":"2026-04-26T20:34:17","modified_gmt":"2026-04-26T20:34:17","slug":"tag-des-baumes-in-frankenthal-stadt-treibt-pflanzoffensive-konsequent-voran","status":"publish","type":"post","link":"https:\/\/www.europesays.com\/de\/975137\/","title":{"rendered":"Tag des Baumes in Frankenthal: Stadt treibt Pflanzoffensive konsequent voran"},"content":{"rendered":"<p><img loading=\"lazy\" decoding=\"async\" src=\"https:\/\/www.europesays.com\/de\/wp-content\/uploads\/2026\/04\/Design-ohne-Titel-114.png\" alt=\"Design ohne Titel\" width=\"900\" height=\"600\" class=\"aligncenter size-full wp-image-635017\"  \/><br \/>Frankenthal\/Metropolregion Rhein-Neckar \u2013 Anl\u00e4sslich des Tags des Baumes am 25. April unterstreicht die Stadt Frankenthal ihr<br \/>Engagement f\u00fcr mehr Gr\u00fcn, Klimaschutz und Lebensqualit\u00e4t. <\/p>\n<p>Mit einer umfassenden Pflanzoffensive verfolgt Oberb\u00fcrgermeister Dr. Nicolas Meyer das Ziel, bis zum Jahr 2035<br \/>rund 1.000 neue B\u00e4ume im gesamten Stadtgebiet zu pflanzen. Die Ma\u00dfnahmen sind Teil<br \/>eines langfristig angelegten \u201eMasterplans Gr\u00fcn\u201c.<\/p>\n<p>Seit seinem Amtsantritt hat Dr. Nicolas Meyer das Projekt gezielt vorangetrieben. Bereits im<br \/>laufenden Jahr konnten wichtige Fortschritte erzielt werden: Insgesamt wurden mehr als 150<br \/>neue B\u00e4ume gepflanzt. Davon entfallen 92 B\u00e4ume auf die Stadtteile Frankenthal Nord, Ost,<br \/>M\u00f6rsch sowie das Gebiet Pilgerpfad \u2013 unter anderem entlang von Stra\u00dfen, in Gr\u00fcnanlagen<br \/>und auf Spielpl\u00e4tzen. Weitere 64 B\u00e4ume wurden im Ostpark im Rahmen einer \u00f6kologischen<br \/>Aufwertung erg\u00e4nzt.<\/p>\n<p>Die Planungen f\u00fcr die kommenden Jahre sind bereits konkret: F\u00fcr Herbst und Winter<br \/>2026\/27 sind weitere Pflanzungen mit \u00fcber 100 zus\u00e4tzlichen B\u00e4umen in Frankenthal West<br \/>vorgesehen.<\/p>\n<p>Bei der Auswahl der Baumarten setzt die Stadt bewusst auf klimaresiliente Sorten wie Ahorn<br \/>und Linde. Diese sind besonders widerstandsf\u00e4hig gegen\u00fcber Hitze und Trockenheit und<br \/>leisten damit einen wichtigen Beitrag zur Anpassung an die Folgen des Klimawandels sowie<br \/>zur langfristigen Stabilisierung des Stadtgr\u00fcns.<\/p>\n<p>Oberb\u00fcrgermeister Dr. Nicolas Meyer betont: \u201eMit unserer Pflanzoffensive schaffen wir<br \/>Schritt f\u00fcr Schritt ein widerstandsf\u00e4higeres und lebenswerteres Frankenthal \u2013 f\u00fcr heute und<br \/>f\u00fcr kommende Generationen.\u201c<\/p>\n<p>Baumspendeverfahren vereinfacht<br \/>Ein zentraler Bestandteil der Initiative ist zudem ein im Jahr 2025 vereinfachtes<br \/>Baumspendeverfahren. B\u00fcrgerinnen und B\u00fcrger haben so die M\u00f6glichkeit, sich aktiv an der<br \/>Begr\u00fcnung der Stadt zu beteiligen und damit einen konkreten Beitrag f\u00fcr Klima, Umwelt und<br \/>Lebensqualit\u00e4t zu leisten. 18 gespendete B\u00e4ume konnten in der Pflanzperiode 2025\/ 2026<br \/>so bereits gepflanzt werden.<\/p>\n<p>Weitere Informationen zur Baumspende sind online verf\u00fcgbar unter<br \/>www.frankenthal.de\/baumspende<\/p>\n<p class=\"post-modified-info\">Zuletzt aktualisiert am 26. April 2026, 20:39<\/p>\n","protected":false},"excerpt":{"rendered":"Frankenthal\/Metropolregion Rhein-Neckar \u2013 Anl\u00e4sslich des Tags des Baumes am 25. April unterstreicht die Stadt Frankenthal ihrEngagement f\u00fcr mehr&hellip;\n","protected":false},"author":2,"featured_media":975138,"comment_status":"","ping_status":"","sticky":false,"template":"","format":"standard","meta":{"footnotes":"","_share_on_mastodon":"0"},"categories":[1845],"tags":[1634,9180,12612,29849,3364,29,14967,548,663,3934,35185,30,13,11607,259,1563,1548,23936,2096,25488,25489,211486,14,14480,15,3748,6989,2191,2202,5206,28951,12,3041,2804,18627,27115,6404,4951],"class_list":["post-975137","post","type-post","status-publish","format-standard","has-post-thumbnail","category-mannheim","tag-baden-wuerttemberg","tag-baeume","tag-buerger","tag-buergerinnen","tag-de","tag-deutschland","tag-engagement","tag-eu","tag-europa","tag-europe","tag-frankenthal","tag-germany","tag-headlines","tag-hitze","tag-informationen","tag-klima","tag-klimaschutz","tag-lebensqualitaet","tag-mannheim","tag-metropolregion","tag-metropolregion-rhein-neckar","tag-moersch","tag-nachrichten","tag-neckar","tag-news","tag-oberbuergermeister","tag-online","tag-pflanzen","tag-projekt","tag-rhein","tag-rhein-neckar","tag-schlagzeilen","tag-stadt","tag-stadtgebiet","tag-stadtteile","tag-tag-des-baumes","tag-trockenheit","tag-winter"],"share_on_mastodon":{"url":"","error":"Validation failed: Text character limit of 500 exceeded"},"_links":{"self":[{"href":"https:\/\/www.europesays.com\/de\/wp-json\/wp\/v2\/posts\/975137","targetHints":{"allow":["GET"]}}],"collection":[{"href":"https:\/\/www.europesays.com\/de\/wp-json\/wp\/v2\/posts"}],"about":[{"href":"https:\/\/www.europesays.com\/de\/wp-json\/wp\/v2\/types\/post"}],"author":[{"embeddable":true,"href":"https:\/\/www.europesays.com\/de\/wp-json\/wp\/v2\/users\/2"}],"replies":[{"embeddable":true,"href":"https:\/\/www.europesays.com\/de\/wp-json\/wp\/v2\/comments?post=975137"}],"version-history":[{"count":0,"href":"https:\/\/www.europesays.com\/de\/wp-json\/wp\/v2\/posts\/975137\/revisions"}],"wp:featuredmedia":[{"embeddable":true,"href":"https:\/\/www.europesays.com\/de\/wp-json\/wp\/v2\/media\/975138"}],"wp:attachment":[{"href":"https:\/\/www.europesays.com\/de\/wp-json\/wp\/v2\/media?parent=975137"}],"wp:term":[{"taxonomy":"category","embeddable":true,"href":"https:\/\/www.europesays.com\/de\/wp-json\/wp\/v2\/categories?post=975137"},{"taxonomy":"post_tag","embeddable":true,"href":"https:\/\/www.europesays.com\/de\/wp-json\/wp\/v2\/tags?post=975137"}],"curies":[{"name":"wp","href":"https:\/\/api.w.org\/{rel}","templated":true}]}}