{"id":975514,"date":"2026-04-27T00:27:26","date_gmt":"2026-04-27T00:27:26","guid":{"rendered":"https:\/\/www.europesays.com\/de\/975514\/"},"modified":"2026-04-27T00:27:26","modified_gmt":"2026-04-27T00:27:26","slug":"holocaust-ausstellung-in-berlin-waere-ich-mutig-genug-widerstand-zu-leisten","status":"publish","type":"post","link":"https:\/\/www.europesays.com\/de\/975514\/","title":{"rendered":"Holocaust-Ausstellung in Berlin: W\u00e4re ich mutig genug, Widerstand zu leisten?"},"content":{"rendered":"<p class=\"paragraph\">Erinnerung an den 8. Juli 1994. Im Berliner ZEIT-B\u00fcro treffen sich Helmut Schmidt, Marion Gr\u00e4fin D\u00f6nhoff und Richard von Weizs\u00e4cker. Die drei bundesdeutschen Zeugen des Jahrhunderts planen ein Gespr\u00e4ch zum 50. Jahrestag des Putschversuchs gegen Hitler am 20. Juli 1944. Rasch geht es um den Holocaust. Die Gr\u00e4fin erkl\u00e4rt, von Auschwitz habe sie erst nach dem Krieg erfahren. Der Altkanzler, von 1937 bis 1945 Soldat, w\u00e4hnte sich bei der Wehrmacht \u00bbin einem Refugium\u00ab, \u00bbim einzigen anst\u00e4ndigen Verein des Dritten Reichs\u00ab. Nie habe ein milit\u00e4rischer Vorgesetzter versucht, ihm Naziideologie einzutr\u00e4ufeln. Das sei passiver Widerstand gewesen.<\/p>\n","protected":false},"excerpt":{"rendered":"Erinnerung an den 8. Juli 1994. Im Berliner ZEIT-B\u00fcro treffen sich Helmut Schmidt, Marion Gr\u00e4fin D\u00f6nhoff und Richard&hellip;\n","protected":false},"author":2,"featured_media":975515,"comment_status":"","ping_status":"","sticky":false,"template":"","format":"standard","meta":{"footnotes":"","_share_on_mastodon":"0"},"categories":[1825],"tags":[2076,296,29,7047,30,9681,211584,57,27760,591],"class_list":["post-975514","post","type-post","status-publish","format-standard","has-post-thumbnail","category-berlin","tag-ausstellung","tag-berlin","tag-deutschland","tag-genozid","tag-germany","tag-holocaust","tag-holocaust-ausstellung-in-berlin","tag-nationalsozialismus","tag-nsdap","tag-wissen"],"share_on_mastodon":{"url":"https:\/\/pubeurope.com\/@de\/116473839412208840","error":""},"_links":{"self":[{"href":"https:\/\/www.europesays.com\/de\/wp-json\/wp\/v2\/posts\/975514","targetHints":{"allow":["GET"]}}],"collection":[{"href":"https:\/\/www.europesays.com\/de\/wp-json\/wp\/v2\/posts"}],"about":[{"href":"https:\/\/www.europesays.com\/de\/wp-json\/wp\/v2\/types\/post"}],"author":[{"embeddable":true,"href":"https:\/\/www.europesays.com\/de\/wp-json\/wp\/v2\/users\/2"}],"replies":[{"embeddable":true,"href":"https:\/\/www.europesays.com\/de\/wp-json\/wp\/v2\/comments?post=975514"}],"version-history":[{"count":0,"href":"https:\/\/www.europesays.com\/de\/wp-json\/wp\/v2\/posts\/975514\/revisions"}],"wp:featuredmedia":[{"embeddable":true,"href":"https:\/\/www.europesays.com\/de\/wp-json\/wp\/v2\/media\/975515"}],"wp:attachment":[{"href":"https:\/\/www.europesays.com\/de\/wp-json\/wp\/v2\/media?parent=975514"}],"wp:term":[{"taxonomy":"category","embeddable":true,"href":"https:\/\/www.europesays.com\/de\/wp-json\/wp\/v2\/categories?post=975514"},{"taxonomy":"post_tag","embeddable":true,"href":"https:\/\/www.europesays.com\/de\/wp-json\/wp\/v2\/tags?post=975514"}],"curies":[{"name":"wp","href":"https:\/\/api.w.org\/{rel}","templated":true}]}}