{"id":975730,"date":"2026-04-27T02:44:24","date_gmt":"2026-04-27T02:44:24","guid":{"rendered":"https:\/\/www.europesays.com\/de\/975730\/"},"modified":"2026-04-27T02:44:24","modified_gmt":"2026-04-27T02:44:24","slug":"schuesse-bei-gala-in-washington-die-regierung-im-visier","status":"publish","type":"post","link":"https:\/\/www.europesays.com\/de\/975730\/","title":{"rendered":"Sch\u00fcsse bei Gala in Washington: Die Regierung im Visier?"},"content":{"rendered":"<p>            <img loading=\"lazy\" decoding=\"async\" class=\"ts-image\" src=\"https:\/\/www.europesays.com\/de\/wp-content\/uploads\/2026\/04\/donald-trump-776.jpg\" alt=\"Donald Trump\" title=\"Donald Trump | Alex Brandon\/AP\/dpa\"\/><\/p>\n<p class=\"metatextline\">Stand: 26.04.2026 \u2022 20:43 Uhr<\/p>\n<p class=\"article-head__shorttext\">\n        <strong>Nach dem Angriff auf ein Gala-Dinner mit US-Pr\u00e4sident Trump sind Details \u00fcber den mutma\u00dflichen Sch\u00fctzen bekannt geworden. Dieser hatte zahlreiche Anti-Trump-Mitteilungen ver\u00f6ffentlicht.  <\/strong>\n    <\/p>\n<p>                                    <a class=\"authorline__link\" href=\"https:\/\/www.tagesschau.de\/korrespondenten\/korrespondent-ts-732.html\" rel=\"nofollow noopener\" target=\"_blank\"><br \/>\n                                        <img decoding=\"async\" class=\"authorline__img\" alt=\"Carsten K\u00fchntopp\" src=\"https:\/\/www.europesays.com\/de\/wp-content\/uploads\/2026\/04\/kuehntopp-102.jpg\"\/><br \/>\n                                    <\/a><\/p>\n<p class=\"textabsatz m-ten m-offset-one l-eight l-offset-two columns twelve\">Donald Trump wollte ein Zeichen setzen. Deshalb entschied sich der US-Pr\u00e4sident, so schnell wie m\u00f6glich nach dem Zwischenfall vor die Presse zu treten &#8211; ein Zeichen der Entschlossenheit, dass sich die Nation von Gewaltt\u00e4tern nicht unterkriegen l\u00e4sst.<\/p>\n<p class=\"textabsatz m-ten m-offset-one l-eight l-offset-two columns twelve\">Bei der Gala habe es sich um eine Veranstaltung zum Thema Meinungsfreiheit gehandelt, die Mitglieder beider Parteien mit Vertretern der Presse zusammenbringen sollte, so Trump. Und in gewisser Weise sei das auch gelungen. &#8222;Ich sah einen Saal, der einfach vollkommen vereint war.&#8220;<\/p>\n<p>    Demonstrativ unbeeindruckt<\/p>\n<p class=\"textabsatz m-ten m-offset-one l-eight l-offset-two columns twelve\">Der Pr\u00e4sident gab sich ungew\u00f6hnlich konziliant. Auf verfr\u00fchte Schuldzuweisungen verzichtete er. Auch wenn dies bereits der dritte Anschlag auf ihn gewesen sein k\u00f6nnte &#8211; demonstrativ gibt sich der Pr\u00e4sident unbeeindruckt.<\/p>\n<p class=\"textabsatz m-ten m-offset-one l-eight l-offset-two columns twelve\">&#8222;Das ist ein gef\u00e4hrlicher Beruf&#8220;, gibt Trump zu. Aber so sehe er das nicht. Er sei hier, um seinen Job zu machen. &#8222;Ich kann mir nicht vorstellen, dass es irgendeinen Beruf gibt, der gef\u00e4hrlicher ist. Aber ich liebe das Land, und ich bin sehr stolz darauf, was wir machen.&#8220;<\/p>\n<p>    &#8222;Jeder sprang einfach unter einen Tisch&#8220;<\/p>\n<p class=\"textabsatz m-ten m-offset-one l-eight l-offset-two columns twelve\">Das j\u00e4hrliche Dinner der Vereinigung der White House Correspondents&#8216; Association ist einer der gesellschaftlichen H\u00f6hepunkte in Washington. Im Ballsaal eines gro\u00dfen Hotels waren mehr als 2.000 Menschen zusammengekommen &#8211; die meisten von ihnen Journalisten, aber neben Trump auch der Vizepr\u00e4sident und mehrere Minister.<\/p>\n<p class=\"textabsatz m-ten m-offset-one l-eight l-offset-two columns twelve\">Trump sollte eine Rede halten. Was dann passierte, schilderte sp\u00e4ter ein Augenzeuge:<\/p>\n<blockquote class=\"zitat\">\n<p>\n                    Wir sa\u00dfen da und pl\u00f6tzlich h\u00f6rten wir ein paar laute Knalle, und es war zun\u00e4chst schwer zu sagen, was los war. Doch dann st\u00fcrmte eine Menge Leute in den Raum, und wir sahen, wie alle hinausgedr\u00e4ngt wurden &#8211; Donald Trump als Erster. Da wurde uns ziemlich, ziemlich schnell klar, was vor sich ging. Und jeder einzelne um mich herum sprang einfach unter einen Tisch.<\/p>\n<\/blockquote>\n<p>    T\u00e4ter hatte in Sozialen Medien gegen Trump gewettert<\/p>\n<p class=\"textabsatz m-ten m-offset-one l-eight l-offset-two columns twelve\">Der Zwischenfall ereignete sich drau\u00dfen, vor dem Ballsaal. Im Bereich der Metalldetektoren er\u00f6ffnete ein Mann pl\u00f6tzlich das Feuer. Polizisten konnten ihn schnell \u00fcberw\u00e4ltigen. Ein Beamter des Secret Service wurde an der Brust getroffen und kam ins Krankenhaus. Da er eine Splitterschutzweste trug, kam er aber offenbar mit dem Schrecken davon.<\/p>\n<p class=\"textabsatz m-ten m-offset-one l-eight l-offset-two columns twelve\">Amerikanische Medien berichten, der Sch\u00fctze, ein 31 Jahre alter Mann aus Kalifornien, habe Minuten vor dem Gala-Dinner Familienangeh\u00f6rigen Texte geschickt, in denen er gegen die Politik der Trump-Regierung gewettert habe. Der Bruder des Mannes habe daraufhin sofort die Polizei informiert. Gleichzeitig seien die Ermittler auf zahlreiche Anti-Trump-Mitteilungen des Sch\u00fctzen in sozialen Medien gesto\u00dfen.<\/p>\n<p class=\"textabsatz m-ten m-offset-one l-eight l-offset-two columns twelve\">\u00c4hnliches hatte zuvor auch Pr\u00e4sident Trump in einem Fernsehinterview angegeben. Zudem habe der Mann ein anti-christliches Manifest verfasst, so der Pr\u00e4sident.<\/p>\n<p>    Debatte \u00fcber Sicherheitsvorkehrungen<\/p>\n<p class=\"textabsatz m-ten m-offset-one l-eight l-offset-two columns twelve\">US-Justizminister Todd Blanche sagte bei CNN zum Stand der Ermittlungen: &#8222;Nach unseren vorl\u00e4ufigen Ermittlungen scheint es, als habe der Verd\u00e4chtige Mitglieder der Regierung ins Visier genommen.&#8220; Blanches Angaben zufolge fuhr Allen wahrscheinlich mit dem Zug von Los Angeles \u00fcber Chicago nach Washington. Dort quartierte er sich am Tag vor dem Dinner im Veranstaltungshotel ein.<\/p>\n<p class=\"textabsatz m-ten m-offset-one l-eight l-offset-two columns twelve\">In den Fokus d\u00fcrfte nun auch kommen, ob die Sicherheitsvorkehrungen am Veranstaltungsort ausreichend waren. Der Justizminister spricht von einem &#8222;riesigen Erfolg f\u00fcr die Sicherheitskr\u00e4fte&#8220;. Der Verd\u00e4chtige habe den Sicherheitsbereich kaum durchbrochen. Er sei sofort \u00fcberw\u00e4ltigt worden.<\/p>\n<p class=\"textabsatz m-ten m-offset-one l-eight l-offset-two columns twelve\">So oder so: Bereits am Montag steht der Secret Service vor der n\u00e4chsten Herausforderung in Sachen Sicherheit. Dann treffen der britische K\u00f6nig Charles III. und K\u00f6nigin Camilla in Washington ein.<\/p>\n","protected":false},"excerpt":{"rendered":"Stand: 26.04.2026 \u2022 20:43 Uhr Nach dem Angriff auf ein Gala-Dinner mit US-Pr\u00e4sident Trump sind Details \u00fcber den&hellip;\n","protected":false},"author":2,"featured_media":975731,"comment_status":"","ping_status":"","sticky":false,"template":"","format":"standard","meta":{"footnotes":"","_share_on_mastodon":"0"},"categories":[5],"tags":[331,332,3364,29,8264,30,13,14,15,12,2688,113,320],"class_list":["post-975730","post","type-post","status-publish","format-standard","has-post-thumbnail","category-nachrichten","tag-aktuelle-nachrichten","tag-aktuelle-news","tag-de","tag-deutschland","tag-gala","tag-germany","tag-headlines","tag-nachrichten","tag-news","tag-schlagzeilen","tag-schuesse","tag-trump","tag-washington"],"share_on_mastodon":{"url":"https:\/\/pubeurope.com\/@de\/116474378652073808","error":""},"_links":{"self":[{"href":"https:\/\/www.europesays.com\/de\/wp-json\/wp\/v2\/posts\/975730","targetHints":{"allow":["GET"]}}],"collection":[{"href":"https:\/\/www.europesays.com\/de\/wp-json\/wp\/v2\/posts"}],"about":[{"href":"https:\/\/www.europesays.com\/de\/wp-json\/wp\/v2\/types\/post"}],"author":[{"embeddable":true,"href":"https:\/\/www.europesays.com\/de\/wp-json\/wp\/v2\/users\/2"}],"replies":[{"embeddable":true,"href":"https:\/\/www.europesays.com\/de\/wp-json\/wp\/v2\/comments?post=975730"}],"version-history":[{"count":0,"href":"https:\/\/www.europesays.com\/de\/wp-json\/wp\/v2\/posts\/975730\/revisions"}],"wp:featuredmedia":[{"embeddable":true,"href":"https:\/\/www.europesays.com\/de\/wp-json\/wp\/v2\/media\/975731"}],"wp:attachment":[{"href":"https:\/\/www.europesays.com\/de\/wp-json\/wp\/v2\/media?parent=975730"}],"wp:term":[{"taxonomy":"category","embeddable":true,"href":"https:\/\/www.europesays.com\/de\/wp-json\/wp\/v2\/categories?post=975730"},{"taxonomy":"post_tag","embeddable":true,"href":"https:\/\/www.europesays.com\/de\/wp-json\/wp\/v2\/tags?post=975730"}],"curies":[{"name":"wp","href":"https:\/\/api.w.org\/{rel}","templated":true}]}}