{"id":975831,"date":"2026-04-27T03:50:23","date_gmt":"2026-04-27T03:50:23","guid":{"rendered":"https:\/\/www.europesays.com\/de\/975831\/"},"modified":"2026-04-27T03:50:23","modified_gmt":"2026-04-27T03:50:23","slug":"s04-macht-aufstieg-perfekt-90-bringt-schalke-frauen-die-regionalliga","status":"publish","type":"post","link":"https:\/\/www.europesays.com\/de\/975831\/","title":{"rendered":"S04 macht Aufstieg perfekt: 9:0 bringt Schalke-Frauen die Regionalliga"},"content":{"rendered":"<p><strong>W\u00e4hrend die M\u00e4nner des FC Schalke 04 trotz ihres <a href=\"https:\/\/schalketotal.de\/2026\/04\/26\/s04-stoesst-tor-zur-bundesliga-weit-auf-doppelpacker-ljubicic-sorgt-fuer-sieg-in-paderborn\/\" rel=\"nofollow noopener\" target=\"_blank\">3:2-Sieges beim SC Paderborn<\/a> noch mindestens eine Woche warten m\u00fcssen, d\u00fcrfen die Frauen ihren Aufstieg bereits heute feiern. Nach einem 9:0 \u00fcber den FC Iserlohn steht Schalke 04 als Aufsteiger der Westfalenliga fest und wird ab Sommer als Drittligist an den Start gehen.<\/strong><\/p>\n<p>Eine \u201eperfekte\u201c Saison wird es nicht mehr werden f\u00fcr die Frauen des FC Schalke 04. Nach sechzehn Siegen in Folge seit Saisonbeginn hatte es vor Kurzem ausgerechnet <a href=\"https:\/\/schalketotal.de\/2026\/03\/30\/ueberraschung-frauen-von-schalke-04-verlieren-erstmals-ausgerechnet-beim-bvb\/\" rel=\"nofollow noopener\" target=\"_blank\">bei Borussia Dortmund II<\/a> die erste und weiterhin einzige Niederlage gegeben. Auf dem Weg zum Aufstieg lie\u00dfen sich die Spielerinnen von Trainer Stefan Colmsee allerdings nicht aufhalten. <\/p>\n<p>Dieser steht seit wenigen Minuten fest, weil man gegen den FC Iserlohn nichts anbrennen lie\u00df und den n\u00e4chsten Dreier einfuhr. Die Tore beim 9:0 f\u00fcr Schalke 04 erzielten Jolina Opladen mit einem Viererpack, Lilly Carlotta Stojan, Maja H\u00fcnnemeyer, Jule von der Lahn, Dana Marie Salic und Antonia Heilker. <\/p>\n<p>Damit kommen die Frauen des FC Schalke 04 auf 60 Punkte. Dritter ist die <a href=\"https:\/\/www.kicker.de\/ama_32574801\/spieltag\/2025-26\/21\" rel=\"nofollow noopener\" target=\"_blank\">SVKT 07 Minden mit 42 Punkten<\/a>. Bei noch zu absolvierenden f\u00fcnf Spieltagen ist dieser R\u00fcckstand seit dem Schlusspfiff auf Schalke nicht mehr aufzuholen. <\/p>\n<p>Gro\u00dfe Freude herrscht bei den Frauen von K\u00f6nigsblau. Nachdem man im Vorjahr dem BVB den Vortritt in der Westfalenliga lassen musste und nur Vizemeister wurde \u2013 damals stieg nur der Meister auf \u2013 hat man ein Jahr sp\u00e4ter den Aufstieg in die Regionalliga West nachgeholt.<\/p>\n<p><img loading=\"lazy\" decoding=\"async\" src=\"https:\/\/www.europesays.com\/de\/wp-content\/uploads\/2025\/08\/imago1053049264-1024x681.jpg\" alt=\"Frauen-Westfalenliga, Schalke 04 - Borussia Dortmund\" width=\"1024\" height=\"681\" class=\"size-large wp-image-38267\"  \/>Foto: IMAGO<br \/>\nFrauen von Schalke 04 ab Sommer Regionalligist<\/p>\n<p>Von Beginn der Saison an war das Schalker Team mehr oder weniger au\u00dferhalb der Konkurrenz spielend durch die Liga marschiert. So zeichnete sich fr\u00fch ab, dass es nur eine Frage der Zeit sein w\u00fcrde, wann der vorzeitige Aufstieg der Gelsenkirchenerinnen feststehen w\u00fcrde, was nun der Fall ist \u2013 f\u00fcnf Spieltage vor Ende der Saison.<\/p>\n<p>Nichtsdestotrotz hat das Colmsee-Team in dieser Saison noch Ziele. Erstens will man nun nat\u00fcrlich auch den Meistertitel holen, wof\u00fcr man den BVB II weiter auf Distanz halten muss. Dann steigt in K\u00fcrze auch das Finale des Westfalenpokals, in dem man die Saison mit dem Gewinn des Doubles noch kr\u00f6nen kann, sofern Ziel 1 erreicht wird. Zudem w\u00fcrde man sich mit einem solchen Erfolg f\u00fcr den DFB-Pokal qualifizieren, was dann erstmals f\u00fcr die neuen Schalker Frauen gegeben w\u00e4re.<\/p>\n<p>Heute herrscht aber erst einmal gute Laune vor, weil mit dem Sieg \u00fcber Iserlohn das wichtigste aller Saisonziele unter Dach und Fach ist.<\/p>\n","protected":false},"excerpt":{"rendered":"W\u00e4hrend die M\u00e4nner des FC Schalke 04 trotz ihres 3:2-Sieges beim SC Paderborn noch mindestens eine Woche warten&hellip;\n","protected":false},"author":2,"featured_media":370297,"comment_status":"","ping_status":"","sticky":false,"template":"","format":"standard","meta":{"footnotes":"","_share_on_mastodon":"0"},"categories":[1848],"tags":[5876,3364,29,49999,548,663,3934,3658,30,13,211639,14,15,1209,3840,12,25625],"class_list":["post-975831","post","type-post","status-publish","format-standard","has-post-thumbnail","category-gelsenkirchen","tag-aufstieg","tag-de","tag-deutschland","tag-double","tag-eu","tag-europa","tag-europe","tag-gelsenkirchen","tag-germany","tag-headlines","tag-jolina-opladen","tag-nachrichten","tag-news","tag-nordrhein-westfalen","tag-regionalliga-west","tag-schlagzeilen","tag-westfalenliga"],"share_on_mastodon":{"url":"https:\/\/pubeurope.com\/@de\/116474637778786874","error":""},"_links":{"self":[{"href":"https:\/\/www.europesays.com\/de\/wp-json\/wp\/v2\/posts\/975831","targetHints":{"allow":["GET"]}}],"collection":[{"href":"https:\/\/www.europesays.com\/de\/wp-json\/wp\/v2\/posts"}],"about":[{"href":"https:\/\/www.europesays.com\/de\/wp-json\/wp\/v2\/types\/post"}],"author":[{"embeddable":true,"href":"https:\/\/www.europesays.com\/de\/wp-json\/wp\/v2\/users\/2"}],"replies":[{"embeddable":true,"href":"https:\/\/www.europesays.com\/de\/wp-json\/wp\/v2\/comments?post=975831"}],"version-history":[{"count":0,"href":"https:\/\/www.europesays.com\/de\/wp-json\/wp\/v2\/posts\/975831\/revisions"}],"wp:featuredmedia":[{"embeddable":true,"href":"https:\/\/www.europesays.com\/de\/wp-json\/wp\/v2\/media\/370297"}],"wp:attachment":[{"href":"https:\/\/www.europesays.com\/de\/wp-json\/wp\/v2\/media?parent=975831"}],"wp:term":[{"taxonomy":"category","embeddable":true,"href":"https:\/\/www.europesays.com\/de\/wp-json\/wp\/v2\/categories?post=975831"},{"taxonomy":"post_tag","embeddable":true,"href":"https:\/\/www.europesays.com\/de\/wp-json\/wp\/v2\/tags?post=975831"}],"curies":[{"name":"wp","href":"https:\/\/api.w.org\/{rel}","templated":true}]}}