{"id":975843,"date":"2026-04-27T04:00:29","date_gmt":"2026-04-27T04:00:29","guid":{"rendered":"https:\/\/www.europesays.com\/de\/975843\/"},"modified":"2026-04-27T04:00:29","modified_gmt":"2026-04-27T04:00:29","slug":"spannender-kampf-zwischen-dem-1-fc-gievenbeck-und-dem-rot-weiss-ahlen-i","status":"publish","type":"post","link":"https:\/\/www.europesays.com\/de\/975843\/","title":{"rendered":"Spannender Kampf zwischen dem 1. FC Gievenbeck und dem Rot Weiss Ahlen I"},"content":{"rendered":"<p>                                Spielinfos:<br \/>\nDatum &amp; Uhrzeit: 26.04.2026 14.30 Uhr<br \/>Austragungsort: M\u00fcnster<br \/>Wettbewerb: Oberliga Westfalen<br \/>Spieltag: 33<\/p>\n<p>Spielbericht: 1. FC Gievenbeck gegen Rot Weiss Ahlen I 2:2 (0:0)<\/p>\n<p id=\"absatz2\" class=\"em_text\">M\u00fcnster. Das Match 1. FC Gievenbeck gegen Rot Weiss Ahlen I sorgt am Sonntag f\u00fcr gespannte Zuschauer in der M\u00fcnsteraner Br\u00fcckinger Arena.<\/p>\n<p id=\"absatz3\" class=\"em_text\">In der ersten Spielh\u00e4lfte schafft es kein Ball hinter die Linie und die Mannschaften gehen unentschieden in die Unterbrechung. In der 61. Spielminute geht es dann zur Sache. Fabian Witt schie\u00dft den ersten Treffer und verschafft den Gastgebern die F\u00fchrung. In der 79. Minute greift der Schiri in die Tasche. Der 1. FC Gievenbeck steckt einmal Gelb ein (79). Die Gievenbecker setzen nochmal nach: Zwei Minuten vor Spielende f\u00e4llt das zweite Tor durch Benedikt Hubert Wilhelm Fallbrock. Ahlen liegt 2:0 zur\u00fcck. In Minute 93 jedoch wendet sich das Blatt: Marc Heider startet zum Gegenangriff, schie\u00dft und trifft. 2:1.<\/p>\n<p id=\"absatz4\" class=\"em_text\">Unmittelbar darauf kickt Marc Heider den Ball erneut \u00fcber die Linie und feiert den Ausgleich f\u00fcr das Ahlener Team (96).<\/p>\n<p>Die Aufstellungen: 1. FC Gievenbeck &#8211; Rot Weiss Ahlen I<br \/>\nFC Gievenbeck: Ben Matteo Wolf (25), Nico Eschhaus (1), Alexander Wieth\u00f6lter (9), Jelke Willem Elferink (14), Mika Keute (6), Louis Elias Martin (7), Jonas Tepper (2), Kerolos Makkar (39), Felix Bela Ritter (8), Niklas Beil (12), Fabian Witt (10)<\/p>\n<p id=\"absatz5\" class=\"em_text\">Rot Weiss Ahlen I: Louis Krieg (24), Jan Holldack (13), Fabian Holthaus (6), Oktay Dal (19), Emro Curic (7), Lukas Ilija van Ingen (33), Marc Heider (23), Gianluca Di Vinti (11), Tim Walter Breuer (2), Bernad Gllogjani (44), Kilian Hornbruch (22)<br \/>Schiedsrichter: Marcel Benkhoff<\/p>\n<p id=\"absatz6\" class=\"em_text\">Assistent: Lars Sielemann<\/p>\n<p id=\"absatz7\" class=\"em_text\">Assistent: Patrick Schwabe<\/p>\n<p id=\"absatz8\" class=\"em_text\" style=\"font-size: .8em;\">Die Inhalte dieses Berichts wurden automatisch auf der Basis von DFB-Daten zusammengestellt.<\/p>\n","protected":false},"excerpt":{"rendered":"Spielinfos: Datum &amp; Uhrzeit: 26.04.2026 14.30 UhrAustragungsort: M\u00fcnsterWettbewerb: Oberliga WestfalenSpieltag: 33 Spielbericht: 1. FC Gievenbeck gegen Rot Weiss&hellip;\n","protected":false},"author":2,"featured_media":975844,"comment_status":"","ping_status":"","sticky":false,"template":"","format":"standard","meta":{"footnotes":"","_share_on_mastodon":"0"},"categories":[1843],"tags":[17783,17788,3364,29,55181,5282,30,17786,8405,27905,734,7774,1613,8970,1209,12006,17782,17712,7773,7765,8404],"class_list":["post-975843","post","type-post","status-publish","format-standard","has-post-thumbnail","category-muenster","tag-1-fc-gievenbeck","tag-ahlen","tag-de","tag-deutschland","tag-fabian-witt","tag-fuball","tag-germany","tag-gievenbeck","tag-mnster","tag-marc-heider","tag-meta_artikelklasse_nachricht","tag-meta_themen_sport","tag-meta_userneeds_informieremich","tag-muenster","tag-nordrhein-westfalen","tag-oberliga","tag-rot-weiss-ahlen","tag-serie_ligaid_210198","tag-serie_ligaid_all","tag-spielinfo","tag-westfalen"],"share_on_mastodon":{"url":"https:\/\/pubeurope.com\/@de\/116474676915984040","error":""},"_links":{"self":[{"href":"https:\/\/www.europesays.com\/de\/wp-json\/wp\/v2\/posts\/975843","targetHints":{"allow":["GET"]}}],"collection":[{"href":"https:\/\/www.europesays.com\/de\/wp-json\/wp\/v2\/posts"}],"about":[{"href":"https:\/\/www.europesays.com\/de\/wp-json\/wp\/v2\/types\/post"}],"author":[{"embeddable":true,"href":"https:\/\/www.europesays.com\/de\/wp-json\/wp\/v2\/users\/2"}],"replies":[{"embeddable":true,"href":"https:\/\/www.europesays.com\/de\/wp-json\/wp\/v2\/comments?post=975843"}],"version-history":[{"count":0,"href":"https:\/\/www.europesays.com\/de\/wp-json\/wp\/v2\/posts\/975843\/revisions"}],"wp:featuredmedia":[{"embeddable":true,"href":"https:\/\/www.europesays.com\/de\/wp-json\/wp\/v2\/media\/975844"}],"wp:attachment":[{"href":"https:\/\/www.europesays.com\/de\/wp-json\/wp\/v2\/media?parent=975843"}],"wp:term":[{"taxonomy":"category","embeddable":true,"href":"https:\/\/www.europesays.com\/de\/wp-json\/wp\/v2\/categories?post=975843"},{"taxonomy":"post_tag","embeddable":true,"href":"https:\/\/www.europesays.com\/de\/wp-json\/wp\/v2\/tags?post=975843"}],"curies":[{"name":"wp","href":"https:\/\/api.w.org\/{rel}","templated":true}]}}