{"id":975933,"date":"2026-04-27T04:59:14","date_gmt":"2026-04-27T04:59:14","guid":{"rendered":"https:\/\/www.europesays.com\/de\/975933\/"},"modified":"2026-04-27T04:59:14","modified_gmt":"2026-04-27T04:59:14","slug":"prozess-wegen-anschlagsvorbereitung-am-landgericht-berlin-beginnt","status":"publish","type":"post","link":"https:\/\/www.europesays.com\/de\/975933\/","title":{"rendered":"Prozess wegen Anschlagsvorbereitung am Landgericht Berlin beginnt"},"content":{"rendered":"<p>Bei Durchsuchungen in seiner Wohnung in Berlin-Neuk\u00f6lln seien Beweismittel sichergestellt worden, teilte die Staatsanwaltschaft mit. Der Syrer habe im Internet mehrere Gegenst\u00e4nde erworben, die mutma\u00dflich zum Bau einer Sprengvorrichtung geeignet sind. Zudem habe er in sozialen Medien Videos ver\u00f6ffentlicht, die mit sogenannten Naschids unterlegt waren. Das sind Kampflieder und Hymnen der Terrormiliz Islamischer Staat (IS), die im jihadistischen Kontext zur Emotionalisierung wie politischen Mobilisierung eingesetzt werden, hei\u00dft es in einer Mitteilung der Generalstaatsanwaltschaft Berlin.<\/p>\n<p>F\u00fcnf Prozesstage sind bislang geplant.<\/p>\n","protected":false},"excerpt":{"rendered":"Bei Durchsuchungen in seiner Wohnung in Berlin-Neuk\u00f6lln seien Beweismittel sichergestellt worden, teilte die Staatsanwaltschaft mit. Der Syrer habe&hellip;\n","protected":false},"author":2,"featured_media":975934,"comment_status":"","ping_status":"","sticky":false,"template":"","format":"standard","meta":{"footnotes":"","_share_on_mastodon":"0"},"categories":[1825],"tags":[296,29,30,211659],"class_list":["post-975933","post","type-post","status-publish","format-standard","has-post-thumbnail","category-berlin","tag-berlin","tag-deutschland","tag-germany","tag-rbb24polizei"],"share_on_mastodon":{"url":"https:\/\/pubeurope.com\/@de\/116474909111915319","error":""},"_links":{"self":[{"href":"https:\/\/www.europesays.com\/de\/wp-json\/wp\/v2\/posts\/975933","targetHints":{"allow":["GET"]}}],"collection":[{"href":"https:\/\/www.europesays.com\/de\/wp-json\/wp\/v2\/posts"}],"about":[{"href":"https:\/\/www.europesays.com\/de\/wp-json\/wp\/v2\/types\/post"}],"author":[{"embeddable":true,"href":"https:\/\/www.europesays.com\/de\/wp-json\/wp\/v2\/users\/2"}],"replies":[{"embeddable":true,"href":"https:\/\/www.europesays.com\/de\/wp-json\/wp\/v2\/comments?post=975933"}],"version-history":[{"count":0,"href":"https:\/\/www.europesays.com\/de\/wp-json\/wp\/v2\/posts\/975933\/revisions"}],"wp:featuredmedia":[{"embeddable":true,"href":"https:\/\/www.europesays.com\/de\/wp-json\/wp\/v2\/media\/975934"}],"wp:attachment":[{"href":"https:\/\/www.europesays.com\/de\/wp-json\/wp\/v2\/media?parent=975933"}],"wp:term":[{"taxonomy":"category","embeddable":true,"href":"https:\/\/www.europesays.com\/de\/wp-json\/wp\/v2\/categories?post=975933"},{"taxonomy":"post_tag","embeddable":true,"href":"https:\/\/www.europesays.com\/de\/wp-json\/wp\/v2\/tags?post=975933"}],"curies":[{"name":"wp","href":"https:\/\/api.w.org\/{rel}","templated":true}]}}