{"id":976023,"date":"2026-04-27T05:56:18","date_gmt":"2026-04-27T05:56:18","guid":{"rendered":"https:\/\/www.europesays.com\/de\/976023\/"},"modified":"2026-04-27T05:56:18","modified_gmt":"2026-04-27T05:56:18","slug":"volksfest-nuernberg-endet-schaustelle-ziehen-wechselhafte-bilanz","status":"publish","type":"post","link":"https:\/\/www.europesays.com\/de\/976023\/","title":{"rendered":"Volksfest N\u00fcrnberg endet: Schaustelle ziehen &#8222;wechselhafte&#8220; Bilanz"},"content":{"rendered":"<p>Volksfest N\u00fcrnberg <\/p>\n<p>Schausteller ziehen nach Fr\u00fchlingsfest Bilanz: &#8222;Wechselhaft&#8220;<\/p>\n<p>27.04.2026 &#8211; 07:48 UhrLesedauer: 2 Min.<\/p>\n<p><a href=\"#focus-0\" class=\"transition-colors duration-200 block text-current relative\" data-sctrack=\"FocusGalleryImage.Reference\"><img fetchpriority=\"high\" data-testid=\"Opener.Image\" style=\"--lqipURL:url('https:\/\/images.t-online.de\/2026\/04\/WpLOoIp0u1be\/0x209:4000x2250\/fit-in\/150x0\/filters:blur(25)\/eroeffnungstag-beim-jubilaeums-fruehlingsfest-nuernberg-04-042026-besucher-gehen-ueber-das-gelaende-des-nuernberger-fruehlingsfestes-zwischen-verkaufsstaenden-und-spielbuden-waehrend-sich-ein-kettenkarussell-ueber-dem-festgelaende-dreht-die-aufnahme-zeigt-den-laufenden-festbetrieb-im-jubilaeumsjahr-des-nuernberger-volksfestes-nuernberg-bayern-deutschland-opening-day-at-the-anniversary-spring-festival-nuremberg-04-04-2026-visitors-walk-across-the-grounds-of-the-nuremberg-spring-festival-between-stalls-and-game.jpg')\"   loading=\"eager\" src=\"https:\/\/www.europesays.com\/de\/wp-content\/uploads\/2026\/04\/eroeffnungstag-beim-jubilaeums-fruehlingsfest-nuernberg-04-042026-besucher-gehen-ueber-das-gelaende-.jpeg\" alt=\"imago images 0852664222\" title=\"imago images 0852664222\" width=\"4000\" height=\"2250\" class=\"bg-[url:var(--lqipURL)] bg-cover bg-center flex h-full w-full max-w-full\" decoding=\"async\"\/><img style=\"--width:32;--height:32\" loading=\"lazy\" src=\"https:\/\/nuernberg.t-online.de\/s\/paper\/_next\/static\/media\/zoom-in.f7dae02f.svg\" alt=\"Vergr\u00f6\u00dfern des Bildes\" title=\"Vergr\u00f6\u00dfern des Bildes\" class=\"block h-[calc(var(--height)_\/_16_*_1rem)] w-[calc(var(--width)_\/_16_*_1rem)] max-w-none absolute bottom-8 right-8 rounded-4 bg-snow p-8\" decoding=\"async\"\/><\/a><\/p>\n<p>Das N\u00fcrnberger Volksfest (Archivbild): Das Wetter spielte nicht immer mit. (Quelle: IMAGO\/Ardan Fuessmann\/imago)<\/p>\n<p class=\"font-bold text-18 leading-17 user-text-lg:text-22 user-text-xl:text-24\">Drei Wochen Volksfest enden. Die Bilanz der Schausteller f\u00e4llt trotz verschiedener Widrigkeiten positiv aus. Warum sie schon jetzt Richtung Herbst schauen.<\/p>\n<p class=\"text-18 leading-17 user-text-lg:text-22 user-text-xl:text-24\">Das N\u00fcrnberger Fr\u00fchlingsvolksfest 2026 ist nach drei Wochen zu Ende gegangen. Sonniges Wetter h\u00e4tte dem Fest nach wechselhaften Tagen einen &#8222;ph\u00e4nomenalen Abschluss&#8220; beschert, sagt Lorenz Kalb, der Vorsitzende des S\u00fcddeutschen Schaustellerverbandes.<\/p>\n<p class=\"text-18 leading-17 user-text-lg:text-22 user-text-xl:text-24\">Zeitweise h\u00e4tten Regen und kalte Tage die Besucherzahlen gedr\u00fcckt, hei\u00dft es in der Mitteilung der Schausteller. Rudolf Barth, der das Jupiter Riesenrad betreibt, spricht von einem &#8222;wechselhaften Fest&#8220;. In der Mitte habe es einen Durchh\u00e4nger gegeben, die letzte Woche sei dann wieder stark gewesen.<\/p>\n<p class=\"text-18 leading-17 user-text-lg:text-22 user-text-xl:text-24\">Robert F\u00f6rster, der mit einem Pommes-Stand vertreten war, zog trotz der schwierigen Rahmenbedingungen ein positives Fazit: &#8222;Trotz des wechselhaften Wetters, der politischen Gro\u00dflage, der \u00d6lpreise, war es am Ende f\u00fcr uns ein ganz normales Fest.&#8220; Vor allem dank der letzten Tage sei er &#8222;sehr zufrieden&#8220;.<\/p>\n<p class=\"text-18 leading-17 user-text-lg:text-22 user-text-xl:text-24\">Kalb, Vorsitzender des S\u00fcddeutschen Schaustellerverbands, sprach von einem friedlichen Familienfest mit guter Publikumsresonanz. Zwei Fu\u00dfballspiele des <a class=\"transition-colors duration-200 cursor-pointer text-inherit no-underline text-salemsfur md:hover:text-magenta md:hover:border-magenta md:focus:text-magenta border-current border-b border-solid break-words\" data-tracking=\"{&quot;action&quot;:&quot;click&quot;,&quot;category&quot;:&quot;intextLink&quot;,&quot;label&quot;:&quot;https:\/\/www.t-online.de\/themen\/1-fc-nuernberg\/&quot;}\" href=\"https:\/\/www.t-online.de\/themen\/1-fc-nuernberg\/\" data-sctrack=\"BodyAnchor\" rel=\"nofollow noopener\" target=\"_blank\">1. FC N\u00fcrnberg<\/a> h\u00e4tten zus\u00e4tzlich Besucher auf den Platz gezogen.<\/p>\n<p class=\"text-18 leading-17 user-text-lg:text-22 user-text-xl:text-24\">Das n\u00e4chste Volksfest ist derweil schon in Planung: Das N\u00fcrnberger Herbstvolksfest feiert 2026 sein 200. Jubil\u00e4um. Es findet vom 28. August bis zum 13. September statt. Kalb k\u00fcndigte an, die G\u00e4ste k\u00f6nnten eine besondere Veranstaltung erwarten \u2013 n\u00e4here Details nannte er jedoch nicht.<\/p>\n","protected":false},"excerpt":{"rendered":"Volksfest N\u00fcrnberg Schausteller ziehen nach Fr\u00fchlingsfest Bilanz: &#8222;Wechselhaft&#8220; 27.04.2026 &#8211; 07:48 UhrLesedauer: 2 Min. Das N\u00fcrnberger Volksfest (Archivbild):&hellip;\n","protected":false},"author":2,"featured_media":976024,"comment_status":"","ping_status":"","sticky":false,"template":"","format":"standard","meta":{"footnotes":"","_share_on_mastodon":"0"},"categories":[1837],"tags":[17161,522,772,3364,29,7820,22981,30,3783,22982,12480,76263],"class_list":["post-976023","post","type-post","status-publish","format-standard","has-post-thumbnail","category-nuernberg","tag-17161","tag-522","tag-bayern","tag-de","tag-deutschland","tag-fruehlingsfest","tag-fruehlingsvolksfest","tag-germany","tag-nuernberg","tag-nuernberger-volksfest","tag-volksfest","tag-widrigkeit"],"share_on_mastodon":{"url":"https:\/\/pubeurope.com\/@de\/116475133290817127","error":""},"_links":{"self":[{"href":"https:\/\/www.europesays.com\/de\/wp-json\/wp\/v2\/posts\/976023","targetHints":{"allow":["GET"]}}],"collection":[{"href":"https:\/\/www.europesays.com\/de\/wp-json\/wp\/v2\/posts"}],"about":[{"href":"https:\/\/www.europesays.com\/de\/wp-json\/wp\/v2\/types\/post"}],"author":[{"embeddable":true,"href":"https:\/\/www.europesays.com\/de\/wp-json\/wp\/v2\/users\/2"}],"replies":[{"embeddable":true,"href":"https:\/\/www.europesays.com\/de\/wp-json\/wp\/v2\/comments?post=976023"}],"version-history":[{"count":0,"href":"https:\/\/www.europesays.com\/de\/wp-json\/wp\/v2\/posts\/976023\/revisions"}],"wp:featuredmedia":[{"embeddable":true,"href":"https:\/\/www.europesays.com\/de\/wp-json\/wp\/v2\/media\/976024"}],"wp:attachment":[{"href":"https:\/\/www.europesays.com\/de\/wp-json\/wp\/v2\/media?parent=976023"}],"wp:term":[{"taxonomy":"category","embeddable":true,"href":"https:\/\/www.europesays.com\/de\/wp-json\/wp\/v2\/categories?post=976023"},{"taxonomy":"post_tag","embeddable":true,"href":"https:\/\/www.europesays.com\/de\/wp-json\/wp\/v2\/tags?post=976023"}],"curies":[{"name":"wp","href":"https:\/\/api.w.org\/{rel}","templated":true}]}}