{"id":976143,"date":"2026-04-27T07:06:30","date_gmt":"2026-04-27T07:06:30","guid":{"rendered":"https:\/\/www.europesays.com\/de\/976143\/"},"modified":"2026-04-27T07:06:30","modified_gmt":"2026-04-27T07:06:30","slug":"ukraine-krieg-aktuell-nato-truppenverlegung-durch-deutschland-moeglich","status":"publish","type":"post","link":"https:\/\/www.europesays.com\/de\/976143\/","title":{"rendered":"Ukraine-Krieg aktuell: Nato-Truppenverlegung durch Deutschland m\u00f6glich"},"content":{"rendered":"<p>Newsblog zum Krieg in der Ukraine <\/p>\n<p>Nato k\u00f6nnte 800.000 Soldaten durch Deutschland schicken<\/p>\n<p>27.04.2026 &#8211; 08:34 UhrLesedauer: 3 Min.<\/p>\n<p><a href=\"#focus-0\" class=\"transition-colors duration-200 block text-current relative\" data-sctrack=\"FocusGalleryImage.Reference\"><img fetchpriority=\"high\" data-testid=\"Opener.Image\" style=\"--lqipURL:url('https:\/\/images.t-online.de\/2026\/04\/4bccT8Gcz6Xf\/0x282:4000x2250\/fit-in\/150x0\/filters:blur(25)\/nato-soldaten-verschiedener-mitgliedsstaaten-archivbild-800-000-von-ihnen-koennten-durch-deutschland-verlegt-werden.jpg')\"   loading=\"eager\" src=\"https:\/\/www.europesays.com\/de\/wp-content\/uploads\/2026\/04\/nato-soldaten-verschiedener-mitgliedsstaaten-archivbild-800-000-von-ihnen-koennten-durch-deutschland.jpeg\" alt=\"imago images 0492823625\" title=\"imago images 0492823625\" width=\"4000\" height=\"2250\" class=\"bg-[url:var(--lqipURL)] bg-cover bg-center flex h-full w-full max-w-full\" decoding=\"async\"\/><img style=\"--width:32;--height:32\" loading=\"lazy\" src=\"https:\/\/www.t-online.de\/s\/paper\/_next\/static\/media\/zoom-in.f7dae02f.svg\" alt=\"Vergr\u00f6\u00dfern des Bildes\" title=\"Vergr\u00f6\u00dfern des Bildes\" class=\"block h-[calc(var(--height)_\/_16_*_1rem)] w-[calc(var(--width)_\/_16_*_1rem)] max-w-none absolute bottom-8 right-8 rounded-4 bg-snow p-8\" decoding=\"async\"\/><\/a><\/p>\n<p>Nato-Soldaten verschiedener Mitgliedsstaaten (Archivbild): 800 000 von ihnen k\u00f6nnten durch Deutschland verlegt werden. (Quelle: IMAGO\/Dwi Anoraganingrum)<\/p>\n<p class=\"font-bold text-18 leading-17 user-text-lg:text-22 user-text-xl:text-24\">Im Bedrohungsfall m\u00fcssen Nato-Streitkr\u00e4fte durch Deutschland an die Ostflanke gelangen. Die Ukraine hat die von Russland annektierte ukrainische Halbinsel Krim angegriffen. Alle Entwicklungen im Newsblog.<\/p>\n<p class=\"text-18 leading-17 user-text-lg:text-22 user-text-xl:text-24\">Sollte es zu einer Bedrohung eines oder mehrerer Nato-Staaten kommen, w\u00fcrden Truppenteile der <a class=\"transition-colors duration-200 cursor-pointer text-inherit no-underline text-salemsfur md:hover:text-magenta md:hover:border-magenta md:focus:text-magenta border-current border-b border-solid break-words\" data-tracking=\"{&quot;action&quot;:&quot;click&quot;,&quot;category&quot;:&quot;intextLink&quot;,&quot;label&quot;:&quot;\/themen\/nato\/&quot;}\" href=\"https:\/\/www.t-online.de\/themen\/nato\/\" data-sctrack=\"BodyAnchor\" rel=\"nofollow noopener\" target=\"_blank\">Nato<\/a> an deren Ostflanke verlegt. Das erkl\u00e4rte der Bundeswehr-Oberst Armin Schaus dem Sender n-tv. &#8222;Allein zur Abschreckung w\u00fcrden bis zu 800.000 Streitkr\u00e4fte der Nato-Staaten samt Ger\u00e4t durch Deutschland hindurch an die Ostflanke verlegt.&#8220;<\/p>\n<p class=\"text-18 leading-17 user-text-lg:text-22 user-text-xl:text-24\">Daf\u00fcr m\u00fcsse es nicht zu einem milit\u00e4rischen Angriff durch <a class=\"transition-colors duration-200 cursor-pointer text-inherit no-underline text-salemsfur md:hover:text-magenta md:hover:border-magenta md:focus:text-magenta border-current border-b border-solid break-words\" data-tracking=\"{&quot;action&quot;:&quot;click&quot;,&quot;category&quot;:&quot;intextLink&quot;,&quot;label&quot;:&quot;\/themen\/russland\/&quot;}\" href=\"https:\/\/www.t-online.de\/themen\/russland\/\" data-sctrack=\"BodyAnchor\" rel=\"nofollow noopener\" target=\"_blank\">Russland<\/a> kommen, so Schaus. Er glaube, Deutschland werde sich weit weg vom Spannungsfall befinden, wenn es zu dieser Bewegung durch Deutschland komme, &#8222;wenn also diese Verlegung von hunderttausenden Kr\u00e4ften durch alle Verkehrstr\u00e4ger geht \u2013 Lufttransport, Schiene, Wasser und ganz viel \u00fcber Stra\u00dfe&#8220;, so der Bundeswehr-Oberst.<\/p>\n<p class=\"text-18 leading-17 user-text-lg:text-22 user-text-xl:text-24\">Nordkoreas Machthaber Kim Jong Un hat Russland nach Angaben staatlicher Medien die weitere Unterst\u00fctzung seines Landes zugesichert. Bei einem Treffen mit einer russischen Delegation um Verteidigungsminister Andrej Beloussow soll Kim den Ausbau der milit\u00e4rischen Beziehungen besprochen haben, meldete die staatliche Nachrichtenagentur KCNA.<\/p>\n<p class=\"text-18 leading-17 user-text-lg:text-22 user-text-xl:text-24\">Anlass des Besuchs war die Einweihung eines Denkmals f\u00fcr nordkoreanische Soldaten, die in der russischen Grenzregion <a class=\"transition-colors duration-200 cursor-pointer text-inherit no-underline text-salemsfur md:hover:text-magenta md:hover:border-magenta md:focus:text-magenta border-current border-b border-solid break-words\" data-tracking=\"{&quot;action&quot;:&quot;click&quot;,&quot;category&quot;:&quot;intextLink&quot;,&quot;label&quot;:&quot;\/themen\/kursk\/&quot;}\" href=\"https:\/\/www.t-online.de\/themen\/kursk\/\" data-sctrack=\"BodyAnchor\" rel=\"nofollow noopener\" target=\"_blank\">Kursk<\/a> get\u00f6tet wurden. Sch\u00e4tzungen zufolge hat <a class=\"transition-colors duration-200 cursor-pointer text-inherit no-underline text-salemsfur md:hover:text-magenta md:hover:border-magenta md:focus:text-magenta border-current border-b border-solid break-words\" data-tracking=\"{&quot;action&quot;:&quot;click&quot;,&quot;category&quot;:&quot;intextLink&quot;,&quot;label&quot;:&quot;\/themen\/nordkorea\/&quot;}\" href=\"https:\/\/www.t-online.de\/themen\/nordkorea\/\" data-sctrack=\"BodyAnchor\" rel=\"nofollow noopener\" target=\"_blank\">Nordkorea<\/a> rund 14.000 Soldaten zur Unterst\u00fctzung Russlands im Krieg gegen die <a class=\"transition-colors duration-200 cursor-pointer text-inherit no-underline text-salemsfur md:hover:text-magenta md:hover:border-magenta md:focus:text-magenta border-current border-b border-solid break-words\" data-tracking=\"{&quot;action&quot;:&quot;click&quot;,&quot;category&quot;:&quot;intextLink&quot;,&quot;label&quot;:&quot;\/themen\/ukraine\/&quot;}\" href=\"https:\/\/www.t-online.de\/themen\/ukraine\/\" data-sctrack=\"BodyAnchor\" rel=\"nofollow noopener\" target=\"_blank\">Ukraine<\/a> entsandt, von denen mehr als 6.000 gefallen sein sollen. Beloussow zufolge vereinbarten beide Seiten, die milit\u00e4rische Zusammenarbeit auf eine langfristige Basis zu stellen und noch in diesem Jahr einen Kooperationsplan f\u00fcr die Jahre 2027 bis 2031 zu unterzeichnen.<\/p>\n<p class=\"text-18 leading-17 user-text-lg:text-22 user-text-xl:text-24\">Nordkoreas Machthaber Kim Jong Un hat eine f\u00fcr die im Ukraine-Krieg gefallenen nordkoreanischen Soldaten er\u00f6ffnete Gedenkst\u00e4tte eingeweiht. W\u00e4hrend seiner Rede dazu, die er bereits am Sonntag in der nordkoreanischen Hauptstadt Pj\u00f6ngjang hielt, sprach Kim auch von der Notwendigkeit, die Beziehungen zwischen Pj\u00f6ngjang und <a class=\"transition-colors duration-200 cursor-pointer text-inherit no-underline text-salemsfur md:hover:text-magenta md:hover:border-magenta md:focus:text-magenta border-current border-b border-solid break-words\" data-tracking=\"{&quot;action&quot;:&quot;click&quot;,&quot;category&quot;:&quot;intextLink&quot;,&quot;label&quot;:&quot;\/themen\/moskau\/&quot;}\" href=\"https:\/\/www.t-online.de\/themen\/moskau\/\" data-sctrack=\"BodyAnchor\" rel=\"nofollow noopener\" target=\"_blank\">Moskau<\/a> zu einem &#8222;m\u00e4chtigen Bollwerk&#8220; zu st\u00e4rken, wie die staatliche Nachrichtenagentur KCNA berichtete.<\/p>\n<p class=\"text-18 leading-17 user-text-lg:text-22 user-text-xl:text-24\">Die Ukraine wehrt sich seit mehr als vier Jahren gegen einen russischen Angriffskrieg. Nordkorea ging daf\u00fcr eine f\u00fcr das Land beispiellose Milit\u00e4rkooperation mit Russland ein. Laut Sch\u00e4tzungen des s\u00fcdkoreanischen Geheimdienstes NIS wurden bis zu 15.000 Soldaten aus Nordkorea zur Unterst\u00fctzung Russlands im Ukraine-Krieg entsandt. Rund 600 sollen demnach w\u00e4hrend ihres Auslandseinsatzes gestorben sein, mehr als 4.000 weitere Soldaten verwundet.<\/p>\n<p class=\"text-18 leading-17 user-text-lg:text-22 user-text-xl:text-24\">Bei der Er\u00f6ffnungszeremonie f\u00fcr das &#8222;Gedenkmuseums f\u00fcr milit\u00e4rische Auslandsoperationen und Kampferfolge&#8220; \u2013 so der offizielle Titel der Gedenkst\u00e4tte \u2013 waren auch der russische Parlamentschef Wjatscheslaw Wolodin sowie der russische Verteidigungsminister Andrej Beloussow anwesend. Die Veranstaltung erfolgte zum Jahrestag der russischen R\u00fcckeroberung der zuvor von ukrainischen Streitkr\u00e4ften eingenommenen Region Kursk.<\/p>\n","protected":false},"excerpt":{"rendered":"Newsblog zum Krieg in der Ukraine Nato k\u00f6nnte 800.000 Soldaten durch Deutschland schicken 27.04.2026 &#8211; 08:34 UhrLesedauer: 3&hellip;\n","protected":false},"author":2,"featured_media":976144,"comment_status":"","ping_status":"","sticky":false,"template":"","format":"standard","meta":{"footnotes":"","_share_on_mastodon":"0"},"categories":[4012],"tags":[132921,326,211697,6079,331,332,112055,211696,211695,685,29,2416,325,13,39792,5793,7370,3083,6376,56748,14,1159,15,3129,885,103259,18471,307,12,115878,6375,317],"class_list":["post-976143","post","type-post","status-publish","format-standard","has-post-thumbnail","category-ukraine","tag-132921","tag-326","tag-211697","tag-6079","tag-aktuelle-nachrichten","tag-aktuelle-news","tag-andrej-beloussow","tag-armin-schaus","tag-bedrohungsfall","tag-bundeswehr","tag-deutschland","tag-gedenkstaette","tag-geheimdienst","tag-headlines","tag-kcna","tag-kiew","tag-kim-jong-un","tag-krim","tag-kursk","tag-n-tv","tag-nachrichten","tag-nato","tag-news","tag-newsblog","tag-nordkorea","tag-ostflanke","tag-pjoengjang","tag-russland","tag-schlagzeilen","tag-schwarzmeerflotte-russland","tag-streitkraefte","tag-ukraine"],"share_on_mastodon":{"url":"https:\/\/pubeurope.com\/@de\/116475408699905315","error":""},"_links":{"self":[{"href":"https:\/\/www.europesays.com\/de\/wp-json\/wp\/v2\/posts\/976143","targetHints":{"allow":["GET"]}}],"collection":[{"href":"https:\/\/www.europesays.com\/de\/wp-json\/wp\/v2\/posts"}],"about":[{"href":"https:\/\/www.europesays.com\/de\/wp-json\/wp\/v2\/types\/post"}],"author":[{"embeddable":true,"href":"https:\/\/www.europesays.com\/de\/wp-json\/wp\/v2\/users\/2"}],"replies":[{"embeddable":true,"href":"https:\/\/www.europesays.com\/de\/wp-json\/wp\/v2\/comments?post=976143"}],"version-history":[{"count":0,"href":"https:\/\/www.europesays.com\/de\/wp-json\/wp\/v2\/posts\/976143\/revisions"}],"wp:featuredmedia":[{"embeddable":true,"href":"https:\/\/www.europesays.com\/de\/wp-json\/wp\/v2\/media\/976144"}],"wp:attachment":[{"href":"https:\/\/www.europesays.com\/de\/wp-json\/wp\/v2\/media?parent=976143"}],"wp:term":[{"taxonomy":"category","embeddable":true,"href":"https:\/\/www.europesays.com\/de\/wp-json\/wp\/v2\/categories?post=976143"},{"taxonomy":"post_tag","embeddable":true,"href":"https:\/\/www.europesays.com\/de\/wp-json\/wp\/v2\/tags?post=976143"}],"curies":[{"name":"wp","href":"https:\/\/api.w.org\/{rel}","templated":true}]}}