{"id":976331,"date":"2026-04-27T08:55:16","date_gmt":"2026-04-27T08:55:16","guid":{"rendered":"https:\/\/www.europesays.com\/de\/976331\/"},"modified":"2026-04-27T08:55:16","modified_gmt":"2026-04-27T08:55:16","slug":"premiere-fuer-aerztinnen-und-mfa-die-praxistour-rollt-in-leipzig-den-roten-teppich-aus","status":"publish","type":"post","link":"https:\/\/www.europesays.com\/de\/976331\/","title":{"rendered":"Premiere f\u00fcr \u00c4rzt:innen und MFA: Die PRAXISTOUR rollt in Leipzig den roten Teppich aus"},"content":{"rendered":"<p class=\"date\">27.04.2026 \u2013 10:15<\/p>\n<p class=\"customer\">\n                        <a class=\"story-customer\" title=\"weiter zum newsroom von PRAXISTOUR\" href=\"https:\/\/www.presseportal.de\/nr\/182438\" rel=\"nofollow noopener\" target=\"_blank\">PRAXISTOUR<\/a>\n                    <\/p>\n<p><a class=\"glightbox event-trigger\" href=\"https:\/\/cache.pressmailing.net\/thumbnail\/story_hires\/6f862f24-1003-4d46-9783-6139045f64d5\/PM%20_%20PRAXISTOUR-Premiere%20in%20Leipzig%20.jpg.jpg\" data-description=\"Die ELPATO-Gesellschafter Tom Bellartz und Patrick Hollstein freuen sich auf die Premiere der PRAXISTOUR in Leipzig. \/ Weiterer Text \u00fcber ots und www.presseportal.de\/nr\/182438 \/ Die Verwendung dieses Bildes f\u00fcr redaktionelle Zwecke ist unter Beachtung aller mitgeteilten Nutzungsbedingungen zul\u00e4ssig und dann auch honorarfrei. Ver\u00f6ffentlichung ausschlie\u00dflich mit Bildrechte-Hinweis.\" data-category=\"medialightbox\" data-action=\"click\" data-label=\"single\" data-value=\"69ef15e3270000fd2c5cd118\" rel=\"nofollow noopener\" target=\"_blank\"><img decoding=\"async\" height=\"540\" with=\"720\" src=\"https:\/\/www.europesays.com\/de\/wp-content\/uploads\/2026\/04\/premiere-f-r-rzt-innen-und-mfa-die-praxistour-rollt-in-leipzig-den-roten-teppich-aus.jpeg\"   alt=\"Premiere f\u00fcr \u00c4rzt:innen und MFA: Die PRAXISTOUR rollt in Leipzig den roten Teppich aus\" class=\"single\"\/><\/a><\/p>\n<p><a data-category=\"citylink-story-view\" data-action=\"click\" data-label=\"Citylink in Meldungsansicht\" class=\"story-city event-trigger\" href=\"https:\/\/www.presseportal.de\/regional\/Berlin\" title=\"News aus Berlin \" rel=\"nofollow noopener\" target=\"_blank\">Berlin<\/a> (ots)<\/p>\n<p> Raus aus dem Praxisstress, rein in den fachlichen Dialog: Am 22. und 23. August 2026 schl\u00e4gt die ELPATO Medien GmbH ein neues Kapitel f\u00fcr \u00c4rzt:innen und MFA auf. Die PRAXISTOUR feiert in Leipzig Premiere: Im GLOBANA Messe &amp; Event Center finden die geballte Praxis-Expertise aus Sachsen und f\u00fchrende Marken zusammen. Fachlicher Austausch auf Augenh\u00f6he, Innovationen und Wertsch\u00e4tzung stehen im Zentrum des neuen Formats, das in Leipzig erstmals erprobt und ab 2027 in ganz Deutschland etabliert wird. <\/p>\n<p> Nach dem Erfolg der APOTHEKENTOUR, die seit ihrem Start bereits mehr als 80.000 Healthcare Professionals aus den Apotheken informiert und begeistert hat, startet nun ein exklusives Format f\u00fcr die Teams in Arztpraxen. Das Konzept setzt dort an, wo der hektische Arbeitsalltag oft Grenzen zieht. Im Fokus stehen in Leipzig \u00c4rztinnen, \u00c4rzte und MFA aus ganz Mitteldeutschland. Gemeinsam mit rund 20 Partnerunternehmen bietet die PRAXISTOUR die ideale B\u00fchne, um fachlich zu Indikationen in einer konzentrierten und zugleich kollegialen Atmosph\u00e4re mit den Healthcare Professionals aus den Praxen in den Austausch zu treten. <\/p>\n<p> &#8222;Mit der PRAXISTOUR etablieren wir einen neuen, wichtigen Live-Kanal f\u00fcr die fachliche und pers\u00f6nliche Kommunikation mit dem Praxisteam&#8220;, sagt Tom Bellartz, CEO der ELPATO Medien GmbH. &#8222;Praxisteams stehen massiv unter Druck, sowohl in der t\u00e4glichen Arbeit als auch gesundheitspolitisch. Diesem Hamsterrad setzen wir die PRAXISTOUR entgegen. Wir bringen Marken dorthin, wo sie auf echte Relevanz treffen, und erm\u00f6glichen einen Wissenstransfer zu \u00c4rzt:innen und MFA, der in der t\u00e4glichen Routine oft zu kurz kommt. In Leipzig schaffen wir den Raum, in dem Innovationen f\u00fcr das gesamte Team greifbar werden.&#8220; <\/p>\n<p> Dieser Mix aus fundiertem Wissens-Update und nachhaltigem Teamerlebnis stellt sicher, dass relevante Informationen dort ankommen, wo sie den Praxisalltag nachhaltig pr\u00e4gen. Die Veranstaltung ist explizit als Fachveranstaltung konzipiert, die Wissensvermittlung mit moderner Leadgenerierung verkn\u00fcpft. Der Besuch ist f\u00fcr das medizinische Fachpersonal kostenfrei und als wertsch\u00e4tzendes Fortbildungsevent f\u00fcr die gesamte Belegschaft gestaltet. <\/p>\n<p> Die PRAXISTOUR l\u00e4dt Industrie sowie Praxisteams ein, diesen ersten Meilenstein in Leipzig gemeinsam zu gestalten &#8211; f\u00fcr eine moderne Gesundheitsversorgung und eine neue Form der Fachkommunikation, die Lust auf Zukunft macht. Alle weiteren Informationen sowie die M\u00f6glichkeit zur Anmeldung finden Interessierte ab sofort unter  <a target=\"_blank\" class=\"uri-ext outbound\" rel=\"noopener nofollow\" href=\"https:\/\/www.google.com\/search?q=http:\/\/www.praxistour.de\">www.praxistour.de<\/a>. <\/p>\n<p><b>\u00dcber die PRAXISTOUR:<\/b> Die PRAXISTOUR revolutioniert die Kommunikation im Gesundheitswesen. Sie verbindet Wissenstransfer mit Eventcharakter und stellt die Praxisteams in den Mittelpunkt. Nach der Pilotveranstaltung Ende August in Leipzig wird die PRAXISTOUR ab Anfang 2027 in vielen deutschen St\u00e4dten und Metropolregionen stattfinden. <\/p>\n<p> Die  <a target=\"_blank\" class=\"uri-ext outbound\" rel=\"noopener nofollow\" href=\"https:\/\/elpato.de\/\">ELPATO Medien GmbH<\/a> produziert in Berlin und Wien mit rund 90 Mitarbeitenden Medien und andere Formate f\u00fcr die Healthcarebranche mit besonderem Schwerpunkt im Bereich Praxis, Apotheke und Pharma. Der Fokus liegt dabei auf der digitalen Kommunikation und Live-Events f\u00fcr Healthcare Professionals. <\/p>\n<p class=\"contact-headline\">Pressekontakt:<\/p>\n<p class=\"contact-text\">ELPATO Medien GmbH \/ PRAXISTOUR<br \/>Undine Neumann<br \/>Franz-Ehrlich-Stra\u00dfe 12<br \/>12489 Berlin<br \/><a href=\"https:\/\/www.presseportal.de\/pm\/182438\/mailto: presse@elpato.de\" class=\"uri-mailto\" rel=\"nofollow noopener\" target=\"_blank\"> presse@elpato.de<\/a><\/p>\n<p class=\"originator\">Original-Content von: PRAXISTOUR, \u00fcbermittelt durch news aktuell<\/p>\n","protected":false},"excerpt":{"rendered":"27.04.2026 \u2013 10:15 PRAXISTOUR Berlin (ots) Raus aus dem Praxisstress, rein in den fachlichen Dialog: Am 22. und&hellip;\n","protected":false},"author":2,"featured_media":976332,"comment_status":"","ping_status":"","sticky":false,"template":"","format":"standard","meta":{"footnotes":"","_share_on_mastodon":"0"},"categories":[1832],"tags":[19041,3477,3364,29,30,141,71,211717,178,180,179,181,859,3699],"class_list":["post-976331","post","type-post","status-publish","format-standard","has-post-thumbnail","category-leipzig","tag-rzte","tag-bild","tag-de","tag-deutschland","tag-germany","tag-gesundheit","tag-leipzig","tag-praxistour","tag-presse","tag-pressemeldung","tag-pressemitteilung","tag-pressemitteilungen","tag-sachsen","tag-veranstaltung"],"share_on_mastodon":{"url":"https:\/\/pubeurope.com\/@de\/116475837092376152","error":""},"_links":{"self":[{"href":"https:\/\/www.europesays.com\/de\/wp-json\/wp\/v2\/posts\/976331","targetHints":{"allow":["GET"]}}],"collection":[{"href":"https:\/\/www.europesays.com\/de\/wp-json\/wp\/v2\/posts"}],"about":[{"href":"https:\/\/www.europesays.com\/de\/wp-json\/wp\/v2\/types\/post"}],"author":[{"embeddable":true,"href":"https:\/\/www.europesays.com\/de\/wp-json\/wp\/v2\/users\/2"}],"replies":[{"embeddable":true,"href":"https:\/\/www.europesays.com\/de\/wp-json\/wp\/v2\/comments?post=976331"}],"version-history":[{"count":0,"href":"https:\/\/www.europesays.com\/de\/wp-json\/wp\/v2\/posts\/976331\/revisions"}],"wp:featuredmedia":[{"embeddable":true,"href":"https:\/\/www.europesays.com\/de\/wp-json\/wp\/v2\/media\/976332"}],"wp:attachment":[{"href":"https:\/\/www.europesays.com\/de\/wp-json\/wp\/v2\/media?parent=976331"}],"wp:term":[{"taxonomy":"category","embeddable":true,"href":"https:\/\/www.europesays.com\/de\/wp-json\/wp\/v2\/categories?post=976331"},{"taxonomy":"post_tag","embeddable":true,"href":"https:\/\/www.europesays.com\/de\/wp-json\/wp\/v2\/tags?post=976331"}],"curies":[{"name":"wp","href":"https:\/\/api.w.org\/{rel}","templated":true}]}}