{"id":976546,"date":"2026-04-27T10:53:20","date_gmt":"2026-04-27T10:53:20","guid":{"rendered":"https:\/\/www.europesays.com\/de\/976546\/"},"modified":"2026-04-27T10:53:20","modified_gmt":"2026-04-27T10:53:20","slug":"oderteich-im-harz-rundweg-durch-wald-und-moor","status":"publish","type":"post","link":"https:\/\/www.europesays.com\/de\/976546\/","title":{"rendered":"Oderteich im Harz: Rundweg durch Wald und Moor"},"content":{"rendered":"<p>Ausflugsziel im Harz <\/p>\n<p>Oderteich: Rundweg f\u00fchrt durch Wald und Moorlandschaft<\/p>\n<p>Aktualisiert am 27.04.2026 &#8211; 11:53 UhrLesedauer: 2 Min.<\/p>\n<p><a href=\"#focus-0\" class=\"transition-colors duration-200 block text-current relative\" data-sctrack=\"FocusGalleryImage.Reference\"><img fetchpriority=\"high\" data-testid=\"Opener.Image\" style=\"--lqipURL:url('https:\/\/images.t-online.de\/2026\/02\/RtQzxs8iWsVL\/0x208:4000x2250\/fit-in\/150x0\/filters:blur(25)\/13-102025-an-deutschlands-aeltester-talsperre-dem-oderteich-im-landkreis-goslar-in-niedersachsen-im-nationalpark-harz-gehen-besucher-und-touristen-spazieren-die-historische-talsperre-ist-von-einem-rundwanderweg-umgeben-der-durch-eine-moorlandschaft-fuehrt-von-diesem-weg-aus-kann-man-alle-fascetten-des-wandels-der-waldlandschaft-erkennen-clausthal-zellerfeld-oderteich-niedersachsen-deutschland-13-10-2025-visitors-and-tourists-go-for-a-walk-at-germanys-oldest-dam-the-oderteich-in-the-district-of-gos.jpg')\"   loading=\"eager\" src=\"https:\/\/www.europesays.com\/de\/wp-content\/uploads\/2026\/04\/13-102025-an-deutschlands-aeltester-talsperre-dem-oderteich-im-landkreis-goslar-in-niedersachsen-im-.jpeg\" alt=\"imago images 0837045838\" title=\"imago images 0837045838\" width=\"4000\" height=\"2250\" class=\"bg-[url:var(--lqipURL)] bg-cover bg-center flex h-full w-full max-w-full\" decoding=\"async\"\/><img style=\"--width:32;--height:32\" loading=\"lazy\" src=\"https:\/\/braunschweig.t-online.de\/s\/paper\/_next\/static\/media\/zoom-in.f7dae02f.svg\" alt=\"Vergr\u00f6\u00dfern des Bildes\" title=\"Vergr\u00f6\u00dfern des Bildes\" class=\"block h-[calc(var(--height)_\/_16_*_1rem)] w-[calc(var(--width)_\/_16_*_1rem)] max-w-none absolute bottom-8 right-8 rounded-4 bg-snow p-8\" decoding=\"async\"\/><\/a><\/p>\n<p>Der Oderteich im Nationalpark Harz: Er ist ein beliebtes Ausflugsziel f\u00fcr Braunschweiger. (Quelle: IMAGO\/Frank Drechsler\/imago)<\/p>\n<p class=\"font-bold text-18 leading-17 user-text-lg:text-22 user-text-xl:text-24\">Der Oderteich bei Braunlage ist zu jeder Jahreszeit ein reizvolles Ausflugsziel. Ein vier Kilometer langer Rundweg f\u00fchrt \u00fcber Planken und Wurzeln durch Wald und Moor.<\/p>\n<p class=\"text-18 leading-17 user-text-lg:text-22 user-text-xl:text-24\">Vom Parkplatz m\u00fcssen Besucher des Nationalparks Harz einmal die Stra\u00dfe \u00fcberqueren \u2013 und schon stehen sie inmitten einer zauberhaft wirkenden Kulisse. Sie blicken auf den Oderteich, der in der N\u00e4he von Braunlage zu finden ist. Der l\u00e4sst sich einmal ganz umrunden, etwa vier Kilometer lang ist der Kurs.<\/p>\n<p class=\"text-18 leading-17 user-text-lg:text-22 user-text-xl:text-24\">Der Untergrund ist dabei ganz unterschiedlich: Holzplanken seien hier einerseits genannt. Der Moorfichtenwald und die offenen Moorbereiche werden durch die Holzplanken gesch\u00fctzt, hei\u00dft es zur Erkl\u00e4rung auf der Webseite harzspots.com.<\/p>\n<p class=\"text-18 leading-17 user-text-lg:text-22 user-text-xl:text-24\">Neben den Holzplanken gibt es andererseits auch Wurzelwege. Hier m\u00fcssen die Besucher aufpassen, wo sie hintreten. Diese Wurzelwege sehen aus wie aus einem M\u00e4rchenwald. Egal, ob \u00fcber Wurzelweg oder Holzplanken, auf der Wanderung hat man den Oderteich fast immer im Blick.<\/p>\n<p class=\"text-18 leading-17 user-text-lg:text-22 user-text-xl:text-24\">Der Oderteich entstand durch den Bergbau: Der Bau des Teiches begann im Jahr 1715. Der Oderteich z\u00e4hlt zu den \u00e4ltesten Stauseen Deutschlands, informiert die Stadt Braunlage auf ihrer Internetseite. Auf der Seite harzspots.com wird zudem beschrieben, dass der Oderteich bis zum Ende des 19. Jahrhunderts die gr\u00f6\u00dfte Talsperre in Deutschland war.<\/p>\n<p class=\"text-18 leading-17 user-text-lg:text-22 user-text-xl:text-24\">F\u00fcr alle Wanderer, die ihre Tour gerne dokumentieren: Es gibt einen Wanderpass f\u00fcr den Harz. Zahlreiche Stempelstellen finden Besucher im Mittelgebirge \u2013 so auch auf der Strecke rund um den Oderteich.<\/p>\n<p class=\"text-18 leading-17 user-text-lg:text-22 user-text-xl:text-24\">Mit dem Auto ist es von Braunschweig aus ungef\u00e4hr eine Stunde Fahrt bis zum Parkplatz am Oderteich. Es sind etwas mehr als 60 Kilometer. Die Fahrt geht \u00fcber die Autobahn 36 und die Bundesstra\u00dfe 4 Richtung Harz.<\/p>\n","protected":false},"excerpt":{"rendered":"Ausflugsziel im Harz Oderteich: Rundweg f\u00fchrt durch Wald und Moorlandschaft Aktualisiert am 27.04.2026 &#8211; 11:53 UhrLesedauer: 2 Min.&hellip;\n","protected":false},"author":2,"featured_media":976547,"comment_status":"","ping_status":"","sticky":false,"template":"","format":"standard","meta":{"footnotes":"","_share_on_mastodon":"0"},"categories":[1850],"tags":[2201,78226,5071,6429,3364,29,548,663,3934,30,14413,13,211741,211739,14,110561,15,1411,39273,12,211740],"class_list":["post-976546","post","type-post","status-publish","format-standard","has-post-thumbnail","category-braunschweig","tag-2201","tag-ausflugstipp-braunschweig","tag-ausflugsziel","tag-braunschweig","tag-de","tag-deutschland","tag-eu","tag-europa","tag-europe","tag-germany","tag-harz","tag-headlines","tag-holzplanke","tag-moorlandschaft","tag-nachrichten","tag-nationalpark","tag-news","tag-niedersachsen","tag-rundweg","tag-schlagzeilen","tag-wurzelweg"],"share_on_mastodon":{"url":"https:\/\/pubeurope.com\/@de\/116476301227861145","error":""},"_links":{"self":[{"href":"https:\/\/www.europesays.com\/de\/wp-json\/wp\/v2\/posts\/976546","targetHints":{"allow":["GET"]}}],"collection":[{"href":"https:\/\/www.europesays.com\/de\/wp-json\/wp\/v2\/posts"}],"about":[{"href":"https:\/\/www.europesays.com\/de\/wp-json\/wp\/v2\/types\/post"}],"author":[{"embeddable":true,"href":"https:\/\/www.europesays.com\/de\/wp-json\/wp\/v2\/users\/2"}],"replies":[{"embeddable":true,"href":"https:\/\/www.europesays.com\/de\/wp-json\/wp\/v2\/comments?post=976546"}],"version-history":[{"count":0,"href":"https:\/\/www.europesays.com\/de\/wp-json\/wp\/v2\/posts\/976546\/revisions"}],"wp:featuredmedia":[{"embeddable":true,"href":"https:\/\/www.europesays.com\/de\/wp-json\/wp\/v2\/media\/976547"}],"wp:attachment":[{"href":"https:\/\/www.europesays.com\/de\/wp-json\/wp\/v2\/media?parent=976546"}],"wp:term":[{"taxonomy":"category","embeddable":true,"href":"https:\/\/www.europesays.com\/de\/wp-json\/wp\/v2\/categories?post=976546"},{"taxonomy":"post_tag","embeddable":true,"href":"https:\/\/www.europesays.com\/de\/wp-json\/wp\/v2\/tags?post=976546"}],"curies":[{"name":"wp","href":"https:\/\/api.w.org\/{rel}","templated":true}]}}