{"id":976656,"date":"2026-04-27T11:53:21","date_gmt":"2026-04-27T11:53:21","guid":{"rendered":"https:\/\/www.europesays.com\/de\/976656\/"},"modified":"2026-04-27T11:53:21","modified_gmt":"2026-04-27T11:53:21","slug":"besuch-aus-berlin-bundestagsabgeordnete-im-suedtiroler-landtag","status":"publish","type":"post","link":"https:\/\/www.europesays.com\/de\/976656\/","title":{"rendered":"Besuch aus Berlin: Bundestagsabgeordnete im S\u00fcdtiroler Landtag"},"content":{"rendered":"<p><strong>Der S\u00fcdtiroler Landtag hat am Montag eine Delegation des Ausschusses f\u00fcr Arbeit und Soziales des Deutschen Bundestags empfangen. Unter der Leitung des Ausschussvorsitzenden Bernd R\u00fctzel informierten sich die G\u00e4ste \u00fcber die S\u00fcdtiroler Autonomie, die parlamentarische Arbeit sowie aktuelle gesellschaftliche Themen.<\/strong><\/p>\n<p>            \t\t\t\t                <img decoding=\"async\" src=\"https:\/\/www.europesays.com\/de\/wp-content\/uploads\/2026\/04\/260427-Ausschuss-Soziales-u.-Arb.jpg\" itemprop=\"contentUrl\"\/><\/p>\n<p>Die Delegation des Ausschusses f\u00fcr Arbeit und Soziales des Deutschen Bundestags im S\u00fcdtiroler Landtag (v.l.): Gerrit Huy, Lars Ehm, Susanne Welter, Arnold Schuler, Bernd R\u00fctzel, Heike Heubach und Cem Ince. (Foto: S\u00fcdtiroler Landtag)<\/p>\n<p>Empfangen wurde die Delegation von Landtagspr\u00e4sident Arnold Schuler. Begleitet wurde die Gruppe zudem von Susanne Welter, Generalkonsulin der Bundesrepublik Deutschland in Mailand.<\/p>\n<p>                Einblicke in Autonomie und politische Strukturen                                    <\/p>\n<p>Im Plenarsaal gab Schuler zun\u00e4chst einen \u00dcberblick \u00fcber die Entwicklung der S\u00fcdtiroler Autonomie, die wirtschaftliche Entwicklung des Landes sowie die Zust\u00e4ndigkeiten des Landtags. Im Anschluss folgte ein Austausch \u00fcber die Arbeitsweise des Parlaments, die Vertretung der Sprachgruppen im Landtag und in der Landesregierung sowie \u00fcber die zunehmende politische Zersplitterung.<\/p>\n<p>Ein zentrales Thema des Treffens war au\u00dferdem die Inklusion von Menschen mit Behinderungen im Bildungssystem und in der Arbeitswelt. Dieses Feld geh\u00f6rt zu den Arbeitsschwerpunkten des Bundestagsausschusses.<\/p>\n<p>                Breites Themenspektrum im Gespr\u00e4ch                                    <\/p>\n<p>An dem Austausch nahmen neben R\u00fctzel auch die Bundestagsabgeordneten Gerrit Huy, Cem Ince, Lars Ehm und Heike Heubach teil. Weitere Gespr\u00e4chsthemen waren die drei Landessprachen und der Sprachunterricht in S\u00fcdtirol, die laufende Autonomiereform, die Struktur der b\u00e4uerlichen Betriebe sowie der sogenannte Braindrain.<\/p>\n<p>Der Besuch diente dem gegenseitigen Austausch \u00fcber politische Strukturen und gesellschaftliche Herausforderungen in S\u00fcdtirol und Deutschland.<\/p>\n<p>Jetzt<\/p>\n<p>,<\/p>\n<p> oder <\/p>\n<p>                oder mit <a href=\"whatsapp:\/\/send?text=Neueste Nachricht auf unsertirol24.com: Besuch aus Berlin: Bundestagsabgeordnete im S\u00fcdtiroler Landtag https:\/\/www.unsertirol24.com\/2026\/04\/27\/besuch-aus-berlin-bundestagsabgeordnete-im-suedtiroler-landtag\/\" data-action=\"share\/whatsapp\/share\" rel=\"nofollow\"><img decoding=\"async\" src=\"https:\/\/www.europesays.com\/de\/wp-content\/uploads\/2025\/08\/1756142894_569_whatsapp.png\"\/><\/a> versenden.<\/p>\n<p>\t\t\t\t<a href=\"https:\/\/www.instagram.com\/unsertirol24\/\" target=\"_blank\" rel=\"nofollow noopener\"><img decoding=\"async\" src=\"https:\/\/www.europesays.com\/de\/wp-content\/uploads\/2025\/08\/insta_636.gif\" class=\"social_ad\"\/><img decoding=\"async\" src=\"https:\/\/www.europesays.com\/de\/wp-content\/uploads\/2025\/08\/insta_320.gif\" class=\"social_ad_mobile\"\/><\/a><\/p>\n<p>        <script async src=\"\/\/www.instagram.com\/embed.js\"><\/script><\/p>\n","protected":false},"excerpt":{"rendered":"Der S\u00fcdtiroler Landtag hat am Montag eine Delegation des Ausschusses f\u00fcr Arbeit und Soziales des Deutschen Bundestags empfangen.&hellip;\n","protected":false},"author":2,"featured_media":976657,"comment_status":"","ping_status":"","sticky":false,"template":"","format":"standard","meta":{"footnotes":"","_share_on_mastodon":"0"},"categories":[1825],"tags":[296,19322,29,8737,30,1724,19324,3074,14,19319,1433,19320,16,19323,265,19318,19317,19321,19325,103],"class_list":["post-976656","post","type-post","status-publish","format-standard","has-post-thumbnail","category-berlin","tag-berlin","tag-chronik","tag-deutschland","tag-diskussion","tag-germany","tag-gesellschaft","tag-mediengeschehen","tag-meinung","tag-nachrichten","tag-nordtirol","tag-oesterreich","tag-osttirol","tag-politik","tag-presseklick","tag-sport","tag-suedtirol","tag-unsertirol24","tag-ut24","tag-ut24-blog","tag-welt"],"share_on_mastodon":{"url":"https:\/\/pubeurope.com\/@de\/116476538180584641","error":""},"_links":{"self":[{"href":"https:\/\/www.europesays.com\/de\/wp-json\/wp\/v2\/posts\/976656","targetHints":{"allow":["GET"]}}],"collection":[{"href":"https:\/\/www.europesays.com\/de\/wp-json\/wp\/v2\/posts"}],"about":[{"href":"https:\/\/www.europesays.com\/de\/wp-json\/wp\/v2\/types\/post"}],"author":[{"embeddable":true,"href":"https:\/\/www.europesays.com\/de\/wp-json\/wp\/v2\/users\/2"}],"replies":[{"embeddable":true,"href":"https:\/\/www.europesays.com\/de\/wp-json\/wp\/v2\/comments?post=976656"}],"version-history":[{"count":0,"href":"https:\/\/www.europesays.com\/de\/wp-json\/wp\/v2\/posts\/976656\/revisions"}],"wp:featuredmedia":[{"embeddable":true,"href":"https:\/\/www.europesays.com\/de\/wp-json\/wp\/v2\/media\/976657"}],"wp:attachment":[{"href":"https:\/\/www.europesays.com\/de\/wp-json\/wp\/v2\/media?parent=976656"}],"wp:term":[{"taxonomy":"category","embeddable":true,"href":"https:\/\/www.europesays.com\/de\/wp-json\/wp\/v2\/categories?post=976656"},{"taxonomy":"post_tag","embeddable":true,"href":"https:\/\/www.europesays.com\/de\/wp-json\/wp\/v2\/tags?post=976656"}],"curies":[{"name":"wp","href":"https:\/\/api.w.org\/{rel}","templated":true}]}}