{"id":976786,"date":"2026-04-27T13:05:16","date_gmt":"2026-04-27T13:05:16","guid":{"rendered":"https:\/\/www.europesays.com\/de\/976786\/"},"modified":"2026-04-27T13:05:16","modified_gmt":"2026-04-27T13:05:16","slug":"fruehlingsfest-frau-von-fahrgeschaeft-mitgeschleift-und-verletzt","status":"publish","type":"post","link":"https:\/\/www.europesays.com\/de\/976786\/","title":{"rendered":"Fr\u00fchlingsfest: Frau von Fahrgesch\u00e4ft mitgeschleift und verletzt"},"content":{"rendered":"<p>Eine offenbar betrunkene Besucherin des M\u00fcnchner Fr\u00fchlingsfests ist gegen die fahrende Gondel eines Fahrgesch\u00e4fts geprallt und von dieser etwa f\u00fcnf bis zehn Meter mitgeschleppt worden. Anschlie\u00dfend sei die 23-J\u00e4hrige schwer verletzt am Boden liegengeblieben, teilte die Polizei mit. Rettungskr\u00e4fte brachten die Frau, die den Angaben zufolge erheblich betrunken gewesen sein soll, in ein Krankenhaus.<\/p>\n<p>Frau stie\u00df wohl ohne Fremdeinwirkung gegen die Gondel<\/p>\n<p>Der Unfall ereignete sich laut Polizei bereits nach Schlie\u00dfung der Festzelte am sp\u00e4ten Samstagabend. Nach bisherigem Stand habe die 23-J\u00e4hrige den erforderlichen Sicherheitsabstand zu dem Fahrgesch\u00e4ft nicht eingehalten und sei ohne Fremdeinwirkung gegen die Gondel geprallt.<\/p>\n<p>Polizei bittet um Zeugenhinweise<\/p>\n<p>Andere Menschen kamen bei dem Unfall nicht zu Schaden. Die Polizei M\u00fcnchen bittet um Zeugenhinweise, die helfen k\u00f6nnen, den Ablauf des Vorfalls genauer zu kl\u00e4ren (Polizeipr\u00e4sidium M\u00fcnchen, Kommissariat 13, Tel. 089 2910-0).<\/p>\n<p>Das betroffene Fahrgesch\u00e4ft &#8222;Breakdance&#8220; ist ein Klassiker des M\u00fcnchner Fr\u00fchlingsfests auf der Theresienwiese. Es besteht aus einer leicht geneigten, drehenden Scheibe, auf der sich ebenfalls drehende Gondeln bewegen.<\/p>\n","protected":false},"excerpt":{"rendered":"Eine offenbar betrunkene Besucherin des M\u00fcnchner Fr\u00fchlingsfests ist gegen die fahrende Gondel eines Fahrgesch\u00e4fts geprallt und von dieser&hellip;\n","protected":false},"author":2,"featured_media":976787,"comment_status":"","ping_status":"","sticky":false,"template":"","format":"standard","meta":{"footnotes":"","_share_on_mastodon":"0"},"categories":[1827],"tags":[772,24052,29,7820,30,1268,2339,121,1284],"class_list":["post-976786","post","type-post","status-publish","format-standard","has-post-thumbnail","category-muenchen","tag-bayern","tag-breakdance","tag-deutschland","tag-fruehlingsfest","tag-germany","tag-muenchen","tag-oberbayern","tag-polizei","tag-unfall"],"share_on_mastodon":{"url":"https:\/\/pubeurope.com\/@de\/116476819961390590","error":""},"_links":{"self":[{"href":"https:\/\/www.europesays.com\/de\/wp-json\/wp\/v2\/posts\/976786","targetHints":{"allow":["GET"]}}],"collection":[{"href":"https:\/\/www.europesays.com\/de\/wp-json\/wp\/v2\/posts"}],"about":[{"href":"https:\/\/www.europesays.com\/de\/wp-json\/wp\/v2\/types\/post"}],"author":[{"embeddable":true,"href":"https:\/\/www.europesays.com\/de\/wp-json\/wp\/v2\/users\/2"}],"replies":[{"embeddable":true,"href":"https:\/\/www.europesays.com\/de\/wp-json\/wp\/v2\/comments?post=976786"}],"version-history":[{"count":0,"href":"https:\/\/www.europesays.com\/de\/wp-json\/wp\/v2\/posts\/976786\/revisions"}],"wp:featuredmedia":[{"embeddable":true,"href":"https:\/\/www.europesays.com\/de\/wp-json\/wp\/v2\/media\/976787"}],"wp:attachment":[{"href":"https:\/\/www.europesays.com\/de\/wp-json\/wp\/v2\/media?parent=976786"}],"wp:term":[{"taxonomy":"category","embeddable":true,"href":"https:\/\/www.europesays.com\/de\/wp-json\/wp\/v2\/categories?post=976786"},{"taxonomy":"post_tag","embeddable":true,"href":"https:\/\/www.europesays.com\/de\/wp-json\/wp\/v2\/tags?post=976786"}],"curies":[{"name":"wp","href":"https:\/\/api.w.org\/{rel}","templated":true}]}}