{"id":977240,"date":"2026-04-27T17:18:18","date_gmt":"2026-04-27T17:18:18","guid":{"rendered":"https:\/\/www.europesays.com\/de\/977240\/"},"modified":"2026-04-27T17:18:18","modified_gmt":"2026-04-27T17:18:18","slug":"in-berlin-weil-sie-kippa-trugen-judenhasserin-bepoebelt-studenten-regional","status":"publish","type":"post","link":"https:\/\/www.europesays.com\/de\/977240\/","title":{"rendered":"In Berlin: Weil sie Kippa trugen! Judenhasserin bep\u00f6belt Studenten | Regional"},"content":{"rendered":"<p><a class=\"skip-content skip-content--link\" href=\"#in-content-skip-link-target-v-0-0\">TTS-Player \u00fcberspringen\u21b5<\/a><a id=\"in-content-skip-link-target-v-0-0\" class=\"skip-content--target-link-hidden skip-content skip-content--target-link\" href=\"#in-content-skip-link-target-v-0-0\">Artikel weiterlesen<\/a><\/p>\n<p>Berlin\u00a0\u2013 <b>Antisemitische P\u00f6bel-Attacke mitten im Regierungsviertel! Sie kommen aus dem Reichstag, haben an einer Diskussion \u00fcber Antisemitismus teilgenommen. Die Studenten Ron Dekel (24) und Tim K. (21) schlendern am Spreeufer Richtung Bahnhof Friedrichstra\u00dfe. Beide tragen Kippa, die j\u00fcdische Kopfbedeckung. Pl\u00f6tzlich stoppt neben ihnen ein Golf mit zwei Frauen. Die Fahrerin br\u00fcllt: \u201eFree Palestine, fuck Israel.\u201c Dann zeigt sie den jungen M\u00e4nnern den Mittelfinger. <\/b><\/p>\n<p>Wenige Tage sp\u00e4ter stehen die beiden Studenten mit dem BILD-Reporter an der Stelle des Vorfalls. Ron tr\u00e4gt wieder Kippa, Tim verzichtet dieses Mal darauf. Sie berichten: \u201eDie beiden Frauen sind mehr als hundert Meter neben uns hergefahren und haben uns beschimpft. Das war unangenehm. Es reicht schon, eine Kippa zu tragen, um angefeindet oder angegriffen zu werden. Das ist f\u00fcr die j\u00fcdischen Menschen mittlerweile Alltag. Nicht nur in <a href=\"https:\/\/www.bild.de\/regional\/berlin\/berlin-regional\/home-15823246.bild.html\" class=\"text-link\" rel=\"nofollow noopener\" target=\"_blank\">Berlin<\/a>.\u201c<\/p>\n<p><img decoding=\"async\" width=\"992\" height=\"647\" alt=\"BILD-Reporter Peter Hell (re.) im Gespr\u00e4ch mit Ron Dekel (li.) und Tim K. Der Student zeigt die Stelle, wo das Auto neben ihnen gehalten hat\" src=\"https:\/\/www.europesays.com\/de\/wp-content\/uploads\/2026\/04\/37852246f5e3a366f0c9020f0828ca6a,cbc83b1a.jpeg\"   class=\"dynamic\" loading=\"lazy\"\/><\/p>\n<p class=\"fig__caption__text\">BILD-Reporter Peter Hell (re.) im Gespr\u00e4ch mit Ron Dekel (li.) und Tim K. Der Student zeigt die Stelle, wo das Auto neben ihnen gehalten hat <\/p>\n<p>Foto: Timo Beurich<\/p>\n<p>2300 antisemitische Straftaten 2025 in Berlin<\/p>\n<p>Seit dem Terrorangriff der <a href=\"https:\/\/www.bild.de\/themen\/organisationen\/hamas\/politik-nachrichten-news-fotos-videos-20560984.bild.html\" class=\"text-link\" rel=\"nofollow noopener\" target=\"_blank\">Hamas<\/a> auf Israel am 7. Oktober 2023 nehmen P\u00f6beleien, Attacken und Drohungen gegen j\u00fcdisches Leben in Berlin bedrohliche Ausma\u00dfe an. F\u00fcr das Jahr 2025 registrierten die Beh\u00f6rden rund 2300 <a href=\"https:\/\/www.bild.de\/themen\/specials\/antisemitismus-alle-infos-und-news-sJEel1xzf1PkxGH95Vie\" class=\"text-link\" rel=\"nofollow noopener\" target=\"_blank\">antisemitische<\/a> Straftaten in der Hauptstadt \u2013 ein neuer H\u00f6chststand.<\/p>\n<p>Nach dem Vorfall erstattete Tim K., der sich das Kennzeichen des Pkw gemerkt hatte, Anzeige gegen die Fahrerin. Sie stellen das gedrehte Video ins Netz. Der Journalistik-Student zu BILD: \u201eIch erlebe t\u00e4glich schlimme Anfeindungen, bekomme sogar Morddrohungen. Der Hass kommt aus allen Ecken der Gesellschaft.\u201c <\/p>\n<p>\u201eNicht ob, sondern wann wir das Land verlassen.\u201c<\/p>\n<p>Die beiden M\u00e4nner sind Mitglieder der J\u00fcdischen Studierendenunion Deutschland (JSUD). Ron Dekel ist deren Vorsitzender \u2013 und ebenfalls regelm\u00e4\u00dfig Ziel von Morddrohungen: \u201eAuch an den Universit\u00e4ten herrscht f\u00fcr uns <a href=\"https:\/\/www.bild.de\/regional\/berlin\/israel-hasser-in-uni-in-den-fu-raeumen-wird-zum-terror-aufgerufen-6876945275e6eb6eedf7e7ca\" class=\"text-link\" rel=\"nofollow noopener\" target=\"_blank\">ein Gef\u00fchl allgegenw\u00e4rtiger Bedrohung<\/a> durch propal\u00e4stinensische Aktivisten. Viele Studierende verstecken sich regelrecht. Seminare werden nach Sicherheitsaspekten gew\u00e4hlt, nicht danach, ob sie Sinn ergeben. Mittlerweile stellen sich einige die Frage: Nicht ob, sondern wann wir das Land verlassen.\u201c<\/p>\n<p><img decoding=\"async\" width=\"992\" height=\"619\" alt=\"Die beiden M\u00e4nner am Spreeufer Richtung Reichstag. Ron Dekel (li) will weiterhin offen Kippa tragen, Tim K. m\u00f6chte es nicht mehr\" src=\"https:\/\/www.europesays.com\/de\/wp-content\/uploads\/2026\/04\/6fe8aacff55e8b04a9c8e9af51c26c73,5b8b9115.jpeg\"   class=\"dynamic\" loading=\"lazy\"\/><\/p>\n<p class=\"fig__caption__text\">Die beiden M\u00e4nner gehen am Spreeufer Richtung Reichstag. Ron Dekel (li.) will weiterhin offen Kippa tragen<\/p>\n<p>Foto: Timo Beurich<\/p>\n<p>Zwei Tage nach dem ersten Vorfall kommt es zu einer weiteren Begegnung. Politik-Student Ron Dekel zu BILD: \u201eIch kam am Samstag aus der Synagoge. Pl\u00f6tzlich steht die Frau vor mir, die uns zwei Tage zuvor angeschrien hatte. Wieder br\u00fcllte sie mich an, ich solle das Video l\u00f6schen. Ich bin weggegangen. Sp\u00e4ter habe ich erfahren, dass sie wohl in einem Caf\u00e9 gegen\u00fcber der Synagoge auf mich gewartet hat. Woher wusste sie, wo ich bin?\u201c<\/p>\n<p>Ron Dekel geht zur <a href=\"https:\/\/www.bild.de\/regional\/aktuelles\/polizei\/polizeieinsatz-alle-infos-76681760.bild.html\" class=\"text-link\" rel=\"nofollow noopener\" target=\"_blank\">Polizei<\/a> und meldet den Vorgang. \u201eIch wei\u00df nicht, was daraus wird\u201c, sagt er. \u201eAber eines wei\u00df ich: Wir wollen uns hier nicht aufgeben, solange wir \u00fcberzeugt sind, dass das <a href=\"https:\/\/www.bild.de\/themen\/organisationen\/judentum\/weltreligion-news-fotos-videos-22942006.bild.html\" class=\"text-link\" rel=\"nofollow noopener\" target=\"_blank\">j\u00fcdische<\/a> Leben hier noch eine Zukunft hat.\u201c<\/p>\n","protected":false},"excerpt":{"rendered":"TTS-Player \u00fcberspringen\u21b5Artikel weiterlesen Berlin\u00a0\u2013 Antisemitische P\u00f6bel-Attacke mitten im Regierungsviertel! Sie kommen aus dem Reichstag, haben an einer Diskussion&hellip;\n","protected":false},"author":2,"featured_media":977241,"comment_status":"","ping_status":"","sticky":false,"template":"","format":"standard","meta":{"footnotes":"","_share_on_mastodon":"0"},"categories":[1825],"tags":[18929,712,41,296,181674,29,30,10759,153810,1597,2119,19462,45],"class_list":["post-977240","post","type-post","status-publish","format-standard","has-post-thumbnail","category-berlin","tag-angst","tag-antisemitismus","tag-bedrohung","tag-berlin","tag-deep-news","tag-deutschland","tag-germany","tag-hass","tag-hell-peter","tag-juden","tag-judentum","tag-nahost-konflikt","tag-texttospeech"],"share_on_mastodon":{"url":"https:\/\/pubeurope.com\/@de\/116477815024340231","error":""},"_links":{"self":[{"href":"https:\/\/www.europesays.com\/de\/wp-json\/wp\/v2\/posts\/977240","targetHints":{"allow":["GET"]}}],"collection":[{"href":"https:\/\/www.europesays.com\/de\/wp-json\/wp\/v2\/posts"}],"about":[{"href":"https:\/\/www.europesays.com\/de\/wp-json\/wp\/v2\/types\/post"}],"author":[{"embeddable":true,"href":"https:\/\/www.europesays.com\/de\/wp-json\/wp\/v2\/users\/2"}],"replies":[{"embeddable":true,"href":"https:\/\/www.europesays.com\/de\/wp-json\/wp\/v2\/comments?post=977240"}],"version-history":[{"count":0,"href":"https:\/\/www.europesays.com\/de\/wp-json\/wp\/v2\/posts\/977240\/revisions"}],"wp:featuredmedia":[{"embeddable":true,"href":"https:\/\/www.europesays.com\/de\/wp-json\/wp\/v2\/media\/977241"}],"wp:attachment":[{"href":"https:\/\/www.europesays.com\/de\/wp-json\/wp\/v2\/media?parent=977240"}],"wp:term":[{"taxonomy":"category","embeddable":true,"href":"https:\/\/www.europesays.com\/de\/wp-json\/wp\/v2\/categories?post=977240"},{"taxonomy":"post_tag","embeddable":true,"href":"https:\/\/www.europesays.com\/de\/wp-json\/wp\/v2\/tags?post=977240"}],"curies":[{"name":"wp","href":"https:\/\/api.w.org\/{rel}","templated":true}]}}