{"id":977259,"date":"2026-04-27T17:29:17","date_gmt":"2026-04-27T17:29:17","guid":{"rendered":"https:\/\/www.europesays.com\/de\/977259\/"},"modified":"2026-04-27T17:29:17","modified_gmt":"2026-04-27T17:29:17","slug":"nach-16-jahren-ehe-dennis-und-dana-diekmeier-getrennt-sport","status":"publish","type":"post","link":"https:\/\/www.europesays.com\/de\/977259\/","title":{"rendered":"Nach 16 Jahren Ehe: Dennis und Dana Diekmeier getrennt! | Sport"},"content":{"rendered":"<p><a class=\"skip-content skip-content--link\" href=\"#in-content-skip-link-target-v-0-0\">TTS-Player \u00fcberspringen\u21b5<\/a><a id=\"in-content-skip-link-target-v-0-0\" class=\"skip-content--target-link-hidden skip-content skip-content--target-link\" href=\"#in-content-skip-link-target-v-0-0\">Artikel weiterlesen<\/a><\/p>\n<p><b>Nach 16 Jahren Ehe ist es aus! Ex-<\/b><a href=\"https:\/\/www.bild.de\/sport\/fussball\/hsv\/startseite-hsv-31074410.bild.html\" class=\"text-link\" rel=\"nofollow noopener\" target=\"_blank\"><b>HSV<\/b><\/a><b>-Star Dennis Diekmeier (36) und seine Frau Dana gehen nun getrennte Wege. Das verk\u00fcndete Dana Diekmeier am Montagabend in einem emotionalen Post auf Instagram.<\/b><\/p>\n<p>Dana Diekmeier: \u201eManche Wege im Leben ver\u00e4ndern sich \u2013 auch dann, wenn man es sich anders gew\u00fcnscht h\u00e4tte. Die vergangenen Monate waren f\u00fcr uns als Familie sehr herausfordernd und haben vieles ge\u00e4ndert.\u201c<\/p>\n<p>Mehr zum Thema<\/p>\n<p>Und weiter: \u201eInzwischen hatte ich etwas Zeit, alles zu verarbeiten, und m\u00f6chte ein paar Worte dazu mit euch teilen. Nach 16 Jahren Ehe gehen Dennis und ich getrennte Wege. Ich bitte euch von Herzen um Verst\u00e4ndnis und einen respektvollen Umgang mit dieser Situation. An erster Stelle stehen f\u00fcr mich meine Kinder. F\u00fcr sie bin ich da \u2013 jeden Tag, mit allem, was ich habe.\u201c<\/p>\n<p>Tochter Delani k\u00e4mpft gegen Krebs<\/p>\n<p>Dennis und Dana haben gemeinsam vier Kinder. Tochter Delani (15) leidet an Krebs. Vor einem Jahr wurde bei ihr ein Tumor an der Nebenniere diagnostiziert. Zwar wurde dieser operativ entfernt. Kurz danach entdeckten die \u00c4rzte Metastasen in beiden Lungenfl\u00fcgeln bei dem M\u00e4dchen. Immer wieder muss sie lange Krankenhausaufenthalte hinnehmen, k\u00e4mpft aber stets weiter. Dana Diekmeier im Januar: \u201eDanke f\u00fcr die vielen lieben Nachrichten. Delanis Befunde sind stabil. Das ist ein \u201aTeilerfolg\u2018.\u201c<\/p>\n<p><img decoding=\"async\" width=\"992\" height=\"558\" alt=\"Die Diekmeiers mit ihrer krebskranken Tochter Delani (15)\" src=\"https:\/\/www.europesays.com\/de\/wp-content\/uploads\/2026\/04\/11538e09fb1141fac72aaace304b26de,31455255.jpeg\"   class=\"landscape\" loading=\"lazy\"\/><\/p>\n<p class=\"fig__caption__text\">Die Diekmeiers mit ihrer krebskranken Tochter Delani (15)<\/p>\n<p>Foto: Agency People Image<\/p>\n<p>Ende vergangenen Jahres wagte die Familie in W\u00fcrzburg einen weiteren Behandlungsversuch, um ihrer schwer kranken Tochter zu helfen. Zum Einsatz kam dabei die sogenannte IMAZA-Therapie aus der Nuklearmedizin. Dabei wird dem Patienten ein radioaktiver Wirkstoff verabreicht, der gezielt von Tumorzellen aufgenommen wird. Dana beschrieb den Moment im November so: \u201eSie musste im wahrsten Sinne des Wortes LEUCHTEN. Und genau das tat sie. SIE STRAHLT.\u201c<\/p>\n<p> An dieser Stelle findest du Inhalte aus Instagram <\/p>\n<p> Um mit Inhalten aus Instagram und anderen sozialen Netzwerken zu interagieren oder diese darzustellen, brauchen wir deine Zustimmung. <\/p>\n<p> soziale Netzwerke aktivieren  Um eingebettete Inhalte anzuzeigen, ist Ihre jederzeit widerrufliche Einwilligung (\u00fcber den Schalter oder \u00fcber &#8220; <a class=\"embed-placeholder__text-link\" href=\"#\" rel=\"noopener noreferrer\" title=\"Tracking widerrufen\"> Widerruf Tracking und Cookies<\/a> &#8220; am Seitenende) zur Verarbeitung personenbezogener Daten n\u00f6tig.  Dabei k\u00f6nnen Daten in Drittl\u00e4nder wie die USA \u00fcbermittelt werden (Art. 49 Abs. 1 lit. a DSGVO). Mit dem Aktivieren des Inhalts stimmen Sie zu. Weitere Infos finden Sie <a class=\"embed-placeholder__text-link\" href=\"#\" rel=\"noopener noreferrer\" title=\"Zu den Privatsph\u00e4re Einstellungen\"> hier<\/a>. <\/p>\n","protected":false},"excerpt":{"rendered":"TTS-Player \u00fcberspringen\u21b5Artikel weiterlesen Nach 16 Jahren Ehe ist es aus! Ex-HSV-Star Dennis Diekmeier (36) und seine Frau Dana&hellip;\n","protected":false},"author":2,"featured_media":977260,"comment_status":"","ping_status":"","sticky":false,"template":"","format":"standard","meta":{"footnotes":"","_share_on_mastodon":"0"},"categories":[136],"tags":[29,91234,347,30,692,3150,265,12873,45,1261],"class_list":["post-977259","post","type-post","status-publish","format-standard","has-post-thumbnail","category-sport","tag-deutschland","tag-diekmeier-dennis","tag-fussball","tag-germany","tag-hamburg","tag-hamburger-sv","tag-sport","tag-sv-sandhausen","tag-texttospeech","tag-toralarm-top-news"],"share_on_mastodon":{"url":"https:\/\/pubeurope.com\/@de\/116477858199212690","error":""},"_links":{"self":[{"href":"https:\/\/www.europesays.com\/de\/wp-json\/wp\/v2\/posts\/977259","targetHints":{"allow":["GET"]}}],"collection":[{"href":"https:\/\/www.europesays.com\/de\/wp-json\/wp\/v2\/posts"}],"about":[{"href":"https:\/\/www.europesays.com\/de\/wp-json\/wp\/v2\/types\/post"}],"author":[{"embeddable":true,"href":"https:\/\/www.europesays.com\/de\/wp-json\/wp\/v2\/users\/2"}],"replies":[{"embeddable":true,"href":"https:\/\/www.europesays.com\/de\/wp-json\/wp\/v2\/comments?post=977259"}],"version-history":[{"count":0,"href":"https:\/\/www.europesays.com\/de\/wp-json\/wp\/v2\/posts\/977259\/revisions"}],"wp:featuredmedia":[{"embeddable":true,"href":"https:\/\/www.europesays.com\/de\/wp-json\/wp\/v2\/media\/977260"}],"wp:attachment":[{"href":"https:\/\/www.europesays.com\/de\/wp-json\/wp\/v2\/media?parent=977259"}],"wp:term":[{"taxonomy":"category","embeddable":true,"href":"https:\/\/www.europesays.com\/de\/wp-json\/wp\/v2\/categories?post=977259"},{"taxonomy":"post_tag","embeddable":true,"href":"https:\/\/www.europesays.com\/de\/wp-json\/wp\/v2\/tags?post=977259"}],"curies":[{"name":"wp","href":"https:\/\/api.w.org\/{rel}","templated":true}]}}