{"id":977277,"date":"2026-04-27T17:38:36","date_gmt":"2026-04-27T17:38:36","guid":{"rendered":"https:\/\/www.europesays.com\/de\/977277\/"},"modified":"2026-04-27T17:38:36","modified_gmt":"2026-04-27T17:38:36","slug":"color-fantasy-kreuzfahrtschiff-transportiert-moderne-leopard-panzer-von-kiel-nach-norwegen","status":"publish","type":"post","link":"https:\/\/www.europesays.com\/de\/977277\/","title":{"rendered":"\u201eColor Fantasy\u201c: Kreuzfahrtschiff transportiert moderne Leopard-Panzer von Kiel nach Norwegen"},"content":{"rendered":"<p>Norwegen hat 54 Leopard 2 A8 bei der Firma KNDS in M\u00fcnchen bestellt. Vergangene Woche sind die ersten Kolosse von Kiel nach Oslo gebracht worden. Daf\u00fcr ist ein Schiff mit speziellen Rampen n\u00f6tig.<\/p>\n<p class=\"is-first-paragraph\" data-external=\"Article.FirstParagraph\">Besonderer Anblick im Kieler Hafen: Am Mittwoch rollten dort erstmals zwei der neuen Leopard 2 A8. Sie sind mit der F\u00e4hre \u201eColor Fantasy\u201c nach Oslo gebracht worden. Das berichten die <a class=\"is-link c-block-items__link is-external c-link--rich-text-renderer\" href=\"https:\/\/www.kn-online.de\/lokales\/kiel\/erste-leopard-2a8-fuer-norwegen-auf-faehre-color-fantasy-in-kiel-verladen-MKUZZBOTL5F5DIXPOWJBGKGVEU.html?utm_source=e421975b8fcd1efad644efc0d0bcacd7&amp;utm_campaign=f6f5bd40-812b-4d18-82e9-82084a3cee68&amp;aid=73fd6b0089ad8ed6309a3dc37c2ae1ba340ecc824e919eee3df6ea8f158ea1f9\" target=\"_blank\" title=\"Link wird in einem neuen Tab ge\u00f6ffnet\" rel=\"nofollow noopener\" data-internal-tracking-enabled=\"true\" data-internal-tracking=\"{&quot;action&quot;:&quot;click&quot;,&quot;label&quot;:&quot;link&quot;,&quot;name&quot;:&quot;Inline Element&quot;,&quot;data&quot;:{&quot;source&quot;:&quot;&quot;,&quot;target&quot;:&quot;https:\/\/www.kn-online.de\/lokales\/kiel\/erste-leopard-2a8-fuer-norwegen-auf-faehre-color-fantasy-in-kiel-verladen-MKUZZBOTL5F5DIXPOWJBGKGVEU.html?utm_source=e421975b8fcd1efad644efc0d0bcacd7&amp;utm_campaign=f6f5bd40-812b-4d18-82e9-82084a3cee68&amp;aid=73fd6b0089ad8ed6309a3dc37c2ae1ba340ecc824e919eee3df6ea8f158ea1f9&quot;,&quot;trackingName&quot;:&quot;&quot;,&quot;trackingLabel&quot;:&quot;&quot;}}\">\u201eKieler Nachrichten\u201c<\/a>. Das F\u00e4hrschiff wird von der Reederei als \u201eKreuzfahrtschiff mit Autodeck\u201c vermarktet, wird aber als Autof\u00e4hre gef\u00fchrt.<\/p>\n<p>Der Leopard 2 A8 kostet knapp 30 Millionen Euro und wiegt 69 Tonnen. Die norwegische Armee hat 54 dieser Kampfpanzer <a class=\"is-link c-block-items__link is-external c-link--rich-text-renderer\" href=\"https:\/\/knds.com\/de\/pressemitteilungen\/roll-out-der-knds-systeme-leopard-2-a8-und-pz-h-2000\" target=\"_blank\" title=\"Link wird in einem neuen Tab ge\u00f6ffnet\" rel=\"nofollow noopener\" data-internal-tracking-enabled=\"true\" data-internal-tracking=\"{&quot;action&quot;:&quot;click&quot;,&quot;label&quot;:&quot;link&quot;,&quot;name&quot;:&quot;Inline Element&quot;,&quot;data&quot;:{&quot;source&quot;:&quot;&quot;,&quot;target&quot;:&quot;https:\/\/knds.com\/de\/pressemitteilungen\/roll-out-der-knds-systeme-leopard-2-a8-und-pz-h-2000&quot;,&quot;trackingName&quot;:&quot;&quot;,&quot;trackingLabel&quot;:&quot;&quot;}}\">bei der Firma KNDS in M\u00fcnchen<\/a> bestellt.<\/p>\n<p>\u201eSie geh\u00f6ren zu den ersten Exemplaren dieses Typs f\u00fcr Norwegen\u201c, sagt Christian Budde, Sprecher des Herstellers KNDS, den \u201eKieler Nachrichten\u201c. \u201eDiese Panzer lassen sich angesichts ihrer Gr\u00f6\u00dfe nat\u00fcrlich schwer verstecken.\u201c<\/p>\n<p>F\u00fcr den Transport seien die Panzer auf Tieflader gerollt und als Schwertransport auf die Autobahn bis Kiel geschickt worden, hei\u00dft es in dem Artikel. Die Kiel-Oslo-F\u00e4hren haben speziell f\u00fcr Panzer und Schwergut geeignete Rampen, damit die fast 100 Tonnen schweren Sattelz\u00fcge mit den Panzern auch sicher an Bord rollen k\u00f6nnen.<\/p>\n<p>Insgesamt liegen KNDS rund 350 Bestellungen f\u00fcr diesen Panzertyp vor, die Bundeswehr bekommt 123. Sie sollen ebenfalls in K\u00fcrze zur Auslieferung kommen. In Europa verlassen sich bereits 18 Nationen auf den Leopard-2-Kampfpanzer von KNDS Deutschland. Weltweit hat das System 23 Nutzerstaaten.<\/p>\n<p>Im Beisein von Bundesverteidigungsminister Boris Pistorius, der norwegischen Verteidigungsstaatssekret\u00e4rin Marte Gerhardsen und des bayerischen Ministerpr\u00e4sidenten Markus S\u00f6der hatte im November 2025 am Standort M\u00fcnchen der sogenannte Roll-out der KNDS-Systeme Leopard 2 A8 und der Panzerhaubitze 2000 f\u00fcr die Bundeswehr sowie f\u00fcr die norwegischen Streitkr\u00e4fte stattgefunden.<\/p>\n<p>Damals hatte der CEO von KNDS Deutschland, Ralf Ketzel, den Tag als \u201eMeilenstein sowohl f\u00fcr die schnelle und moderne Ausstattung der Bundeswehr als auch f\u00fcr die gute und enge Kooperation Europas im Bereich der Landsysteme\u201c bezeichnet. Der Roll-out zeige die vertrauensvolle Zusammenarbeit zwischen Norwegen und Deutschland und sei gleichzeitig der Start f\u00fcr eine einheitliche europ\u00e4ische Beschaffung, zu der auch Litauen, die Niederlande und Tschechien beigetreten sind.<\/p>\n<p>jm<\/p>\n","protected":false},"excerpt":{"rendered":"Norwegen hat 54 Leopard 2 A8 bei der Firma KNDS in M\u00fcnchen bestellt. Vergangene Woche sind die ersten&hellip;\n","protected":false},"author":2,"featured_media":977278,"comment_status":"","ping_status":"","sticky":false,"template":"","format":"standard","meta":{"footnotes":"","_share_on_mastodon":"0"},"categories":[1852],"tags":[3364,29,548,663,3934,30,13,4949,76700,14,15,110,1283,740,63401,12,1971,45],"class_list":["post-977277","post","type-post","status-publish","format-standard","has-post-thumbnail","category-kiel","tag-de","tag-deutschland","tag-eu","tag-europa","tag-europe","tag-germany","tag-headlines","tag-kiel","tag-leopard-2-ks","tag-nachrichten","tag-news","tag-newsteam","tag-panzer","tag-rheinmetall","tag-ruestungsindustrie-ks","tag-schlagzeilen","tag-schleswig-holstein","tag-texttospeech"],"share_on_mastodon":{"url":"https:\/\/pubeurope.com\/@de\/116477893439243458","error":""},"_links":{"self":[{"href":"https:\/\/www.europesays.com\/de\/wp-json\/wp\/v2\/posts\/977277","targetHints":{"allow":["GET"]}}],"collection":[{"href":"https:\/\/www.europesays.com\/de\/wp-json\/wp\/v2\/posts"}],"about":[{"href":"https:\/\/www.europesays.com\/de\/wp-json\/wp\/v2\/types\/post"}],"author":[{"embeddable":true,"href":"https:\/\/www.europesays.com\/de\/wp-json\/wp\/v2\/users\/2"}],"replies":[{"embeddable":true,"href":"https:\/\/www.europesays.com\/de\/wp-json\/wp\/v2\/comments?post=977277"}],"version-history":[{"count":0,"href":"https:\/\/www.europesays.com\/de\/wp-json\/wp\/v2\/posts\/977277\/revisions"}],"wp:featuredmedia":[{"embeddable":true,"href":"https:\/\/www.europesays.com\/de\/wp-json\/wp\/v2\/media\/977278"}],"wp:attachment":[{"href":"https:\/\/www.europesays.com\/de\/wp-json\/wp\/v2\/media?parent=977277"}],"wp:term":[{"taxonomy":"category","embeddable":true,"href":"https:\/\/www.europesays.com\/de\/wp-json\/wp\/v2\/categories?post=977277"},{"taxonomy":"post_tag","embeddable":true,"href":"https:\/\/www.europesays.com\/de\/wp-json\/wp\/v2\/tags?post=977277"}],"curies":[{"name":"wp","href":"https:\/\/api.w.org\/{rel}","templated":true}]}}