{"id":977346,"date":"2026-04-27T18:15:27","date_gmt":"2026-04-27T18:15:27","guid":{"rendered":"https:\/\/www.europesays.com\/de\/977346\/"},"modified":"2026-04-27T18:15:27","modified_gmt":"2026-04-27T18:15:27","slug":"babystar-mit-regisseur-neustadt-gefluester","status":"publish","type":"post","link":"https:\/\/www.europesays.com\/de\/977346\/","title":{"rendered":"Babystar mit Regisseur &#8211; Neustadt-Gefl\u00fcster"},"content":{"rendered":"<p>Im Filmtheater Schauburg in Dresden wird am Dienstag, 28. April, der Spielfilm \u201eBabystar\u201c gezeigt. Die Vorstellung beginnt um 20 Uhr. Regisseur Joscha Bongard ist anwesend. Im Anschluss ist ein Publikumsgespr\u00e4ch geplant.<br \/>\n<img fetchpriority=\"high\" decoding=\"async\" src=\"https:\/\/www.europesays.com\/de\/wp-content\/uploads\/2026\/04\/2026-04-27-Babystar.jpg\" alt=\"Babystar - der neue Film von Joscha Bongard wird am Dienstag mit anschlie\u00dfender Filmdiskussion im Fritz-Lang-Saal der Schauburg gezeigt. \" width=\"1801\" height=\"1013\" class=\"size-full wp-image-237284\"  \/>Babystar \u2013 der neue Film von Joscha Bongard wird am Dienstag mit anschlie\u00dfender Filmdiskussion im Fritz-Lang-Saal der Schauburg gezeigt.\n<\/p>\n<p>Filmauff\u00fchrung mit Regisseur<\/p>\n<p>Joscha Bongard stellt in der Schauburg seinen neuen Film \u201eBabystar\u201c vor. Zuvor drehte er die thematisch verwandte Dokumentation \u201ePornfluencer\u201c. Der neue Spielfilm zeigt eine Familie, deren Leben sich in sozialen Netzwerken abspielt.\n<\/p>\n<p>Handlung von \u201eBabystar\u201c<\/p>\n<p>Im Mittelpunkt steht die 16-j\u00e4hrige Luca. Auf Social Media pr\u00e4sentiert sie sich als gl\u00fccklicher Teenager. Mit ihren Eltern Stella und Chris lebt sie ein inszeniertes Familienleben. Die Familie betreibt ein Influencer-Business. Seit Lucas erstem Ultraschallbild ver\u00f6ffentlichen die Eltern gemeinsam mit ihr Inhalte f\u00fcr Millionen Follower. Damit verdienen sie Geld.<br \/>\n<img loading=\"lazy\" decoding=\"async\" src=\"https:\/\/www.europesays.com\/de\/wp-content\/uploads\/2026\/04\/2026-04-27-Babystar2.jpg\" alt=\"Schauspielerin Maja Bons in der Rolle als Babystar.\" width=\"2400\" height=\"1349\" class=\"size-full wp-image-237283\"  \/>Schauspielerin Maja Bons in der Rolle als Babystar.\n<\/p>\n<p>Als die Eltern ein weiteres Kind planen, w\u00e4chst der Druck auf Luca. Sie will ihren Platz in der Familie sichern. F\u00fcr Reichweite \u00fcberschreiten die Eltern wiederholt ihre Grenzen. Luca beginnt sich zu wehren. Sie erkennt, dass andere ihr Leben seit ihrer Geburt bestimmen. Ihre Identit\u00e4t wird Teil der Vermarktung. Das \u00f6ffentlich gezeigte Familienbild ger\u00e4t ins Wanken.<\/p>\n<p>Karten und weitere Informationen<\/p>\n<ul>\n<li>Karten f\u00fcr 11,50 Euro (10 Euro erm\u00e4\u00dfigt, f\u00fcr Sch\u00fcler*innen 9 Euro) sind \u00fcber die <a target=\"_blank\" href=\"https:\/\/www.schauburg-dresden.de\/index.php?page=va&amp;ticket=F0421000023WYGELCQ&amp;termin=1600767&amp;va_id=58686\" rel=\"nofollow noopener\">Website der Schauburg<\/a>.<\/li>\n<li>Das Neustadt-Gefl\u00fcster verlost zweimal zwei Tickets. Der Rechtsweg ist ausgeschlossen. Bei Interesse bitte eine eindeutige Erg\u00e4nzung schreiben.<\/li>\n<li>Babystar, Dienstag, 28. April, 20 Uhr, Fritz-Lang-Saal, Schauburg, K\u00f6nigsbr\u00fccker Stra\u00dfe 55, 01099 Dresden<\/li>\n<\/ul>\n","protected":false},"excerpt":{"rendered":"Im Filmtheater Schauburg in Dresden wird am Dienstag, 28. April, der Spielfilm \u201eBabystar\u201c gezeigt. Die Vorstellung beginnt um&hellip;\n","protected":false},"author":2,"featured_media":977347,"comment_status":"","ping_status":"","sticky":false,"template":"","format":"standard","meta":{"footnotes":"","_share_on_mastodon":"0"},"categories":[1835],"tags":[211861,3364,29,2386,16063,30,859,26606,3011],"class_list":["post-977346","post","type-post","status-publish","format-standard","has-post-thumbnail","category-dresden","tag-babystar","tag-de","tag-deutschland","tag-dresden","tag-freikarten","tag-germany","tag-sachsen","tag-schauburg","tag-verlosung"],"share_on_mastodon":{"url":"https:\/\/pubeurope.com\/@de\/116478039239288547","error":""},"_links":{"self":[{"href":"https:\/\/www.europesays.com\/de\/wp-json\/wp\/v2\/posts\/977346","targetHints":{"allow":["GET"]}}],"collection":[{"href":"https:\/\/www.europesays.com\/de\/wp-json\/wp\/v2\/posts"}],"about":[{"href":"https:\/\/www.europesays.com\/de\/wp-json\/wp\/v2\/types\/post"}],"author":[{"embeddable":true,"href":"https:\/\/www.europesays.com\/de\/wp-json\/wp\/v2\/users\/2"}],"replies":[{"embeddable":true,"href":"https:\/\/www.europesays.com\/de\/wp-json\/wp\/v2\/comments?post=977346"}],"version-history":[{"count":0,"href":"https:\/\/www.europesays.com\/de\/wp-json\/wp\/v2\/posts\/977346\/revisions"}],"wp:featuredmedia":[{"embeddable":true,"href":"https:\/\/www.europesays.com\/de\/wp-json\/wp\/v2\/media\/977347"}],"wp:attachment":[{"href":"https:\/\/www.europesays.com\/de\/wp-json\/wp\/v2\/media?parent=977346"}],"wp:term":[{"taxonomy":"category","embeddable":true,"href":"https:\/\/www.europesays.com\/de\/wp-json\/wp\/v2\/categories?post=977346"},{"taxonomy":"post_tag","embeddable":true,"href":"https:\/\/www.europesays.com\/de\/wp-json\/wp\/v2\/tags?post=977346"}],"curies":[{"name":"wp","href":"https:\/\/api.w.org\/{rel}","templated":true}]}}