{"id":977495,"date":"2026-04-27T19:34:49","date_gmt":"2026-04-27T19:34:49","guid":{"rendered":"https:\/\/www.europesays.com\/de\/977495\/"},"modified":"2026-04-27T19:34:49","modified_gmt":"2026-04-27T19:34:49","slug":"hannover-erdbeeren-selbst-pfluecken-in-der-region-uebersicht-der-standorte","status":"publish","type":"post","link":"https:\/\/www.europesays.com\/de\/977495\/","title":{"rendered":"Hannover: Erdbeeren selbst pfl\u00fccken in der Region \u2013 \u00dcbersicht der Standorte"},"content":{"rendered":"<p>Felder in der Region <\/p>\n<p>Hier kann man selbst Erdbeeren pfl\u00fccken<\/p>\n<p>Aktualisiert am 27.04.2026 &#8211; 14:05 UhrLesedauer: 2 Min.<\/p>\n<p><a href=\"#focus-0\" class=\"transition-colors duration-200 block text-current relative\" data-sctrack=\"FocusGalleryImage.Reference\"><img fetchpriority=\"high\" data-testid=\"Opener.Image\" style=\"--lqipURL:url('https:\/\/images.t-online.de\/2025\/05\/YxAJE8J0EHpP\/0x209:4000x2250\/fit-in\/150x0\/filters:blur(25)\/ein-mann-haelt-neben-einem-feld-erdbeeren-in-der-hand-symbolbild-in-der-region-gibt-es-einige-selbstpflueckfelder.jpg')\"   loading=\"eager\" src=\"https:\/\/www.europesays.com\/de\/wp-content\/uploads\/2026\/04\/ein-mann-haelt-neben-einem-feld-erdbeeren-in-der-hand-symbolbild-in-der-region-gibt-es-einige-selbst.jpeg\" alt=\"Ein Mann h\u00e4lt neben einem Feld Erdbeeren in der Hand (Symbolbild): In der Region gibt es einige Selbstpfl\u00fcckfelder.\" title=\"Ein Mann h\u00e4lt neben einem Feld Erdbeeren in der Hand (Symbolbild): In der Region gibt es einige Selbstpfl\u00fcckfelder.\" width=\"4000\" height=\"2250\" class=\"bg-[url:var(--lqipURL)] bg-cover bg-center flex h-full w-full max-w-full\" decoding=\"async\"\/><img style=\"--width:32;--height:32\" loading=\"lazy\" src=\"https:\/\/hannover.t-online.de\/s\/paper\/_next\/static\/media\/zoom-in.f7dae02f.svg\" alt=\"Vergr\u00f6\u00dfern des Bildes\" title=\"Vergr\u00f6\u00dfern des Bildes\" class=\"block h-[calc(var(--height)_\/_16_*_1rem)] w-[calc(var(--width)_\/_16_*_1rem)] max-w-none absolute bottom-8 right-8 rounded-4 bg-snow p-8\" decoding=\"async\"\/><\/a><\/p>\n<p>Ein Mann h\u00e4lt neben einem Feld Erdbeeren in der Hand (Symbolbild): In der Region gibt es einige Selbstpfl\u00fcckfelder. (Quelle: IMAGO\/Westend61\/Elena Medoks)<\/p>\n<p class=\"font-bold text-18 leading-17 user-text-lg:text-22 user-text-xl:text-24\">Wer Lust auf frische Erdbeeren direkt vom Feld hat, kann sie an einigen Orten in der Region Hannover selbst pfl\u00fccken. Von Laatzen bis Lehrte startet die Pfl\u00fccksaison Mitte Mai.<\/p>\n<p class=\"text-18 leading-17 user-text-lg:text-22 user-text-xl:text-24\">Bald ist Erdbeerzeit. Wer die s\u00fc\u00dfen Beeren selbst pfl\u00fccken m\u00f6chte, hat daf\u00fcr rund um Hannover an mehreren Stellen die M\u00f6glichkeit. Zum Beispiel hier:<\/p>\n<p class=\"text-18 leading-17 user-text-lg:text-22 user-text-xl:text-24\">S\u00fcdlich von Hannover befindet sich der Erdbeerhof Gleidingen. Dort k\u00f6nnen Erdbeeren auf Feldern und im Erdbeer-Tunnel gepfl\u00fcckt werden. Ab Mitte Mai ist das t\u00e4glich zwischen 8 und 19 Uhr m\u00f6glich. Die Felder sind auch per Stadtbahn gut erreichbar: Einfach bis zur Haltestelle Gleidingen fahren, von dort ist es ein etwa 15-min\u00fctiger Spaziergang. Angrenzend an das Selbstpfl\u00fcckfeld gibt es ein Maislabyrinth \u2013 ideal f\u00fcr Familienausfl\u00fcge.<\/p>\n<p class=\"text-18 leading-17 user-text-lg:text-22 user-text-xl:text-24\">Dieser Hof betreibt mehrere Selbstpfl\u00fcckfelder \u2013 unter anderem in Gehrden, Springe, Steinkrug. Die Saison startet voraussichtlich im Mai; t\u00e4glich von 8 bis 19 Uhr kann dann gepfl\u00fcckt werden \u2013 und Naschen ist ausdr\u00fccklich erlaubt.<\/p>\n<p class=\"text-18 leading-17 user-text-lg:text-22 user-text-xl:text-24\">Schon mehr als 40 Jahre werden auf der Erdbeerplantage Fricke Erdbeeren zum Selberpfl\u00fccken angebaut. Immer ab Mitte Mai k\u00f6nnen die Fr\u00fcchte etwa zwei Monate lang gesammelt werden. Wer nach dem Pfl\u00fccken etwas Entspannung ben\u00f6tigt, kann im Caf\u00e9 am See, welches am anderen Ende von Ihmen-Roloven liegt, einkehren.<\/p>\n<p class=\"text-18 leading-17 user-text-lg:text-22 user-text-xl:text-24\">Auch in Burgdorf k\u00f6nnen Erdbeeren direkt vom Feld gepfl\u00fcckt werden. Das Selbstpfl\u00fcckfeld von Meyer&#8217;s Hof \u00f6ffnet Mitte Mai.<\/p>\n","protected":false},"excerpt":{"rendered":"Felder in der Region Hier kann man selbst Erdbeeren pfl\u00fccken Aktualisiert am 27.04.2026 &#8211; 14:05 UhrLesedauer: 2 Min.&hellip;\n","protected":false},"author":2,"featured_media":977496,"comment_status":"","ping_status":"","sticky":false,"template":"","format":"standard","meta":{"footnotes":"","_share_on_mastodon":"0"},"categories":[1836],"tags":[2201,22325,8284,3364,29,37074,32138,30,37070,46,37071,18708,3794,1411,211882,32135,15021,37072],"class_list":["post-977495","post","type-post","status-publish","format-standard","has-post-thumbnail","category-hannover","tag-2201","tag-ausflugstipp-hannover","tag-burgdorf","tag-de","tag-deutschland","tag-erdbeerenernte","tag-gehrden","tag-germany","tag-gleidingen","tag-hannover","tag-laatzen","tag-langenhagen","tag-lehrte","tag-niedersachsen","tag-pfluecksaison","tag-ronnenberg","tag-seelze","tag-selbstpflueckfeld"],"share_on_mastodon":{"url":"https:\/\/pubeurope.com\/@de\/116478349717314699","error":""},"_links":{"self":[{"href":"https:\/\/www.europesays.com\/de\/wp-json\/wp\/v2\/posts\/977495","targetHints":{"allow":["GET"]}}],"collection":[{"href":"https:\/\/www.europesays.com\/de\/wp-json\/wp\/v2\/posts"}],"about":[{"href":"https:\/\/www.europesays.com\/de\/wp-json\/wp\/v2\/types\/post"}],"author":[{"embeddable":true,"href":"https:\/\/www.europesays.com\/de\/wp-json\/wp\/v2\/users\/2"}],"replies":[{"embeddable":true,"href":"https:\/\/www.europesays.com\/de\/wp-json\/wp\/v2\/comments?post=977495"}],"version-history":[{"count":0,"href":"https:\/\/www.europesays.com\/de\/wp-json\/wp\/v2\/posts\/977495\/revisions"}],"wp:featuredmedia":[{"embeddable":true,"href":"https:\/\/www.europesays.com\/de\/wp-json\/wp\/v2\/media\/977496"}],"wp:attachment":[{"href":"https:\/\/www.europesays.com\/de\/wp-json\/wp\/v2\/media?parent=977495"}],"wp:term":[{"taxonomy":"category","embeddable":true,"href":"https:\/\/www.europesays.com\/de\/wp-json\/wp\/v2\/categories?post=977495"},{"taxonomy":"post_tag","embeddable":true,"href":"https:\/\/www.europesays.com\/de\/wp-json\/wp\/v2\/tags?post=977495"}],"curies":[{"name":"wp","href":"https:\/\/api.w.org\/{rel}","templated":true}]}}