{"id":977542,"date":"2026-04-27T19:59:17","date_gmt":"2026-04-27T19:59:17","guid":{"rendered":"https:\/\/www.europesays.com\/de\/977542\/"},"modified":"2026-04-27T19:59:17","modified_gmt":"2026-04-27T19:59:17","slug":"syrer-plante-terroranschlag-er-wollte-viele-unglaeubige-toeten-regional","status":"publish","type":"post","link":"https:\/\/www.europesays.com\/de\/977542\/","title":{"rendered":"Syrer plante Terroranschlag: Er wollte viele \u201eUngl\u00e4ubige\u201c t\u00f6ten | Regional"},"content":{"rendered":"<p><a class=\"skip-content skip-content--link\" href=\"#in-content-skip-link-target-v-0-0\">TTS-Player \u00fcberspringen\u21b5<\/a><a id=\"in-content-skip-link-target-v-0-0\" class=\"skip-content--target-link-hidden skip-content skip-content--target-link\" href=\"#in-content-skip-link-target-v-0-0\">Artikel weiterlesen<\/a><\/p>\n<p>Berlin \u2013 <b>Abdullah R. (23) steht seit Montag vor dem Landgericht Berlin. Der Vorwurf: Er plante einen islamistischen Anschlag in Berlin. Sein Ziel: Mit einem Messer m\u00f6glichst viele Juden sowie \u201eUngl\u00e4ubige\u201c zu t\u00f6ten \u2013 und sich dann selbst mit einem Sprengstoffg\u00fcrtel in die Luft zu jagen.<\/b><\/p>\n<p>Doch es kam anders. Nach dem Tipp eines ausl\u00e4ndischen Geheimdienstes hatte das Bundesamt f\u00fcr Verfassungsschutz <a href=\"https:\/\/www.bild.de\/regional\/aktuelles\/polizei\/polizeieinsatz-alle-infos-76681760.bild.html\" class=\"text-link\" rel=\"nofollow noopener\" target=\"_blank\">Berliner Polizei<\/a> und Staatsanwaltschaft eingeschaltet. Schlie\u00dflich nahm das SEK den Syrer am 1. November 2025 in seiner Wohnung in der Neuk\u00f6llner Sonnenallee fest. Und verhinderte so h\u00f6chstwahrscheinlich ein brutales Selbstmordattentat in der Hauptstadt.<\/p>\n<p>\u201eJetzt legte der Angeklagte ein umfassendes Gest\u00e4ndnis ab\u201c, so eine Gerichtssprecherin. Er bat um Entschuldigung f\u00fcr seine Taten. Und sprach von \u201eGl\u00fcck\u201c, dass er vor der Umsetzung seiner Pl\u00e4ne festgenommen wurde.<\/p>\n<p>Kontakt \u00fcber TikTok f\u00fchrte zum Terror-Plan<\/p>\n<p>Abdullah R. war im Dezember 2023 nach Deutschland gekommen, stellte einen <a href=\"https:\/\/www.bild.de\/politik\/aktuelles\/fluechtlinge\/fluechtlinge-alle-infos-78158144.bild.html\" class=\"text-link\" rel=\"nofollow noopener\" target=\"_blank\">Asylantrag<\/a>. Er sei polizeilich komplett sauber gewesen, es habe keine Islamismus-Auff\u00e4lligkeiten gegeben, so ein Ermittler nach der Festnahme zu BILD. Doch dann soll er sich im Internet radikalisiert und einen Anschlag vorbereitet haben.<\/p>\n<p>Laut Anklage kaufte er ein Messer, Chemikalien und Bauteile zur Herstellung einer \u201eSpreng- und Brandvorrichtung\u201c. Au\u00dferdem ver\u00f6ffentlichte er IS-Propaganda, die mit sogenannten Nasheeds der Dschihadistenmiliz Islamischer Staat (IS) unterlegt waren \u2013 Kampflieder und Hymnen zur Emotionalisierung und politischen Mobilisierung.<\/p>\n<p><img decoding=\"async\" width=\"992\" height=\"630\" alt=\"Am 1. November wurde der Syrer R. in einer Wohnung in der Neuk\u00f6llner Sonnenallee festgenommen\" src=\"https:\/\/www.europesays.com\/de\/wp-content\/uploads\/2026\/04\/821995880240b4c1b26fc1d5a337c3a0,506a8f70.jpeg\"   class=\"dynamic\" loading=\"lazy\"\/><\/p>\n<p class=\"fig__caption__text\">Am 1. November wurde der Syrer R. in einer Wohnung in der Neuk\u00f6llner Sonnenallee festgenommen<\/p>\n<p>Foto: Olaf Selchow<\/p>\n<p>In seinem Gest\u00e4ndnis gab der Angeklagte an, \u00fcber TikTok mit einem Mann in Kontakt gekommen zu sein. Dieser versorgte ihn mit Informationen und legte ihm den M\u00e4rtyrertod nahe. Der Syrer sei daf\u00fcr empf\u00e4nglich gewesen, weil sich seine Ziele und Tr\u00e4ume nicht erf\u00fcllt h\u00e4tten, so die Gerichtssprecherin. Er habe etwa nicht arbeiten k\u00f6nnen.<\/p>\n<p>Syrer plante ein Selbstmordattentat<\/p>\n<p>Der Angeklagte r\u00e4umte ein, einen Anschlag mit einem Sprengstoffg\u00fcrtel geplant zu haben. Auch das <a href=\"https:\/\/www.bild.de\/themen\/specials\/nahkampfwaffen\/news-fotos-videos-17014754.bild.html\" class=\"text-link\" rel=\"nofollow noopener\" target=\"_blank\">Messer<\/a> habe er sich besorgt. Von dem Plan, es einzusetzen, sei er aber wieder abgekommen.<\/p>\n<p>Seit seiner Festnahme sitzt der angeklagte Abdullah R. in Untersuchungshaft. Er ist wegen der Vorbereitung einer terroristischen Straftat, wegen Terrorismusfinanzierung und wegen des Verbreitens von Propagandamitteln terroristischer Organisationen angeklagt.<\/p>\n<p><b>Mit einem Urteil wird Anfang Juni gerechnet.<\/b><\/p>\n","protected":false},"excerpt":{"rendered":"TTS-Player \u00fcberspringen\u21b5Artikel weiterlesen Berlin \u2013 Abdullah R. (23) steht seit Montag vor dem Landgericht Berlin. Der Vorwurf: Er&hellip;\n","protected":false},"author":2,"featured_media":977543,"comment_status":"","ping_status":"","sticky":false,"template":"","format":"standard","meta":{"footnotes":"","_share_on_mastodon":"0"},"categories":[1825],"tags":[296,29,30,36002,36003,1981,1269,11187,10037,45],"class_list":["post-977542","post","type-post","status-publish","format-standard","has-post-thumbnail","category-berlin","tag-berlin","tag-deutschland","tag-germany","tag-isis","tag-isis-terroristen","tag-messer","tag-prozess","tag-sprengstoff","tag-terroranschlag","tag-texttospeech"],"share_on_mastodon":{"url":"https:\/\/pubeurope.com\/@de\/116478448104411156","error":""},"_links":{"self":[{"href":"https:\/\/www.europesays.com\/de\/wp-json\/wp\/v2\/posts\/977542","targetHints":{"allow":["GET"]}}],"collection":[{"href":"https:\/\/www.europesays.com\/de\/wp-json\/wp\/v2\/posts"}],"about":[{"href":"https:\/\/www.europesays.com\/de\/wp-json\/wp\/v2\/types\/post"}],"author":[{"embeddable":true,"href":"https:\/\/www.europesays.com\/de\/wp-json\/wp\/v2\/users\/2"}],"replies":[{"embeddable":true,"href":"https:\/\/www.europesays.com\/de\/wp-json\/wp\/v2\/comments?post=977542"}],"version-history":[{"count":0,"href":"https:\/\/www.europesays.com\/de\/wp-json\/wp\/v2\/posts\/977542\/revisions"}],"wp:featuredmedia":[{"embeddable":true,"href":"https:\/\/www.europesays.com\/de\/wp-json\/wp\/v2\/media\/977543"}],"wp:attachment":[{"href":"https:\/\/www.europesays.com\/de\/wp-json\/wp\/v2\/media?parent=977542"}],"wp:term":[{"taxonomy":"category","embeddable":true,"href":"https:\/\/www.europesays.com\/de\/wp-json\/wp\/v2\/categories?post=977542"},{"taxonomy":"post_tag","embeddable":true,"href":"https:\/\/www.europesays.com\/de\/wp-json\/wp\/v2\/tags?post=977542"}],"curies":[{"name":"wp","href":"https:\/\/api.w.org\/{rel}","templated":true}]}}