{"id":977606,"date":"2026-04-27T20:37:30","date_gmt":"2026-04-27T20:37:30","guid":{"rendered":"https:\/\/www.europesays.com\/de\/977606\/"},"modified":"2026-04-27T20:37:30","modified_gmt":"2026-04-27T20:37:30","slug":"vfl-bochum-lars-kehl-statt-berkan-taz","status":"publish","type":"post","link":"https:\/\/www.europesays.com\/de\/977606\/","title":{"rendered":"VfL Bochum: Lars Kehl statt Berkan Taz?"},"content":{"rendered":"<p>              Gespr\u00e4che mit dem offensiven Mittelfeldmann laufen<\/p>\n<p>\n                  <strong>Autor:<\/strong> Johannes Ketterl<br \/>\n                  <strong>Ver\u00f6ffentlicht:<\/strong> Montag, 27.04.26 | 14:40\n                <\/p>\n<p>                <img fetchpriority=\"high\" decoding=\"async\" aria-describedby=\"caption-attachment-341995\" class=\"wp-image-341995 size-full\" src=\"https:\/\/www.europesays.com\/de\/wp-content\/uploads\/2026\/04\/imago1076573579.jpg\" alt=\"\u00a9 IMAGO \/ STEINSIEK.CH\" width=\"1600\" height=\"1067\"\/><\/p>\n<p id=\"caption-attachment-341995\" class=\"wp-caption-text\">Mit dem <a href=\"https:\/\/www.liga-zwei.de\/vereine\/vfl-osnabrueck\/\" rel=\"nofollow noopener\" target=\"_blank\">VfL Osnabr\u00fcck<\/a> auf Aufstiegskurs: Lars Kehl. \u00a9 IMAGO \/ STEINSIEK.CH<\/p>\n<p>Komplett auf der sicheren Seite ist der <a href=\"https:\/\/www.liga-zwei.de\/vereine\/vfl-bochum\/\" rel=\"nofollow noopener\" target=\"_blank\">VfL Bochum<\/a> auch nach dem 2:1-Sieg am Wochenende gegen die SpVgg <a href=\"https:\/\/www.liga-zwei.de\/vereine\/spvgg-greuther-fuerth\/\" rel=\"nofollow noopener\" target=\"_blank\">Greuther F\u00fcrth<\/a> noch nicht, doch bei sechs Punkten Vorsprung auf die Abstiegszone und ausgestattet mit der besten Tordifferenz aller Teams ab dem achten Tabellenplatz sollte in Sachen Klassenerhalt nicht mehr viel anbrennen.<\/p>\n<p>Dass sich seit dem befreienden Dreier gegen F\u00fcrth der Fokus verst\u00e4rkt auf die neue Saison bzw. die Planung daf\u00fcr richtet, ist schon unverkennbar. So ist durchgesickert, dass der Abschied von Top-Talent Cajetan Lenz besiegelt ist. Der 19-J\u00e4hrige wechselt allerdings nicht wie vielfach erwartet zu Eintracht Frankfurt, sondern schlie\u00dft sich laut <a href=\"https:\/\/x.com\/Plettigoal\/status\/2048652494855610523\" target=\"_blank\" rel=\"noopener nofollow\">Sky<\/a> f\u00fcr eine fixe Abl\u00f6se von zehn Millionen Euro zuz\u00fcglicher m\u00f6gliche Boni von bis zu 1,5 Millionen Euro der TSG Hoffenheim an.<\/p>\n<p>Die Bochumer Verantwortlichen um Markus Brunnschneider und Simon Zoller erhalten dadurch f\u00fcr den <a href=\"https:\/\/www.liga-zwei.de\/vfl-bochum-die-planungen-fuer-den-umbruch-laufen\/\" rel=\"nofollow noopener\" target=\"_blank\">Umbau des eigenen Kaders<\/a>, der auch wegen einer Reihe von Leihspielern eher gro\u00df ausfallen wird, zus\u00e4tzlichen Spielraum. Gleichwohl ist man in Bochum nat\u00fcrlich bestrebt, m\u00f6glichst kosteng\u00fcnstig und im Idealfall abl\u00f6sefrei Spieler hinzuzuholen, die zudem noch nicht am Ende ihrer Entwicklung angelangt sind.<\/p>\n<p>Berkan Taz kommt nicht<\/p>\n<p>Ins VfL-Visier geraten ist in diesem Zusammenhang nach Informationen der <a href=\"https:\/\/www.waz.de\/sport\/vfl-bochum\/article411830025\/vfl-bochum-blickt-in-die-3-liga-gespraeche-mit-spielgestalter-laufen.html\" target=\"_blank\" rel=\"noopener nofollow\">WAZ<\/a> Lars Kehl, dessen Vertrag beim VfL Osnabr\u00fcck ausl\u00e4uft. Der 24-J\u00e4hrige hat mit sechs Toren und zw\u00f6lf Vorlagen in 34 Eins\u00e4tzen seinen Teil dazu beigetragen, dass die Lila-Wei\u00dfen die Tabelle der 3. Liga anf\u00fchren und kurz vor dem Aufstieg stehen. Dennoch ist ein Verbleib Kehls in Osnabr\u00fcck offenbar keineswegs sicher.<\/p>\n<p>Vielmehr soll der offensive Mittelfeldmann bereits konkrete Gespr\u00e4che mit dem VfL Bochum gef\u00fchrt und signalisiert haben, sich einen Wechsel an die Castroper Stra\u00dfe gut vorstellen zu k\u00f6nnen. Kehl w\u00e4re dort f\u00fcr die Planstelle auf der Zehner-Position vorgesehen, f\u00fcr die Berkan Taz wohl von der Kandidatenliste gestrichen werden kann. Der von zahlreichen Klubs umworbene Top-Scorer des SC Verl soll sich laut der WAZ gegen Bochum entschieden haben.<\/p>\n<p>Mehr News zum VfL Bochum? Dann folge gerne auch unserer <a href=\"https:\/\/www.facebook.com\/people\/VFL-Bochum-News-Nachrichten\/61578446404781\/\" target=\"_blank\" rel=\"noopener nofollow\">VfL-Seite auf Facebook<\/a>!<\/p>\n<p><img loading=\"lazy\" decoding=\"async\" src=\"https:\/\/www.europesays.com\/de\/wp-content\/uploads\/2026\/04\/416fd1bc955341038c611d52d03ff7a2.gif\" alt=\"&quot;\" width=\"1\" height=\"1\"\/><\/p>\n<p>                <img loading=\"lazy\" width=\"160\" height=\"170\" src=\"https:\/\/www.europesays.com\/de\/wp-content\/uploads\/2025\/05\/avatar_johannes_ketterl-283x300.png\" class=\"db grow\" alt=\"avatar johannes ketterl\" style=\"object-fit:contain; max-width: 80px;\" decoding=\"async\"  \/>            <\/p>\n","protected":false},"excerpt":{"rendered":"Gespr\u00e4che mit dem offensiven Mittelfeldmann laufen Autor: Johannes Ketterl Ver\u00f6ffentlicht: Montag, 27.04.26 | 14:40 Mit dem VfL Osnabr\u00fcck&hellip;\n","protected":false},"author":2,"featured_media":977607,"comment_status":"","ping_status":"","sticky":false,"template":"","format":"standard","meta":{"footnotes":"","_share_on_mastodon":"0"},"categories":[1839],"tags":[7507,3364,29,30,112913,1209,8173,12777],"class_list":["post-977606","post","type-post","status-publish","format-standard","has-post-thumbnail","category-bochum","tag-bochum","tag-de","tag-deutschland","tag-germany","tag-lars-kehl","tag-nordrhein-westfalen","tag-vfl-bochum","tag-vfl-osnabrueck"],"share_on_mastodon":{"url":"https:\/\/pubeurope.com\/@de\/116478597497016337","error":""},"_links":{"self":[{"href":"https:\/\/www.europesays.com\/de\/wp-json\/wp\/v2\/posts\/977606","targetHints":{"allow":["GET"]}}],"collection":[{"href":"https:\/\/www.europesays.com\/de\/wp-json\/wp\/v2\/posts"}],"about":[{"href":"https:\/\/www.europesays.com\/de\/wp-json\/wp\/v2\/types\/post"}],"author":[{"embeddable":true,"href":"https:\/\/www.europesays.com\/de\/wp-json\/wp\/v2\/users\/2"}],"replies":[{"embeddable":true,"href":"https:\/\/www.europesays.com\/de\/wp-json\/wp\/v2\/comments?post=977606"}],"version-history":[{"count":0,"href":"https:\/\/www.europesays.com\/de\/wp-json\/wp\/v2\/posts\/977606\/revisions"}],"wp:featuredmedia":[{"embeddable":true,"href":"https:\/\/www.europesays.com\/de\/wp-json\/wp\/v2\/media\/977607"}],"wp:attachment":[{"href":"https:\/\/www.europesays.com\/de\/wp-json\/wp\/v2\/media?parent=977606"}],"wp:term":[{"taxonomy":"category","embeddable":true,"href":"https:\/\/www.europesays.com\/de\/wp-json\/wp\/v2\/categories?post=977606"},{"taxonomy":"post_tag","embeddable":true,"href":"https:\/\/www.europesays.com\/de\/wp-json\/wp\/v2\/tags?post=977606"}],"curies":[{"name":"wp","href":"https:\/\/api.w.org\/{rel}","templated":true}]}}