{"id":977628,"date":"2026-04-27T20:50:23","date_gmt":"2026-04-27T20:50:23","guid":{"rendered":"https:\/\/www.europesays.com\/de\/977628\/"},"modified":"2026-04-27T20:50:23","modified_gmt":"2026-04-27T20:50:23","slug":"24-04-koenigswinterer-mehrfamilienhaus-im-visier-von-einbrechern","status":"publish","type":"post","link":"https:\/\/www.europesays.com\/de\/977628\/","title":{"rendered":"24.04.: K\u00f6nigswinterer Mehrfamilienhaus im Visier von Einbrechern"},"content":{"rendered":"<p>&#13;<br \/>\n            <b>K\u00f6nigswinter. <\/b>In K\u00f6nigswinter-Ittenbach hat die Bonner Polizei Ermittlungen zu zwei Einbr\u00fcchen in einem Mehrfamilienhaus aufgenommen. Die Vorf\u00e4lle ereigneten sich am vergangenen Freitag, dem 24. April 2026, zwischen 07:15 Uhr und 16:00 Uhr. Bislang unbekannte T\u00e4ter drangen in ein Geb\u00e4ude auf der K\u00f6nigswinterer Stra\u00dfe ein. <\/p>\n<p>Im ersten Obergeschoss \u00f6ffneten sie eine unverschlossene Wohnungst\u00fcr und durchsuchten die R\u00e4umlichkeiten nach Einbruchsmanier. Derzeit ist noch unklar, was genau entwendet wurde. Im Dachgeschoss des Hauses versuchten die T\u00e4ter, eine weitere Wohnung aufzubrechen, doch die verschlossene T\u00fcr hielt den Einbruchversuchen stand. <\/p>\n<p>Die Kriminalpolizei sucht Zeugen, die relevante Beobachtungen gemacht haben k\u00f6nnten. Hinweise k\u00f6nnen telefonisch unter der Nummer 0228-150 oder per E-Mail an kk13.bonn@polizei.nrw.de mitgeteilt werden. Die Polizei in Bonn r\u00e4t dringend dazu, Haus- und Wohnungst\u00fcren stets abzuschlie\u00dfen, da unverschlossene T\u00fcren Einbrechern ein leichtes Spiel bieten k\u00f6nnen. <\/p>\n<p>BA <\/p>\n<p>                <a href=\"https:\/\/www.blick-aktuell.de\/Nachrichten\/2604-Strassenraub-in-Bonn-Unbekannter-bestiehlt-13-jaehrigen-Jungen-662154.html?StoryId=662191\" rel=\"nofollow noopener\" target=\"_blank\">&#13;<br \/>\n                  <img decoding=\"async\" class=\"img-responsive WebStoryLink-Image\" src=\"https:\/\/www.europesays.com\/de\/wp-content\/uploads\/2026\/04\/2604-Strassenraub-in-Bonn-Unbekannter-bestiehlt-13-jaehrigen-Jungen-662154t.jpg\" alt=\"26.04.: Stra\u00dfenraub in Bonn: Unbekannter bestiehlt 13-j\u00e4hrigen Jungen\"\/>&#13;<br \/>\n                <\/a><\/p>\n<p>                <a href=\"https:\/\/www.blick-aktuell.de\/Nachrichten\/2304-Grosseinsatz-in-Bonn-Polizei-zieht-Bilanz-661924.html?StoryId=662191\" rel=\"nofollow noopener\" target=\"_blank\">&#13;<br \/>\n                  <img decoding=\"async\" class=\"img-responsive WebStoryLink-Image\" src=\"https:\/\/www.europesays.com\/de\/wp-content\/uploads\/2026\/04\/2304-Grosseinsatz-in-Bonn-Polizei-zieht-Bilanz-661924t.jpg\" alt=\"23.04.: Gro\u00dfeinsatz in Bonn: Polizei zieht Bilanz\"\/>&#13;<br \/>\n                <\/a><\/p>\n<p>                <a href=\"https:\/\/www.blick-aktuell.de\/Berichte\/Quiz-Wie-gut-kennt-ihr-euch-in-Bonn-aus-653640.html?StoryId=662191\" rel=\"nofollow noopener\" target=\"_blank\">&#13;<br \/>\n                  <img decoding=\"async\" class=\"img-responsive WebStoryLink-Image\" src=\"https:\/\/www.europesays.com\/de\/wp-content\/uploads\/2026\/02\/Quiz-Wie-gut-kennt-ihr-euch-in-Bonn-aus-653640t.jpg\" alt=\"Quiz: Wie gut kennt ihr euch in Bonn aus?\"\/>&#13;<br \/>\n                <\/a><\/p>\n","protected":false},"excerpt":{"rendered":"&#13; K\u00f6nigswinter. In K\u00f6nigswinter-Ittenbach hat die Bonner Polizei Ermittlungen zu zwei Einbr\u00fcchen in einem Mehrfamilienhaus aufgenommen. Die Vorf\u00e4lle&hellip;\n","protected":false},"author":2,"featured_media":977629,"comment_status":"","ping_status":"","sticky":false,"template":"","format":"standard","meta":{"footnotes":"","_share_on_mastodon":"0"},"categories":[1842],"tags":[17628,1741,3364,29,2819,30,1209,121],"class_list":["post-977628","post","type-post","status-publish","format-standard","has-post-thumbnail","category-bonn","tag-knigswinter","tag-bonn","tag-de","tag-deutschland","tag-einbruch","tag-germany","tag-nordrhein-westfalen","tag-polizei"],"share_on_mastodon":{"url":"https:\/\/pubeurope.com\/@de\/116478648776261875","error":""},"_links":{"self":[{"href":"https:\/\/www.europesays.com\/de\/wp-json\/wp\/v2\/posts\/977628","targetHints":{"allow":["GET"]}}],"collection":[{"href":"https:\/\/www.europesays.com\/de\/wp-json\/wp\/v2\/posts"}],"about":[{"href":"https:\/\/www.europesays.com\/de\/wp-json\/wp\/v2\/types\/post"}],"author":[{"embeddable":true,"href":"https:\/\/www.europesays.com\/de\/wp-json\/wp\/v2\/users\/2"}],"replies":[{"embeddable":true,"href":"https:\/\/www.europesays.com\/de\/wp-json\/wp\/v2\/comments?post=977628"}],"version-history":[{"count":0,"href":"https:\/\/www.europesays.com\/de\/wp-json\/wp\/v2\/posts\/977628\/revisions"}],"wp:featuredmedia":[{"embeddable":true,"href":"https:\/\/www.europesays.com\/de\/wp-json\/wp\/v2\/media\/977629"}],"wp:attachment":[{"href":"https:\/\/www.europesays.com\/de\/wp-json\/wp\/v2\/media?parent=977628"}],"wp:term":[{"taxonomy":"category","embeddable":true,"href":"https:\/\/www.europesays.com\/de\/wp-json\/wp\/v2\/categories?post=977628"},{"taxonomy":"post_tag","embeddable":true,"href":"https:\/\/www.europesays.com\/de\/wp-json\/wp\/v2\/tags?post=977628"}],"curies":[{"name":"wp","href":"https:\/\/api.w.org\/{rel}","templated":true}]}}