{"id":977706,"date":"2026-04-27T21:36:14","date_gmt":"2026-04-27T21:36:14","guid":{"rendered":"https:\/\/www.europesays.com\/de\/977706\/"},"modified":"2026-04-27T21:36:14","modified_gmt":"2026-04-27T21:36:14","slug":"lebenslange-haft-droht-schuetze-von-trump-dinner-in-drei-punkten-angeklagt","status":"publish","type":"post","link":"https:\/\/www.europesays.com\/de\/977706\/","title":{"rendered":"Lebenslange Haft droht: Sch\u00fctze von Trump-Dinner in drei Punkten angeklagt"},"content":{"rendered":"<p>Lebenslange Haft drohtSch\u00fctze von Trump-Dinner in drei Punkten angeklagt<\/p>\n<p>27.04.2026, 21:55 Uhr <\/p>\n<p>Artikel anh\u00f6ren(03:51 min)<\/p>\n<p><img decoding=\"async\" class=\"Image_img__fQCi0 Image_Img_16_9__4BLfH widget-picture-inline_maximizable__t_E7h\" loading=\"eager\" fetchpriority=\"high\" src=\"https:\/\/www.europesays.com\/de\/wp-content\/uploads\/2026\/04\/1777325774_126_Cole-Tomas-Allen-31-from-Torrance-Calif-is-tackled-and-arrested-by-the-U-S-Secret-Service-after-he-r.webp\" alt=\"Cole-Tomas-Allen-31-from-Torrance-Calif-is-tackled-and-arrested-by-the-U-S-Secret-Service-after-he-rushed-the-ballroom-doors-of-the-Washington-Hilton-with-a-shotgun-during-the-Washington-Press-Association-Correspondents-Dinner-in-Washington-DC-on-Saturday-April-25-2026-Photo-posted-by-President-Trump-on-Truth-Social\"\/>Allen, nachdem er von Sicherheitsmitarbeitern \u00fcberw\u00e4ltigt wurde. (Foto: IMAGO\/UPI Photo)TeilenFolgen auf:<a href=\"https:\/\/www.whatsapp.com\/channel\/0029Va5cdVJD8SDp5YZgYF01\" title=\"Auf WhatsApp folgen\" target=\"_blank\" rel=\"nofollow noopener\"><img decoding=\"async\" src=\"https:\/\/www.n-tv.de\/socialIcons\/whatsapp.svg\" alt=\"whatsapp\" class=\"ArticleShare_icon__FsrC2\"\/><\/a><a href=\"https:\/\/news.google.com\/publications\/CAAiEPMdif5mpRNxiLOeUpHCwwsqFAgKIhDzHYn-ZqUTcYiznlKRwsML?hl=de&amp;gl=DE&amp;ceid=DE%3Ade\" title=\"Auf Google News folgen\" target=\"_blank\" rel=\"nofollow noopener\"><img decoding=\"async\" src=\"https:\/\/www.n-tv.de\/socialIcons\/google.svg\" alt=\"whatsapp\" class=\"ArticleShare_icon__FsrC2\"\/><\/a><\/p>\n<p class=\"Typography_text-m__XI0da Typography_weight-bold__uT6mq storyline_lead_text_leadtext__q_wg8\">Ein schwer bewaffneter Mann versucht am Wochenende in den Veranstaltungsraum des Hilton-Hotels in Washington einzudringen, wo gerade das White House Correspondents Dinner mit Trump stattfindet. Sicherheitskr\u00e4fte k\u00f6nnen den Angreifer \u00fcberw\u00e4ltigen. Nun erhebt ein Richter Anklage.   <\/p>\n<p class=\"Typography_text-default__P3otY Typography_weight-normal__pqUbH storyline_paragraph_p__qSR5N\">Nach den Sch\u00fcssen bei einer Gala in Washington wird dem Angreifer Cole Allen\u00a0ein Mordversuch am US-Pr\u00e4sidenten Donald\u00a0Trump\u00a0zur Last gelegt. Das berichteten die &#8222;Washington Post&#8220; und CNN \u00fcbereinstimmend aus dem Gerichtssaal in Washington, in dem der Verd\u00e4chtige dem Richter vorgef\u00fchrt wurde. <\/p>\n<p class=\"Typography_text-default__P3otY Typography_weight-normal__pqUbH storyline_paragraph_p__qSR5N\">Laut amtierendem Justizminister Todd Blanche kamen zwei weitere Anklagepunkte hinzu: die Verwendung einer Schusswaffe bei einer Gewalttat sowie der Transport einer Schusswaffe \u00fcber Bundesstaatengrenzen hinweg, um eine Straftat zu begehen. Allen pl\u00e4dierte vor einem Bundesgericht in der US-Hauptstadt weder auf nicht schuldig noch auf schuldig. Er bleibt vorerst weiter in Haft.<\/p>\n<p class=\"Typography_text-default__P3otY Typography_weight-normal__pqUbH storyline_paragraph_p__qSR5N\">Der Verd\u00e4chtige, laut Medienberichten ein 31 Jahre alter Mann aus Kalifornien, st\u00fcrmte bei dem traditionellen Gala-Dinner mit der Hauptstadtpresse am Samstagabend (Ortszeit) schwer bewaffnet durch einen Sicherheitsposten des Secret Service, ehe er von Beamten gestoppt wurde. Der Vorfall ereignete sich ein Stockwerk \u00fcber dem Zugang zum Veranstaltungssaal im Washingtoner Hilton-Hotel. Ein Mitarbeiter des Secret Service wurde bei einem kurzen Schusswechsel von einer Kugel an seiner Schutzweste getroffen, Allen wurde von Sicherheitsleuten \u00fcberw\u00e4ltigt und festgenommen.<\/p>\n<p>Wei\u00dfes Haus spricht von &#8222;Hasskult des linken Lagers&#8220;<\/p>\n<p class=\"Typography_text-default__P3otY Typography_weight-normal__pqUbH storyline_paragraph_p__qSR5N\">Sicherheitsleute brachten Trump, seine Frau und Regierungsmitglieder rasch aus dem Raum, andere G\u00e4ste suchten Schutz unter Tischen und auf dem Boden. Im Saal selbst wurde niemand verletzt. Nach Beh\u00f6rdenangaben war Allen mit einem Gewehr, einer Pistole und Messern bewaffnet. Das Wei\u00dfe Haus bezeichnete den Vorfall am Montag als den dritten Mordversuch an Trump innerhalb von zwei Jahren. &#8222;Der Hasskult des linken Lagers gegen den Pr\u00e4sidenten und all jene, die ihn unterst\u00fctzen und f\u00fcr ihn arbeiten, hat bereits mehrere Menschen verletzt und get\u00f6tet, an diesem Wochenende w\u00e4re das fast erneut passiert&#8220;, sagte Trumps Sprecherin Karoline Leavitt.<\/p>\n<p class=\"Typography_text-default__P3otY Typography_weight-normal__pqUbH storyline_paragraph_p__qSR5N\">Laut ntv-Korrespondent Gordian Fritz hat Allen in S\u00fcdkalifornien als Nachhilfelehrer oder auch Lehrer in Teilzeit in einer privaten Bildungseinrichtung gearbeitet. Im Dezember 2024 war er demnach &#8222;Lehrer des Monats&#8220; der Einrichtung. 2017 soll er einen Abschluss an der renommierten kalifornischen Universit\u00e4t Caltech (California Institut of Technology) erworben und 2018 ein Videospiel ver\u00f6ffentlicht haben. Sollte Allen\u00a0wegen versuchten Mordes an Trump schuldig gesprochen werden, droht ihm lebenslange Haft.<\/p>\n<p class=\"Typography_text-default__P3otY Typography_weight-normal__pqUbH storyline_paragraph_p__qSR5N\">Trump war in den vergangenen zwei Jahren zwei Attentatsversuchen entgangen: Im Juli 2024 schoss ein Mann w\u00e4hrend einer Wahlkampfveranstaltung im US-Bundesstaat Pennsylvania auf ihn, die Kugel streifte den damaligen Pr\u00e4sidentschaftskandidaten am Ohr. Im September 2024 wollte ein Mann Trump in Florida beim Golfspielen erschie\u00dfen. Der 59-J\u00e4hrige wurde gefasst und Anfang Februar zu lebenslanger Haft verurteilt. <\/p>\n<p class=\"Typography_text-default__P3otY Typography_weight-normal__pqUbH storyline_paragraph_p__qSR5N\">Vor dem Washington Hilton, in dem das Korrespondenten-Dinner traditionell ausgerichtet wird, hatte 1981 ein Mann den damaligen US-Pr\u00e4sidenten Ronald Reagan angeschossen und schwer verletzt. Reagan \u00fcberlebte das Attentat.<\/p>\n<p class=\"Typography_text-s__wu_cm Typography_weight-normal__pqUbH Typography_color-darkgrey__sZEnP article-detail-footer_source__KslPc\">Quelle: ntv.de, jpe\/dpa\/AFP<\/p>\n","protected":false},"excerpt":{"rendered":"Lebenslange Haft drohtSch\u00fctze von Trump-Dinner in drei Punkten angeklagt 27.04.2026, 21:55 Uhr Artikel anh\u00f6ren(03:51 min) Allen, nachdem er&hellip;\n","protected":false},"author":2,"featured_media":977707,"comment_status":"","ping_status":"","sticky":false,"template":"","format":"standard","meta":{"footnotes":"","_share_on_mastodon":"0"},"categories":[3],"tags":[15728,106,13,14,15,16,12,10,8,9,11,320,103,104],"class_list":["post-977706","post","type-post","status-publish","format-standard","has-post-thumbnail","category-welt","tag-attentate","tag-donald-trump","tag-headlines","tag-nachrichten","tag-news","tag-politik","tag-schlagzeilen","tag-top-news","tag-top-meldungen","tag-topmeldungen","tag-topnews","tag-washington","tag-welt","tag-world"],"share_on_mastodon":{"url":"https:\/\/pubeurope.com\/@de\/116478829595115534","error":""},"_links":{"self":[{"href":"https:\/\/www.europesays.com\/de\/wp-json\/wp\/v2\/posts\/977706","targetHints":{"allow":["GET"]}}],"collection":[{"href":"https:\/\/www.europesays.com\/de\/wp-json\/wp\/v2\/posts"}],"about":[{"href":"https:\/\/www.europesays.com\/de\/wp-json\/wp\/v2\/types\/post"}],"author":[{"embeddable":true,"href":"https:\/\/www.europesays.com\/de\/wp-json\/wp\/v2\/users\/2"}],"replies":[{"embeddable":true,"href":"https:\/\/www.europesays.com\/de\/wp-json\/wp\/v2\/comments?post=977706"}],"version-history":[{"count":0,"href":"https:\/\/www.europesays.com\/de\/wp-json\/wp\/v2\/posts\/977706\/revisions"}],"wp:featuredmedia":[{"embeddable":true,"href":"https:\/\/www.europesays.com\/de\/wp-json\/wp\/v2\/media\/977707"}],"wp:attachment":[{"href":"https:\/\/www.europesays.com\/de\/wp-json\/wp\/v2\/media?parent=977706"}],"wp:term":[{"taxonomy":"category","embeddable":true,"href":"https:\/\/www.europesays.com\/de\/wp-json\/wp\/v2\/categories?post=977706"},{"taxonomy":"post_tag","embeddable":true,"href":"https:\/\/www.europesays.com\/de\/wp-json\/wp\/v2\/tags?post=977706"}],"curies":[{"name":"wp","href":"https:\/\/api.w.org\/{rel}","templated":true}]}}