{"id":977710,"date":"2026-04-27T21:38:16","date_gmt":"2026-04-27T21:38:16","guid":{"rendered":"https:\/\/www.europesays.com\/de\/977710\/"},"modified":"2026-04-27T21:38:16","modified_gmt":"2026-04-27T21:38:16","slug":"arche-sprecher-schlaegt-alarm-schueler-werden-gedraengt-zum-islam-zu-konvertieren-politik","status":"publish","type":"post","link":"https:\/\/www.europesays.com\/de\/977710\/","title":{"rendered":"Arche-Sprecher schl\u00e4gt Alarm: \u201eSch\u00fcler werden gedr\u00e4ngt, zum Islam zu konvertieren\u201c | Politik"},"content":{"rendered":"<p><a class=\"skip-content skip-content--link\" href=\"#in-content-skip-link-target-v-0-0\">TTS-Player \u00fcberspringen\u21b5<\/a><a id=\"in-content-skip-link-target-v-0-0\" class=\"skip-content--target-link-hidden skip-content skip-content--target-link\" href=\"#in-content-skip-link-target-v-0-0\">Artikel weiterlesen<\/a><\/p>\n<p>Berlin \u2013 <b>Islamismus an Schulen \u2013 eine steigende Gefahr f\u00fcr unsere Kinder und Jugendlichen? Ja, sagt einer, der nah am Brennpunkt ist: Wolfgang B\u00fcscher, Sprecher der Berliner Arche. Er wolle die Gesellschaft warnen: \u201eDer Druck, den der politische Islam \u00fcber Kinder muslimischen Glaubens an unseren Schulen auf Mitsch\u00fcler aus\u00fcbt, wird immer gr\u00f6\u00dfer. Wenn die Politik jetzt nicht einschreitet, k\u00f6nnten wir das in ein paar Jahren bitter bereuen.\u201c <\/b><\/p>\n<p>B\u00fcscher: \u201eKleine Hardcore-Muslime wachsen heran\u201c<\/p>\n<p>B\u00fcscher beschreibt drastisch: \u201eDa wachsen kleine Hardcore-Muslime, Mini-Islamisten heran. Und die Politik hat bis jetzt noch keine effektiven Mittel gegen diese Entwicklung gefunden.\u201c Das berichteten ihm zahlreiche Arche-Erzieher,<b> <\/b>sagte B\u00fcscher zum \u201eFocus\u201c.<\/p>\n<p>An <a href=\"https:\/\/www.bild.de\/themen\/organisationen\/schule\/politik-nachrichten-news-fotos-videos-40045138.bild.html\" class=\"text-link\" rel=\"nofollow noopener\" target=\"_blank\">Schulen<\/a> mit sehr hohem Anteil von Sch\u00fclern mit <a href=\"https:\/\/www.bild.de\/themen\/specials\/migration-aktuelle-news-und-infos-psdS6LZkVQvwfyopqrQ3\" class=\"text-link\" rel=\"nofollow noopener\" target=\"_blank\">Migrationshintergrund<\/a> sei die Gefahr religi\u00f6sen Mobbings besonders stark ausgepr\u00e4gt. \u201eUnser Personal an den Archeeinrichtungen berichtet mir immer \u00f6fter, dass Sch\u00fcler, die sich nicht an strenge Lebensweisen des politischen Islams halten, ausgegrenzt, bedr\u00e4ngt, eingesch\u00fcchtert und sogar dazu gedr\u00e4ngt werden, zum Islam zu konvertieren.\u201c<\/p>\n<p>Die Drohungen gingen vor allem \u201evon Kindern, deren Eltern oder Gro\u00dfeltern aus Pal\u00e4stina, dem Gaza-Streifen, Syrien, dem Irak und dem Westjordanland kommen\u201c aus. Opfer seien nicht nur Sch\u00fcler christlichen oder j\u00fcdischen Glaubens. Auch <a href=\"https:\/\/www.bild.de\/themen\/specials\/islam\/nachrichten-news-fotos-videos-20335370.bild.html\" class=\"text-link\" rel=\"nofollow noopener\" target=\"_blank\">Muslime<\/a> w\u00fcrden unter Druck gesetzt.<\/p>\n<p>Die <b>Arche<\/b> ist ein christliches Kinder- und Jugendhilfswerk, das u.a. in Berlin benachteiligte Kinder mit kostenlosen Mahlzeiten, Bildungsangeboten und sozialer Unterst\u00fctzung f\u00f6rdert.<\/p>\n<p>Neue Schock-Studie zum Islamismus<\/p>\n<p>Fakt ist: Laut aktuellem \u201eMotra-Monitor\u201c ist fast jeder zweite Muslim (45,1 Prozent) in Deutschland unter 40 Jahren latent oder manifest islamismusaffin eingestellt. Das hei\u00dft: Sie f\u00fchlen sich zum <a href=\"https:\/\/www.bild.de\/themen\/specials\/islamismus-alle-infos-und-news-NVoWXYZEMc5dIjjCAdJe\" class=\"text-link\" rel=\"nofollow noopener\" target=\"_blank\">Islamismus<\/a> hingezogen.<\/p>\n<p>Mehr zum ThemaD\u00fcll fordert R\u00fcckhalt f\u00fcr Klartext-Lehrer<\/p>\n<p>Lehrer-Pr\u00e4sident Stefan D\u00fcll zu BILD: \u201eDie Politik darf nicht den Fehler machen, das Problem aus ideologischen Gr\u00fcnden unter den Teppich zu kehren. Unsere Lehrer brauchen vielmehr politischen R\u00fcckhalt aus den Landesschul\u00e4mtern, wenn sie entsprechende Probleme benennen. Islamistisches Mobbing muss konsequent geahndet werden, wie jedes andere Mobbing auch.\u201c<\/p>\n<p>Berlin startet Studie zu religi\u00f6sem Mobbing<\/p>\n<p>Immerhin: <a href=\"https:\/\/www.bild.de\/regional\/berlin\/berlin-regional\/home-15823246.bild.html\" class=\"text-link\" rel=\"nofollow noopener\" target=\"_blank\">Berlins<\/a> Bildungssenatorin Katharina G\u00fcnther-W\u00fcnsch (<a href=\"https:\/\/www.bild.de\/politik\/inland\/cdu\/cdu-csu-alle-infos-76661590.bild.html\" class=\"text-link\" rel=\"nofollow noopener\" target=\"_blank\">CDU<\/a>) hat dazu im vergangenen Jahr eine wissenschaftliche Befragung in Auftrag gegeben. Bis Mitte 2026 sollen Tausende Kinder und Jugendliche an 450 Schulen interviewt werden.<\/p>\n","protected":false},"excerpt":{"rendered":"TTS-Player \u00fcberspringen\u21b5Artikel weiterlesen Berlin \u2013 Islamismus an Schulen \u2013 eine steigende Gefahr f\u00fcr unsere Kinder und Jugendlichen? Ja,&hellip;\n","protected":false},"author":2,"featured_media":977711,"comment_status":"","ping_status":"","sticky":false,"template":"","format":"standard","meta":{"footnotes":"","_share_on_mastodon":"0"},"categories":[5],"tags":[296,13,555,556,4850,5473,14,15,12,966,138370,45,10,8,9,11],"class_list":["post-977710","post","type-post","status-publish","format-standard","has-post-thumbnail","category-nachrichten","tag-berlin","tag-headlines","tag-islam","tag-islamismus","tag-lehrer","tag-mobbing","tag-nachrichten","tag-news","tag-schlagzeilen","tag-schule","tag-team-first","tag-texttospeech","tag-top-news","tag-top-meldungen","tag-topmeldungen","tag-topnews"],"share_on_mastodon":{"url":"https:\/\/pubeurope.com\/@de\/116478837563552490","error":""},"_links":{"self":[{"href":"https:\/\/www.europesays.com\/de\/wp-json\/wp\/v2\/posts\/977710","targetHints":{"allow":["GET"]}}],"collection":[{"href":"https:\/\/www.europesays.com\/de\/wp-json\/wp\/v2\/posts"}],"about":[{"href":"https:\/\/www.europesays.com\/de\/wp-json\/wp\/v2\/types\/post"}],"author":[{"embeddable":true,"href":"https:\/\/www.europesays.com\/de\/wp-json\/wp\/v2\/users\/2"}],"replies":[{"embeddable":true,"href":"https:\/\/www.europesays.com\/de\/wp-json\/wp\/v2\/comments?post=977710"}],"version-history":[{"count":0,"href":"https:\/\/www.europesays.com\/de\/wp-json\/wp\/v2\/posts\/977710\/revisions"}],"wp:featuredmedia":[{"embeddable":true,"href":"https:\/\/www.europesays.com\/de\/wp-json\/wp\/v2\/media\/977711"}],"wp:attachment":[{"href":"https:\/\/www.europesays.com\/de\/wp-json\/wp\/v2\/media?parent=977710"}],"wp:term":[{"taxonomy":"category","embeddable":true,"href":"https:\/\/www.europesays.com\/de\/wp-json\/wp\/v2\/categories?post=977710"},{"taxonomy":"post_tag","embeddable":true,"href":"https:\/\/www.europesays.com\/de\/wp-json\/wp\/v2\/tags?post=977710"}],"curies":[{"name":"wp","href":"https:\/\/api.w.org\/{rel}","templated":true}]}}