{"id":977717,"date":"2026-04-27T21:42:15","date_gmt":"2026-04-27T21:42:15","guid":{"rendered":"https:\/\/www.europesays.com\/de\/977717\/"},"modified":"2026-04-27T21:42:15","modified_gmt":"2026-04-27T21:42:15","slug":"bbl-niners-chemnitz-gehen-gegen-bamberg-unter","status":"publish","type":"post","link":"https:\/\/www.europesays.com\/de\/977717\/","title":{"rendered":"BBL: Niners Chemnitz gehen gegen Bamberg unter"},"content":{"rendered":"<p class=\"text\">\nDie Chemnitzer starteten verhei\u00dfungsvoll in die Partie, verloren ab Mitte des ersten Viertels jedoch den Faden. Mit unn\u00f6tigen Ballverlusten beg\u00fcnstigten sie einen 13:3-Lauf der Bamberger zum 20:12 (7. Minute). Aufgrund technischer Probleme mit der Anzeigetafel kam es in der Folge zu einer halbst\u00fcndigen Spielunterbrechung. Danach kehrten die Gastgeber mit mehr Energie aufs Feld zur\u00fcck und k\u00e4mpften sich bis zur Pause auf drei Punkte heran.\n<\/p>\n<p class=\"text\">\nNach dem Wechsel gingen die Niners sogar kurzzeitig in F\u00fchrung (45:43), ehe sie im Angriff v\u00f6llig die Struktur verloren. Weil ihnen auch defensiv jegliche Intensit\u00e4t abhandenkam, zogen die spielstarken Bamberger mit einem 20:1-Lauf vorentscheidend auf 63:46 (27.) davon. Die Chemnitzer ergaben sich dann in ihr Schicksal. Kevin Yebo war mit zw\u00f6lf Punkten der beste Werfer der Niners, die trotz der Niederlage mit 28:34 Punkten weiter Rang zehn belegen, der zur Teilnahme an den Play-Ins berechtigt.<\/p>\n","protected":false},"excerpt":{"rendered":"Die Chemnitzer starteten verhei\u00dfungsvoll in die Partie, verloren ab Mitte des ersten Viertels jedoch den Faden. Mit unn\u00f6tigen&hellip;\n","protected":false},"author":2,"featured_media":977718,"comment_status":"","ping_status":"","sticky":false,"template":"","format":"standard","meta":{"footnotes":"","_share_on_mastodon":"0"},"categories":[1851],"tags":[117376,2493,2472,299,2770,3364,29,548,663,3934,30,13,33057,81,14,15,22639,29635,859,12,3499,59447,3498],"class_list":["post-977717","post","type-post","status-publish","format-standard","has-post-thumbnail","category-chemnitz","tag-bamberg-baskets","tag-basketball","tag-bbl","tag-bundesliga","tag-chemnitz","tag-de","tag-deutschland","tag-eu","tag-europa","tag-europe","tag-germany","tag-headlines","tag-kevin-yebo","tag-mdr","tag-nachrichten","tag-news","tag-niners-chemnitz","tag-rodrigo-pastore","tag-sachsen","tag-schlagzeilen","tag-spio","tag-spio-kopie","tag-sport-im-osten"],"share_on_mastodon":{"url":"https:\/\/pubeurope.com\/@de\/116478852881090723","error":""},"_links":{"self":[{"href":"https:\/\/www.europesays.com\/de\/wp-json\/wp\/v2\/posts\/977717","targetHints":{"allow":["GET"]}}],"collection":[{"href":"https:\/\/www.europesays.com\/de\/wp-json\/wp\/v2\/posts"}],"about":[{"href":"https:\/\/www.europesays.com\/de\/wp-json\/wp\/v2\/types\/post"}],"author":[{"embeddable":true,"href":"https:\/\/www.europesays.com\/de\/wp-json\/wp\/v2\/users\/2"}],"replies":[{"embeddable":true,"href":"https:\/\/www.europesays.com\/de\/wp-json\/wp\/v2\/comments?post=977717"}],"version-history":[{"count":0,"href":"https:\/\/www.europesays.com\/de\/wp-json\/wp\/v2\/posts\/977717\/revisions"}],"wp:featuredmedia":[{"embeddable":true,"href":"https:\/\/www.europesays.com\/de\/wp-json\/wp\/v2\/media\/977718"}],"wp:attachment":[{"href":"https:\/\/www.europesays.com\/de\/wp-json\/wp\/v2\/media?parent=977717"}],"wp:term":[{"taxonomy":"category","embeddable":true,"href":"https:\/\/www.europesays.com\/de\/wp-json\/wp\/v2\/categories?post=977717"},{"taxonomy":"post_tag","embeddable":true,"href":"https:\/\/www.europesays.com\/de\/wp-json\/wp\/v2\/tags?post=977717"}],"curies":[{"name":"wp","href":"https:\/\/api.w.org\/{rel}","templated":true}]}}