{"id":978022,"date":"2026-04-28T00:41:05","date_gmt":"2026-04-28T00:41:05","guid":{"rendered":"https:\/\/www.europesays.com\/de\/978022\/"},"modified":"2026-04-28T00:41:05","modified_gmt":"2026-04-28T00:41:05","slug":"besonderes-sicherheitskonzept-fuer-spd-bundesminister-in-bielefeld","status":"publish","type":"post","link":"https:\/\/www.europesays.com\/de\/978022\/","title":{"rendered":"Besonderes Sicherheitskonzept f\u00fcr SPD-Bundesminister in Bielefeld"},"content":{"rendered":"<p id=\"absatz1\" class=\"em_text\">Bielefeld. Wenn der Vizekanzler, der Bundesverteidigungsminister und die Bundesministerin f\u00fcr Arbeit zu einer gemeinsamen Tagung nach Bielefeld kommen, dann ist das nicht nur politisch, sondern auch aus Sicherheitsaspekten ein relevantes Ereignis. Genau das geschieht am Montag und Dienstag, 27.\/28. April, im Ravenberger Park. Denn dort treffen sich die Bundestags-Landesgruppen der SPD von Nordrhein-Westfalen und Niedersachsen\/Bremen zur Klausurtagung.<\/p>\n<p id=\"absatz2\" class=\"em_text\">F\u00fcr hochrangige Bundesminister besteht je nach Anlass ein besonderer Schutzbedarf. Ob Vize-Kanzler und Finanzminister Lars Klingbeil sowie Verteidigungsminister Boris Pistorius in Bielefeld Personenschutz erhalten, ist nicht zu erfahren. Zust\u00e4ndig f\u00fcr die Gefahrenanalyse und Entscheidung dar\u00fcber ist die beim Bundeskriminalamt ans\u00e4ssige \u201e<a href=\"https:\/\/www.bka.de\/DE\/DasBKA\/OrganisationAufbau\/Fachabteilungen\/Sicherungsgruppe\/sicherungsgruppe_node.html\" rel=\"noopener nofollow\" target=\"_blank\">Sicherungsgruppe<\/a>\u201c.<\/p>\n<p id=\"absatz3\"><b class=\"bold\">SPD-Treffen in Bielefeld<\/b>: <a href=\"https:\/\/www.nw.de\/nachrichten\/zwischen_weser_und_rhein\/24319967_SPD-Prominenz-trifft-ein-Partei-ringt-in-Bielefeld-zwei-Tage-lang-um-den-richtigen-Kurs.html\" rel=\"nofollow noopener\" target=\"_blank\">Prominenz trifft ein: SPD ringt in Bielefeld zwei Tage lang um den richtigen Kurs<\/a><\/p>\n<p id=\"absatz4\" class=\"em_text\">Vor Beginn der zweit\u00e4gigen SPD-Tagung in der Bielefelder Hechelei wurde deshalb auch ein Sicherheitskonzept erstellt. Federf\u00fchrend sind dabei die Bundesbeh\u00f6rden, die \u00f6rtliche Polizei wird aber grunds\u00e4tzlich auch in die Sicherheitsplanungen eingebunden. Das best\u00e4tigt Polizeisprecherin Sarah Siedschlag. \u201eAuch wir wollen ja den gr\u00f6\u00dftm\u00f6glichen Schutz der Politiker gew\u00e4hrleisten\u201c, betont sie. Das sei jedes Mal so, wenn Bundesminister in die Stadt k\u00e4men. Welcher Art die Schutzmechanismen seien, dar\u00fcber sprechen die Beh\u00f6rden nicht. Man sei in enger Abstimmung, so die Polizei.<\/p>\n<p>Uniformierte Beamte sind im Bielefelder Park nicht zu sehen<\/p>\n<p>        <a href=\"https:\/\/www.nw.de\/_em_daten\/_cache\/image\/1xRDhlVms3Mk03Y3o2VzVYUUVVNzVjVDNMdHNwdjZmWmhHWjlUVi94ZnBLT0loMEQrNkl3S1h4SDdZUzdENDhlRzdTdEpmTHRpak52RzI1WWlySGZERFF3Vjk5N25pUFFvaXFRN1N6R2txcE09\/260427-1407-891261719.jpg\" class=\"nw-article-image\" title=\"Eine Limousine des Bundesfinanzministeriums (BMW 750e xdrive) parkt im Ravenberger Park.\" data-glightbox=\"type: image; description: Eine Limousine des Bundesfinanzministeriums (BMW 750e xdrive) parkt im Ravenberger Park.  | \u00a9 Jens Reichenbach \" rel=\"nofollow noopener\" target=\"_blank\"><br \/>\n            <img decoding=\"async\" src=\"https:\/\/www.europesays.com\/de\/wp-content\/uploads\/2026\/04\/260427-1407-891261719.jpg\" class=\"nw-img-fluid nw-w-full nw-lazy nw-rounded-t-md\" alt=\"Eine Limousine des Bundesfinanzministeriums (BMW 750e xdrive) parkt im Ravenberger Park. - \u00a9 Jens Reichenbach\" data-format=\"16:9\"\/><br \/>\n        <\/a><\/p>\n<p>                Eine Limousine des Bundesfinanzministeriums (BMW 750e xdrive) parkt im Ravenberger Park.<br \/>\n                                    | \u00a9 Jens Reichenbach<\/p>\n<p id=\"absatz6\" class=\"em_text\">Vor Ort im Ravensberger Park ist nicht viel zu merken von Personensch\u00fctzern und Polizeibeamten. Die Sonne strahlt. Politiker und Journalisten treffen sich vor der T\u00fcr zum Interview. Die Stimmung ist entspannt. Spezielle Sicherheitsbeamte sind nicht erkennbar, uniformierte Polizei ist gar nicht erst anwesend. Die Klausurtagung in Bielefeld geh\u00f6rt offensichtlich nicht zu den ganz brisanten Treffen.<\/p>\n<p id=\"absatz7\"><b class=\"bold\">Alles zur Tagung<\/b>: <a href=\"https:\/\/www.nw.de\/nachrichten\/zwischen_weser_und_rhein\/24319580_Die-SPD-sucht-in-Bielefeld-den-Ausweg-aus-der-Krise.html\" rel=\"nofollow noopener\" target=\"_blank\">Die SPD sucht in Bielefeld den Ausweg aus der Krise<\/a><\/p>\n<p id=\"absatz8\" class=\"em_text\">Inhaltlich hingegen schon. Denn zwischen Union und SPD l\u00e4uft es nicht rund. Gro\u00dfe Reformen warten in Deutschland auf ihre Umsetzung. Doch inzwischen gibt es immer mehr Zweifel, ob die neue Koalition von CDU und SPD noch die n\u00f6tige Kraft daf\u00fcr hat. <\/p>\n","protected":false},"excerpt":{"rendered":"Bielefeld. Wenn der Vizekanzler, der Bundesverteidigungsminister und die Bundesministerin f\u00fcr Arbeit zu einer gemeinsamen Tagung nach Bielefeld kommen,&hellip;\n","protected":false},"author":2,"featured_media":978023,"comment_status":"","ping_status":"","sticky":false,"template":"","format":"standard","meta":{"footnotes":"","_share_on_mastodon":"0"},"categories":[1841],"tags":[195671,1605,422,1179,2420,1180,3364,29,30,175171,53493,16392,1611,1606,1608,211975,776,198715,736,164252,16384,1613,1411,1209,121,32881,27091,184],"class_list":["post-978022","post","type-post","status-publish","format-standard","has-post-thumbnail","category-bielefeld","tag-brbel-bas","tag-bielefeld","tag-bka","tag-boris-pistorius","tag-bremen","tag-bundestag","tag-de","tag-deutschland","tag-germany","tag-groe-koalition","tag-hechelei","tag-label_blaulicht","tag-label_informiere-mich","tag-label_m-80","tag-label_top-news","tag-landesklausurtagung","tag-lars-klingbeil","tag-meta_artikelklasse_nische","tag-meta_copyrights_nw","tag-meta_eo_zusammenfassung","tag-meta_themen_blaulicht_sicherheit","tag-meta_userneeds_informieremich","tag-niedersachsen","tag-nordrhein-westfalen","tag-polizei","tag-ravensberger-park","tag-sicherheitskonzept","tag-spd"],"share_on_mastodon":{"url":"","error":"Validation failed: Text character limit of 500 exceeded"},"_links":{"self":[{"href":"https:\/\/www.europesays.com\/de\/wp-json\/wp\/v2\/posts\/978022","targetHints":{"allow":["GET"]}}],"collection":[{"href":"https:\/\/www.europesays.com\/de\/wp-json\/wp\/v2\/posts"}],"about":[{"href":"https:\/\/www.europesays.com\/de\/wp-json\/wp\/v2\/types\/post"}],"author":[{"embeddable":true,"href":"https:\/\/www.europesays.com\/de\/wp-json\/wp\/v2\/users\/2"}],"replies":[{"embeddable":true,"href":"https:\/\/www.europesays.com\/de\/wp-json\/wp\/v2\/comments?post=978022"}],"version-history":[{"count":0,"href":"https:\/\/www.europesays.com\/de\/wp-json\/wp\/v2\/posts\/978022\/revisions"}],"wp:featuredmedia":[{"embeddable":true,"href":"https:\/\/www.europesays.com\/de\/wp-json\/wp\/v2\/media\/978023"}],"wp:attachment":[{"href":"https:\/\/www.europesays.com\/de\/wp-json\/wp\/v2\/media?parent=978022"}],"wp:term":[{"taxonomy":"category","embeddable":true,"href":"https:\/\/www.europesays.com\/de\/wp-json\/wp\/v2\/categories?post=978022"},{"taxonomy":"post_tag","embeddable":true,"href":"https:\/\/www.europesays.com\/de\/wp-json\/wp\/v2\/tags?post=978022"}],"curies":[{"name":"wp","href":"https:\/\/api.w.org\/{rel}","templated":true}]}}