{"id":978298,"date":"2026-04-28T03:27:16","date_gmt":"2026-04-28T03:27:16","guid":{"rendered":"https:\/\/www.europesays.com\/de\/978298\/"},"modified":"2026-04-28T03:27:16","modified_gmt":"2026-04-28T03:27:16","slug":"augsburg-csu-stimmt-bei-parteitag-fuer-teilnahme-an-augsburger-rathaus-kooperation","status":"publish","type":"post","link":"https:\/\/www.europesays.com\/de\/978298\/","title":{"rendered":"Augsburg: CSU stimmt bei Parteitag f\u00fcr Teilnahme an Augsburger Rathaus-Kooperation"},"content":{"rendered":"<p class=\"mb-6 text-xs md:text-m lg:text-l font-serif group-[.font-sans]:font-sans \">\n    Die Augsburger <a href=\"https:\/\/www.augsburger-allgemeine.de\/organisationen\/aa-csu\" target=\"_self\" class=\"underline \" rel=\"nofollow noopener\">CSU<\/a> wird sich am k\u00fcnftigen Regierungsb\u00fcndnis im Stadtrat aus CSU, <a href=\"https:\/\/www.augsburger-allgemeine.de\/organisationen\/aa-spd\" target=\"_self\" class=\"underline \" rel=\"nofollow noopener\">SPD<\/a>, Freien W\u00e4hlern und Generation Aux beteiligen. Am Montagabend nahmen die rund 60 Delegierten auf dem Bezirksparteitag den Entwurf einer Kooperationsvereinbarung an. Das wurde aus Teilnehmerkreisen am sp\u00e4ten Montagabend bekannt. <a href=\"https:\/\/www.augsburger-allgemeine.de\/augsburg\/marathonsitzung-bis-tief-in-die-nacht-wie-die-neue-koalition-im-augsburger-rathaus-aussieht-114051986\" target=\"_self\" class=\"underline \" rel=\"nofollow noopener\">In dem Papier sind die Referatszuschnitte sowie rund 40 inhaltliche Eckpunkte beschrieben.<\/a> Wie berichtet gab es im Vorfeld parteiintern Kritik am Verhandlungsergebnis, etwa weil die CSU nicht mehr f\u00fcr den Bereich Wirtschaftsansiedlung zust\u00e4ndig sein wird. Die inhaltliche Kritik wird nach der Wahlniederlage in der OB-Stichwahl und Verlusten bei Stadtratssitzen <a href=\"https:\/\/www.augsburger-allgemeine.de\/augsburg\/augsburg-einen-monat-nach-der-wahlschlappe-fliegen-in-der-augsburger-csu-die-fetzen-114047436\" target=\"_self\" class=\"underline \" rel=\"nofollow noopener\">zudem von Personaldebatten innerhalb der Partei \u00fcberlagert.<\/a>\n  <\/p>\n<p class=\"mb-6 text-xs md:text-m lg:text-l font-serif group-[.font-sans]:font-sans \">\n    Die Vorbehalte schlugen sich auch im Abstimmungsergebnis nieder. In geheimer Abstimmung votierten am Ende 77 Prozent der Delegierten daf\u00fcr, auf Basis des Kooperationspapiers beim Regierungsb\u00fcndnis unter F\u00fchrung von SPD-Oberb\u00fcrgermeister Florian Freund mitzumachen. Das Ergebnis ist zwar klar, von Einstimmigkeit aber dennoch weit entfernt. Mit einem \u00e4hnlich durchwachsenen Ergebnis war <a href=\"https:\/\/www.augsburger-allgemeine.de\/augsburg\/augsburg-csu-sendet-ein-signal-an-ihre-oberbuergermeisterin-109084494\" target=\"_self\" class=\"underline \" rel=\"nofollow noopener\">Noch-Oberb\u00fcrgermeisterin Eva Weber vor einem knappen Jahr als Oberb\u00fcrgermeister-Kandidatin von ihrer Partei nominiert worden<\/a>. Der Parteitag am Montagabend war nicht-\u00f6ffentlich, um eine offene Aussprache zu erm\u00f6glichen.\n  <\/p>\n<p class=\"mb-6 text-xs md:text-m lg:text-l font-serif group-[.font-sans]:font-sans \">\n    Auch die SPD wollte am Montagabend \u00fcber das Kooperationspapier abstimmen, allerdings galt hier die Zustimmung als sicher. Voraussichtlich am Mittwoch wollen die k\u00fcnftigen Partner ihre Vorstellungen zu Referaten und inhaltlichen Themen im Detail der \u00d6ffentlichkeit pr\u00e4sentieren.\n  <\/p>\n","protected":false},"excerpt":{"rendered":"Die Augsburger CSU wird sich am k\u00fcnftigen Regierungsb\u00fcndnis im Stadtrat aus CSU, SPD, Freien W\u00e4hlern und Generation Aux&hellip;\n","protected":false},"author":2,"featured_media":978299,"comment_status":"","ping_status":"","sticky":false,"template":"","format":"standard","meta":{"footnotes":"","_share_on_mastodon":"0"},"categories":[1846],"tags":[680,772,774,3364,29,548,663,3934,98650,139238,30,13,14,15,7784,209652,12,184,45058,17119],"class_list":["post-978298","post","type-post","status-publish","format-standard","has-post-thumbnail","category-augsburg","tag-augsburg","tag-bayern","tag-csu","tag-de","tag-deutschland","tag-eu","tag-europa","tag-europe","tag-eva-weber","tag-florian-freund","tag-germany","tag-headlines","tag-nachrichten","tag-news","tag-parteitag","tag-regierungsbuendnis","tag-schlagzeilen","tag-spd","tag-stichwahl","tag-wahlniederlage"],"share_on_mastodon":{"url":"https:\/\/pubeurope.com\/@de\/116480209705410865","error":""},"_links":{"self":[{"href":"https:\/\/www.europesays.com\/de\/wp-json\/wp\/v2\/posts\/978298","targetHints":{"allow":["GET"]}}],"collection":[{"href":"https:\/\/www.europesays.com\/de\/wp-json\/wp\/v2\/posts"}],"about":[{"href":"https:\/\/www.europesays.com\/de\/wp-json\/wp\/v2\/types\/post"}],"author":[{"embeddable":true,"href":"https:\/\/www.europesays.com\/de\/wp-json\/wp\/v2\/users\/2"}],"replies":[{"embeddable":true,"href":"https:\/\/www.europesays.com\/de\/wp-json\/wp\/v2\/comments?post=978298"}],"version-history":[{"count":0,"href":"https:\/\/www.europesays.com\/de\/wp-json\/wp\/v2\/posts\/978298\/revisions"}],"wp:featuredmedia":[{"embeddable":true,"href":"https:\/\/www.europesays.com\/de\/wp-json\/wp\/v2\/media\/978299"}],"wp:attachment":[{"href":"https:\/\/www.europesays.com\/de\/wp-json\/wp\/v2\/media?parent=978298"}],"wp:term":[{"taxonomy":"category","embeddable":true,"href":"https:\/\/www.europesays.com\/de\/wp-json\/wp\/v2\/categories?post=978298"},{"taxonomy":"post_tag","embeddable":true,"href":"https:\/\/www.europesays.com\/de\/wp-json\/wp\/v2\/tags?post=978298"}],"curies":[{"name":"wp","href":"https:\/\/api.w.org\/{rel}","templated":true}]}}