{"id":978625,"date":"2026-04-28T06:32:17","date_gmt":"2026-04-28T06:32:17","guid":{"rendered":"https:\/\/www.europesays.com\/de\/978625\/"},"modified":"2026-04-28T06:32:17","modified_gmt":"2026-04-28T06:32:17","slug":"eu-einigt-sich-vorlaeufig-auf-vereinfachung-bei-a1-bescheinigung-fuer-geschaeftsreisen-tageskarte","status":"publish","type":"post","link":"https:\/\/www.europesays.com\/de\/978625\/","title":{"rendered":"EU einigt sich vorl\u00e4ufig auf Vereinfachung bei A1-Bescheinigung f\u00fcr Gesch\u00e4ftsreisen: Tageskarte"},"content":{"rendered":"<p>Die Europ\u00e4ische Union hat sich <strong data-end=\"198\" data-start=\"120\">vorl\u00e4ufig auf eine Reform der Koordinierung der Sozialversicherungssysteme<\/strong> verst\u00e4ndigt. Wie aus einer Mitteilung des Gesch\u00e4ftsreiseverbades\u00a0<strong data-end=\"254\" data-start=\"241\">BT4Europe<\/strong> hervorgeht, betrifft die Einigung insbesondere die <strong data-end=\"396\" data-start=\"306\">Abschaffung der A1-Bescheinigung f\u00fcr kurzfristige grenz\u00fcberschreitende Gesch\u00e4ftsreisen<\/strong>.<\/p>\n<p>EU-Parlament und Rat einigen sich auf Wegfall der A1-Pflicht<\/p>\n<p>Nach Angaben von <strong data-end=\"533\" data-start=\"520\">BT4Europe<\/strong> haben das <strong data-end=\"581\" data-start=\"544\">Europ\u00e4ische Parlament und der Rat<\/strong> eine vorl\u00e4ufige Einigung erzielt, wonach <strong data-end=\"735\" data-start=\"623\">Gesch\u00e4ftsreisen und kurzfristige Entsendungen innerhalb der EU k\u00fcnftig keine A1-Bescheinigung mehr erfordern<\/strong>.<\/p>\n<p>Die Organisation bezeichnet dies als Schritt zum Abbau administrativer H\u00fcrden im Binnenmarkt. Die Einigung sei das Ergebnis eines l\u00e4ngeren Verfahrens, das zuvor durch eine Blockade in den sogenannten Trilog-Verhandlungen gepr\u00e4gt gewesen sei.<\/p>\n<p>BT4Europe sieht Abbau administrativer Belastungen f\u00fcr Unternehmen<\/p>\n<p>Odete Pimenta da Silva erkl\u00e4rte im Namen von <strong data-end=\"1186\" data-start=\"1173\">BT4Europe<\/strong>: \u201eThis is a landmark achievement for business travel in Europe.\u201c Weiter hei\u00dft es w\u00f6rtlich: \u201eRemoving the A1 requirement for short-term cross-border business travel eliminates a disproportionate administrative burden that affected millions of trips each year.\u201c<\/p>\n<p>Nach Angaben der Organisation habe die bisherige Regelung insbesondere kurzfristige und operative Reisen betroffen, die einen Gro\u00dfteil der grenz\u00fcberschreitenden Gesch\u00e4ftsaktivit\u00e4ten ausmachen. Diese Anforderungen seien nicht mehr mit der aktuellen wirtschaftlichen Praxis vereinbar gewesen.<\/p>\n<p>Branchenvertreter begr\u00fc\u00dfen Einigung, verweisen aber auf offene Punkte<\/p>\n<p>Auch andere Akteure aus der europ\u00e4ischen Wirtschaft \u00e4u\u00dfern sich laut Mitteilung zur Einigung. Barbara Weizs\u00e4cker erkl\u00e4rte im Namen der European Exhibition Industry Alliance: \u201eWe highly welcome the progress made on short-term mobility, which is critical for industries such as exhibitions and events.\u201c<\/p>\n<p>Zugleich verwies sie darauf, dass Teile des \u00fcberarbeiteten Rahmens die projektbasierte und grenz\u00fcberschreitende Arbeitsweise der Branche noch nicht vollst\u00e4ndig abbildeten. W\u00f6rtlich hei\u00dft es: \u201eEnsuring proportionate and workable rules across all forms of temporary mobility will be essential going forward.\u201c<\/p>\n<p>Weitere formale Schritte zur Umsetzung der neuen Regelung geplant<\/p>\n<p>Wie <strong data-end=\"2665\" data-start=\"2652\">BT4Europe<\/strong> mitteilt, muss die vorl\u00e4ufige Einigung in den kommenden Monaten noch formal best\u00e4tigt werden. Erst danach treten die neuen Regelungen in Kraft.<\/p>\n<p>Die Organisation k\u00fcndigte an, den weiteren Prozess zu begleiten. Dazu z\u00e4hlen nach eigenen Angaben die Unterst\u00fctzung bei der Umsetzung in den Mitgliedstaaten sowie die Beobachtung der praktischen Auswirkungen auf Gesch\u00e4ftsreisen und betriebliche Abl\u00e4ufe.<\/p>\n<p>Zudem wolle man sich weiterhin f\u00fcr zus\u00e4tzliche Vereinfachungen einsetzen, sofern diese erforderlich seien.<\/p>\n<p>\u00a0<\/p>\n","protected":false},"excerpt":{"rendered":"Die Europ\u00e4ische Union hat sich vorl\u00e4ufig auf eine Reform der Koordinierung der Sozialversicherungssysteme verst\u00e4ndigt. Wie aus einer Mitteilung&hellip;\n","protected":false},"author":2,"featured_media":978626,"comment_status":"","ping_status":"","sticky":false,"template":"","format":"standard","meta":{"footnotes":"","_share_on_mastodon":"0"},"categories":[3933],"tags":[212104,331,332,203679,548,212105,119674,663,158,3934,3935,212108,212107,13,14,15,12,212106],"class_list":["post-978625","post","type-post","status-publish","format-standard","has-post-thumbnail","category-eu","tag-a1-bescheinigung","tag-aktuelle-nachrichten","tag-aktuelle-news","tag-bt4europe","tag-eu","tag-eu-geschaeftsreisen","tag-eu-binnenmarkt","tag-europa","tag-europaeische-union","tag-europe","tag-european-union","tag-geschaeftsreise-regelung","tag-grenzueberschreitende-entsendung","tag-headlines","tag-nachrichten","tag-news","tag-schlagzeilen","tag-sozialversicherung-eu"],"share_on_mastodon":{"url":"https:\/\/pubeurope.com\/@de\/116480937035623479","error":""},"_links":{"self":[{"href":"https:\/\/www.europesays.com\/de\/wp-json\/wp\/v2\/posts\/978625","targetHints":{"allow":["GET"]}}],"collection":[{"href":"https:\/\/www.europesays.com\/de\/wp-json\/wp\/v2\/posts"}],"about":[{"href":"https:\/\/www.europesays.com\/de\/wp-json\/wp\/v2\/types\/post"}],"author":[{"embeddable":true,"href":"https:\/\/www.europesays.com\/de\/wp-json\/wp\/v2\/users\/2"}],"replies":[{"embeddable":true,"href":"https:\/\/www.europesays.com\/de\/wp-json\/wp\/v2\/comments?post=978625"}],"version-history":[{"count":0,"href":"https:\/\/www.europesays.com\/de\/wp-json\/wp\/v2\/posts\/978625\/revisions"}],"wp:featuredmedia":[{"embeddable":true,"href":"https:\/\/www.europesays.com\/de\/wp-json\/wp\/v2\/media\/978626"}],"wp:attachment":[{"href":"https:\/\/www.europesays.com\/de\/wp-json\/wp\/v2\/media?parent=978625"}],"wp:term":[{"taxonomy":"category","embeddable":true,"href":"https:\/\/www.europesays.com\/de\/wp-json\/wp\/v2\/categories?post=978625"},{"taxonomy":"post_tag","embeddable":true,"href":"https:\/\/www.europesays.com\/de\/wp-json\/wp\/v2\/tags?post=978625"}],"curies":[{"name":"wp","href":"https:\/\/api.w.org\/{rel}","templated":true}]}}