{"id":978630,"date":"2026-04-28T06:35:16","date_gmt":"2026-04-28T06:35:16","guid":{"rendered":"https:\/\/www.europesays.com\/de\/978630\/"},"modified":"2026-04-28T06:35:16","modified_gmt":"2026-04-28T06:35:16","slug":"firmen-entlassen-stellen-werden-gestrichen-droht-jetzt-die-grosse-job-wende","status":"publish","type":"post","link":"https:\/\/www.europesays.com\/de\/978630\/","title":{"rendered":"Firmen entlassen, Stellen werden gestrichen: Droht jetzt die gro\u00dfe Job-Wende?"},"content":{"rendered":"<p class=\"date\">28.04.2026 \u2013 08:15<\/p>\n<p class=\"customer\">\n                        <a class=\"story-customer\" title=\"weiter zum newsroom von Huthmacher Consulting GmbH\" href=\"https:\/\/www.presseportal.de\/nr\/176533\" rel=\"nofollow noopener\" target=\"_blank\">Huthmacher Consulting GmbH<\/a>\n                    <\/p>\n<p><a class=\"glightbox event-trigger\" href=\"https:\/\/cache.pressmailing.net\/thumbnail\/story_hires\/36e95dee-18dd-466e-9160-97070b767687\/Reiner-Huthmacher-9%20(2).jpg.jpg\" data-description=\"Reiner Huthmacher \/ Weiterer Text \u00fcber ots und www.presseportal.de\/nr\/176533 \/ Die Verwendung dieses Bildes f\u00fcr redaktionelle Zwecke ist unter Beachtung aller mitgeteilten Nutzungsbedingungen zul\u00e4ssig und dann auch honorarfrei. Ver\u00f6ffentlichung ausschlie\u00dflich mit Bildrechte-Hinweis.\" data-category=\"medialightbox\" data-action=\"click\" data-label=\"single\" data-value=\"69e1d017270000fd2c441394\" rel=\"nofollow noopener\" target=\"_blank\"><img decoding=\"async\" height=\"540\" with=\"720\" src=\"https:\/\/www.europesays.com\/de\/wp-content\/uploads\/2026\/04\/firmen-entlassen-stellen-werden-gestrichen-droht-jetzt-die-gro-e-job-wende.jpeg\"   alt=\"Firmen entlassen, Stellen werden gestrichen: Droht jetzt die gro\u00dfe Job-Wende?\" class=\"single\"\/><\/a><\/p>\n<p><a data-category=\"citylink-story-view\" data-action=\"click\" data-label=\"Citylink in Meldungsansicht\" class=\"story-city event-trigger\" href=\"https:\/\/www.presseportal.de\/regional\/Bornheim\" title=\"News aus Bornheim \" rel=\"nofollow noopener\" target=\"_blank\">Bornheim<\/a> (ots)<\/p>\n<p> Entlassungswellen, Einstellungsstopps und sinkende Stellenangebote: In vielen Branchen verdichten sich die Anzeichen f\u00fcr einen Wandel am Arbeitsmarkt. Unternehmen reagieren auf wirtschaftliche Unsicherheiten, steigende Kosten und technologischen Umbruch \u2013 oft zulasten von Jobs, die lange als sicher galten. Gleichzeitig entstehen neue Rollen, vor allem im Bereich Digitalisierung und KI, die andere Qualifikationen erfordern. <\/p>\n<p> Wir sehen keinen klassischen Jobabbau, sondern eine Verschiebung. Einige Stellen verschwinden, aber gleichzeitig entstehen neue, f\u00fcr die ganz andere F\u00e4higkeiten gefragt sind. Hier erfahren Sie, ob tats\u00e4chlich eine grundlegende Job-Wende bevorsteht, welche Branchen besonders betroffen sind \u2013 und wie sich Arbeitnehmer jetzt strategisch darauf vorbereiten k\u00f6nnen. <\/p>\n<p><b>Verschiebung statt Jobabbau<\/b><\/p>\n<p> Tats\u00e4chlich spricht vieles daf\u00fcr, dass sich der Arbeitsmarkt derzeit weniger in einer klassischen Abbauphase als vielmehr in einer Phase der Neuordnung befindet. W\u00e4hrend Unternehmen in wirtschaftlich angespannten Zeiten Kosten senken und Risiken reduzieren, ver\u00e4ndern technologische Entwicklungen parallel die Anforderungen an Besch\u00e4ftigte. In der Folge geraten vor allem T\u00e4tigkeiten unter Druck, die stark standardisiert, wiederkehrend und leicht digitalisierbar sind. Dazu z\u00e4hlen etwa administrative Aufgaben, einfache Auswertungen oder klassische Routinet\u00e4tigkeiten im Backoffice. <\/p>\n<p> Gleichzeitig entstehen neue Anforderungen innerhalb bestehender Rollen, weil sich Aufgabenprofile zunehmend verschieben. An die Stelle klar abgegrenzter T\u00e4tigkeiten treten vermehrt hybride Rollen, die Fachwissen mit digitalem Verst\u00e4ndnis verbinden. Insbesondere dort, wo Prozesse automatisiert oder datenbasiert gesteuert werden, w\u00e4chst der Bedarf an Mitarbeitenden, die zwischen Fachabteilungen und technischen L\u00f6sungen vermitteln k\u00f6nnen. <\/p>\n<p><b>Welche Bereiche besonders betroffen sind<\/b><\/p>\n<p> Vor allem T\u00e4tigkeiten mit hohem Routineanteil stehen unter Anpassungsdruck. In Bereichen wie Verwaltung, einfachem Controlling oder standardisierten Servicefunktionen lassen sich viele Arbeitsschritte inzwischen automatisieren oder effizienter gestalten. Auch in Teilen der IT, etwa bei einfachen Supportleistungen, zeigen sich \u00e4hnliche Entwicklungen. <\/p>\n<p> Demgegen\u00fcber gewinnen Aufgaben an Bedeutung, die st\u00e4rker auf Probleml\u00f6sung, Kommunikation und Steuerung ausgerichtet sind. Gefragt sind vor allem Rollen, die Prozesse optimieren, Daten einordnen oder digitale Anwendungen sinnvoll in bestehende Abl\u00e4ufe integrieren. Dar\u00fcber hinaus steigt der Bedarf an Kompetenzen in den Bereichen IT-Sicherheit, Datenanalyse und Ver\u00e4nderungsmanagement, da Unternehmen ihre Strukturen zunehmend an neue Rahmenbedingungen anpassen m\u00fcssen. <\/p>\n<p><b>Neue Anforderungen an Besch\u00e4ftigte<\/b><\/p>\n<p> Mit dieser Entwicklung ver\u00e4ndern sich auch die Erwartungen an Arbeitnehmer. Fachliche Expertise bleibt zwar zentral, reicht jedoch in vielen F\u00e4llen nicht mehr aus. Erg\u00e4nzend dazu werden grundlegende digitale F\u00e4higkeiten sowie ein Verst\u00e4ndnis f\u00fcr datenbasierte Prozesse wichtiger. Ebenso gewinnen \u00fcberfachliche Kompetenzen an Bedeutung, etwa die F\u00e4higkeit, komplexe Zusammenh\u00e4nge verst\u00e4ndlich zu vermitteln oder interdisziplin\u00e4r zu arbeiten. <\/p>\n<p> Entscheidend ist dabei weniger die Beherrschung einzelner Tools als vielmehr der Umgang mit neuen Arbeitsweisen. Wer in der Lage ist, technologische Entwicklungen auf die eigene T\u00e4tigkeit zu \u00fcbertragen und deren Nutzen einzuordnen, kann Ver\u00e4nderungen besser f\u00fcr sich nutzen. Gleichzeitig steigt die Relevanz von Lernbereitschaft, da sich Anforderungen in vielen Berufsfeldern kontinuierlich weiterentwickeln. <\/p>\n<p><b>Wie Unternehmen reagieren<\/b><\/p>\n<p> Viele Unternehmen reagieren auf die aktuellen Unsicherheiten zun\u00e4chst mit Zur\u00fcckhaltung, etwa durch Einstellungsstopps oder eine vorsichtigere Personalplanung. Allerdings zeigt sich, dass kurzfristige Ma\u00dfnahmen allein nicht ausreichen, um langfristig wettbewerbsf\u00e4hig zu bleiben. Denn ohne gezielte Weiterentwicklung bestehender Kompetenzen entstehen schnell L\u00fccken, die sich sp\u00e4ter nur mit erheblichem Aufwand schlie\u00dfen lassen. <\/p>\n<p> Vor diesem Hintergrund r\u00fccken Themen wie interne Weiterbildung und der gezielte Einsatz von Personal st\u00e4rker in den Fokus. Unternehmen, die fr\u00fchzeitig in Qualifizierung investieren und ihre Mitarbeitenden auf neue Aufgaben vorbereiten, k\u00f6nnen Ver\u00e4nderungen besser abfedern. Gleichzeitig profitieren sie davon, vorhandenes Wissen im Unternehmen zu halten und gezielt weiterzuentwickeln. <\/p>\n<p><b>Strategische Vorbereitung f\u00fcr Arbeitnehmer<\/b><\/p>\n<p> Auch f\u00fcr Besch\u00e4ftigte wird es zunehmend wichtiger, sich aktiv mit den Ver\u00e4nderungen auseinanderzusetzen. Wer die eigene Rolle regelm\u00e4\u00dfig hinterfragt und an neue Anforderungen anpasst, erh\u00f6ht langfristig seine Besch\u00e4ftigungsf\u00e4higkeit. Dabei geht es weniger um grundlegende Neuorientierung als vielmehr um die kontinuierliche Weiterentwicklung bestehender F\u00e4higkeiten. <\/p>\n<p> Hilfreich ist es, den eigenen Beitrag zum Unternehmenserfolg klar zu verstehen und sichtbar zu machen. T\u00e4tigkeiten, die direkt zur Wertsch\u00f6pfung beitragen, bleiben in der Regel stabiler als rein unterst\u00fctzende Aufgaben. Dar\u00fcber hinaus kann es sinnvoll sein, gezielt Kompetenzen aufzubauen, die an Schnittstellen gefragt sind, etwa im Zusammenspiel von Fachbereich und digitalen Anwendungen. <\/p>\n<p><b>Fazit<\/b><\/p>\n<p> Die derzeitigen Entwicklungen deuten auf eine strukturelle Ver\u00e4nderung des Arbeitsmarktes hin, die sich nicht allein in steigenden oder sinkenden Besch\u00e4ftigtenzahlen ausdr\u00fcckt. Vielmehr verschieben sich Aufgaben, Anforderungen und Rollenprofile in vielen Bereichen gleichzeitig. <\/p>\n<p> Ob daraus eine \u201egro\u00dfe Job-Wende\u201c entsteht, h\u00e4ngt daher weniger von einzelnen Entlassungswellen ab als von der Frage, wie Unternehmen und Besch\u00e4ftigte mit diesen Ver\u00e4nderungen umgehen. Klar ist jedoch: Wer sich fr\u00fchzeitig auf neue Anforderungen einstellt und seine Kompetenzen entsprechend erweitert, wird auch in einem sich wandelnden Arbeitsumfeld gefragt bleiben. <\/p>\n<p><b>\u00dcber Reiner Huthmacher:<\/b><\/p>\n<p> Reiner Huthmacher ist Berater f\u00fcr nachhaltige Mitarbeiterbindung in KMU. Er unterst\u00fctzt mittelst\u00e4ndische Unternehmen dabei, sich vom Fachkr\u00e4ftesucher zum Mittelstandsmagneten zu entwickeln. 2021 gr\u00fcndete er die Marke Fachkr\u00e4ftemagnet, 2024 folgte die Huthmacher Consulting GmbH. Sein 6-Schritte-System verbindet strategisches Benefit-Management mit datenbasierter Fluktuationspr\u00e4vention. Weitere Informationen unter: <a target=\"_blank\" class=\"uri-ext outbound\" rel=\"noopener nofollow\" href=\"http:\/\/www.fachkraeftemagnet.net\">www.fachkraeftemagnet.net<\/a>. <\/p>\n<p class=\"contact-headline\">Pressekontakt:<\/p>\n<p class=\"contact-text\">Huthmacher Consulting GmbH<br \/>Vertreten durch: Reiner Huthmacher<br \/>E-Mail: <a href=\"https:\/\/www.presseportal.de\/pm\/176533\/mailto: reiner.huthmacher@fachkraeftemagnet.net\" class=\"uri-mailto\" rel=\"nofollow noopener\" target=\"_blank\"> reiner.huthmacher@fachkraeftemagnet.net<\/a><br \/>Web: <a target=\"_blank\" class=\"uri-ext outbound\" rel=\"noopener nofollow\" href=\"https:\/\/www.fachkraeftemagnet.net\/\">https:\/\/www.fachkraeftemagnet.net\/<\/a><\/p>\n<p class=\"originator\">Original-Content von: Huthmacher Consulting GmbH, \u00fcbermittelt durch news aktuell<\/p>\n","protected":false},"excerpt":{"rendered":"28.04.2026 \u2013 08:15 Huthmacher Consulting GmbH Bornheim (ots) Entlassungswellen, Einstellungsstopps und sinkende Stellenangebote: In vielen Branchen verdichten sich&hellip;\n","protected":false},"author":2,"featured_media":978631,"comment_status":"","ping_status":"","sticky":false,"template":"","format":"standard","meta":{"footnotes":"","_share_on_mastodon":"0"},"categories":[1842],"tags":[1140,620,3477,1741,3364,29,16781,30,1710,4563,1209,178,180,179,181],"class_list":["post-978630","post","type-post","status-publish","format-standard","has-post-thumbnail","category-bonn","tag-arbeit","tag-arbeitsmarkt","tag-bild","tag-bonn","tag-de","tag-deutschland","tag-fachkrfte","tag-germany","tag-karriere","tag-mittelstand","tag-nordrhein-westfalen","tag-presse","tag-pressemeldung","tag-pressemitteilung","tag-pressemitteilungen"],"share_on_mastodon":{"url":"https:\/\/pubeurope.com\/@de\/116480949216309993","error":""},"_links":{"self":[{"href":"https:\/\/www.europesays.com\/de\/wp-json\/wp\/v2\/posts\/978630","targetHints":{"allow":["GET"]}}],"collection":[{"href":"https:\/\/www.europesays.com\/de\/wp-json\/wp\/v2\/posts"}],"about":[{"href":"https:\/\/www.europesays.com\/de\/wp-json\/wp\/v2\/types\/post"}],"author":[{"embeddable":true,"href":"https:\/\/www.europesays.com\/de\/wp-json\/wp\/v2\/users\/2"}],"replies":[{"embeddable":true,"href":"https:\/\/www.europesays.com\/de\/wp-json\/wp\/v2\/comments?post=978630"}],"version-history":[{"count":0,"href":"https:\/\/www.europesays.com\/de\/wp-json\/wp\/v2\/posts\/978630\/revisions"}],"wp:featuredmedia":[{"embeddable":true,"href":"https:\/\/www.europesays.com\/de\/wp-json\/wp\/v2\/media\/978631"}],"wp:attachment":[{"href":"https:\/\/www.europesays.com\/de\/wp-json\/wp\/v2\/media?parent=978630"}],"wp:term":[{"taxonomy":"category","embeddable":true,"href":"https:\/\/www.europesays.com\/de\/wp-json\/wp\/v2\/categories?post=978630"},{"taxonomy":"post_tag","embeddable":true,"href":"https:\/\/www.europesays.com\/de\/wp-json\/wp\/v2\/tags?post=978630"}],"curies":[{"name":"wp","href":"https:\/\/api.w.org\/{rel}","templated":true}]}}