{"id":978671,"date":"2026-04-28T07:00:14","date_gmt":"2026-04-28T07:00:14","guid":{"rendered":"https:\/\/www.europesays.com\/de\/978671\/"},"modified":"2026-04-28T07:00:14","modified_gmt":"2026-04-28T07:00:14","slug":"frankfurt-lithium-fabrik-soll-ab-2028-halbe-million-e-autos-versorgen","status":"publish","type":"post","link":"https:\/\/www.europesays.com\/de\/978671\/","title":{"rendered":"Frankfurt: Lithium-Fabrik soll ab 2028 halbe Million E-Autos versorgen"},"content":{"rendered":"<p>Industriepark H\u00f6chst <\/p>\n<p>Lithium-Fabrik soll ab 2028 halbe Million E-Autos versorgen<\/p>\n<p>28.04.2026 &#8211; 08:57 UhrLesedauer: 1 Min.<\/p>\n<p><a href=\"#focus-0\" class=\"transition-colors duration-200 block text-current relative\" data-sctrack=\"FocusGalleryImage.Reference\"><img fetchpriority=\"high\" data-testid=\"Opener.Image\" style=\"--lqipURL:url('https:\/\/images.t-online.de\/2024\/07\/zD5VjgxA9mDx\/0x107:2048x1152\/fit-in\/150x0\/filters:blur(25)\/serbien-macht-den-weg-frei-fuer-den-abbau-von-lithium.jpg')\"   loading=\"eager\" src=\"https:\/\/www.europesays.com\/de\/wp-content\/uploads\/2026\/04\/serbien-macht-den-weg-frei-fuer-den-abbau-von-lithium.jpg\" alt=\"Lithium\" title=\"Lithium\" width=\"2048\" height=\"1152\" class=\"bg-[url:var(--lqipURL)] bg-cover bg-center flex h-full w-full max-w-full\" decoding=\"async\"\/><img style=\"--width:32;--height:32\" loading=\"lazy\" src=\"https:\/\/frankfurt.t-online.de\/s\/paper\/_next\/static\/media\/zoom-in.f7dae02f.svg\" alt=\"Vergr\u00f6\u00dfern des Bildes\" title=\"Vergr\u00f6\u00dfern des Bildes\" class=\"block h-[calc(var(--height)_\/_16_*_1rem)] w-[calc(var(--width)_\/_16_*_1rem)] max-w-none absolute bottom-8 right-8 rounded-4 bg-snow p-8\" decoding=\"async\"\/><\/a><\/p>\n<p>Europa will autarker werden und das wichtige Metall Lithium selbst herstellen (Symbolbild). In Frankfurt entsteht daf\u00fcr eine neue Fabrik. (Quelle: Uwe Anspach\/dpa\/dpa-bilder)<\/p>\n<p class=\"font-bold text-18 leading-17 user-text-lg:text-22 user-text-xl:text-24\">Im Frankfurter Industriepark H\u00f6chst wird eine Lithium-Fabrik gebaut. Sie soll Europa unabh\u00e4ngiger machen.<\/p>\n<p class=\"text-18 leading-17 user-text-lg:text-22 user-text-xl:text-24\">Das Unternehmen Vulcan Energy hat im Frankfurter Industriepark H\u00f6chst den Spatenstich f\u00fcr eine Lithium-Fabrik vollzogen. Ab Mitte 2028 soll die Anlage j\u00e4hrlich bis zu 24.000 Tonnen Lithiumhydroxid produzieren. Das reicht f\u00fcr Batterien von rund 500.000 Elektrofahrzeugen. Den Rohstoff gewinnt Vulcan Energy aus Thermalwasser im Oberrheingraben bei Landau \u2013 in Frankfurt-H\u00f6chst soll er anschlie\u00dfend weiterverarbeitet werden.<\/p>\n<p class=\"text-18 leading-17 user-text-lg:text-22 user-text-xl:text-24\">80.000 Quadratmeter an Fl\u00e4che hat das Unternehmen daf\u00fcr im Industriepark gepachtet. Die Produktion soll vollst\u00e4ndig CO\u2082-neutral sein \u2013 als Energiequelle diene Geothermie. Zu den geplanten Abnehmern z\u00e4hlten demnach internationale Konzerne, darunter LG Energy Solution, Stellantis und Umicore. Lithium ist der wichtigste Rohstoff f\u00fcr Lithium-Ionen-Akkus in Elektroautos, Smartphones und Laptops.<\/p>\n<p class=\"text-18 leading-17 user-text-lg:text-22 user-text-xl:text-24\">Hessens Ministerpr\u00e4sident Boris Rhein (CDU) sagte beim Spatenstich: &#8222;Wir gehen hier einen Schritt hin zu mehr Unabh\u00e4ngigkeit Europas von globalen Lieferketten.&#8220; Die Bundesregierung f\u00f6rdert das Projekt \u00fcber die F\u00f6rderbank KfW und den Rohstofffonds mit 150 Millionen Euro. Das Land Hessen steuert weitere 13,9 Millionen Euro bei. Das Gesamtfinanzierungspaket belaufe sich auf 2,2 Milliarden Euro.<\/p>\n","protected":false},"excerpt":{"rendered":"Industriepark H\u00f6chst Lithium-Fabrik soll ab 2028 halbe Million E-Autos versorgen 28.04.2026 &#8211; 08:57 UhrLesedauer: 1 Min. Europa will&hellip;\n","protected":false},"author":2,"featured_media":978672,"comment_status":"","ping_status":"","sticky":false,"template":"","format":"standard","meta":{"footnotes":"","_share_on_mastodon":"0"},"categories":[1829],"tags":[722,17161,513,29,2050,2051,30,2052,108872,12728],"class_list":["post-978671","post","type-post","status-publish","format-standard","has-post-thumbnail","category-frankfurt-am-main","tag-722","tag-17161","tag-auto","tag-deutschland","tag-frankfurt","tag-frankfurt-am-main","tag-germany","tag-hessen","tag-industriepark-hoechst","tag-lithium"],"share_on_mastodon":{"url":"https:\/\/pubeurope.com\/@de\/116481047328275514","error":""},"_links":{"self":[{"href":"https:\/\/www.europesays.com\/de\/wp-json\/wp\/v2\/posts\/978671","targetHints":{"allow":["GET"]}}],"collection":[{"href":"https:\/\/www.europesays.com\/de\/wp-json\/wp\/v2\/posts"}],"about":[{"href":"https:\/\/www.europesays.com\/de\/wp-json\/wp\/v2\/types\/post"}],"author":[{"embeddable":true,"href":"https:\/\/www.europesays.com\/de\/wp-json\/wp\/v2\/users\/2"}],"replies":[{"embeddable":true,"href":"https:\/\/www.europesays.com\/de\/wp-json\/wp\/v2\/comments?post=978671"}],"version-history":[{"count":0,"href":"https:\/\/www.europesays.com\/de\/wp-json\/wp\/v2\/posts\/978671\/revisions"}],"wp:featuredmedia":[{"embeddable":true,"href":"https:\/\/www.europesays.com\/de\/wp-json\/wp\/v2\/media\/978672"}],"wp:attachment":[{"href":"https:\/\/www.europesays.com\/de\/wp-json\/wp\/v2\/media?parent=978671"}],"wp:term":[{"taxonomy":"category","embeddable":true,"href":"https:\/\/www.europesays.com\/de\/wp-json\/wp\/v2\/categories?post=978671"},{"taxonomy":"post_tag","embeddable":true,"href":"https:\/\/www.europesays.com\/de\/wp-json\/wp\/v2\/tags?post=978671"}],"curies":[{"name":"wp","href":"https:\/\/api.w.org\/{rel}","templated":true}]}}