{"id":978802,"date":"2026-04-28T08:20:29","date_gmt":"2026-04-28T08:20:29","guid":{"rendered":"https:\/\/www.europesays.com\/de\/978802\/"},"modified":"2026-04-28T08:20:29","modified_gmt":"2026-04-28T08:20:29","slug":"hallo-leipzig-so-startet-dienstag-der-28-april-2026-%c2%b7-leipziger-zeitung","status":"publish","type":"post","link":"https:\/\/www.europesays.com\/de\/978802\/","title":{"rendered":"Hallo Leipzig: So startet Dienstag, der 28. April 2026 \u00b7 Leipziger Zeitung"},"content":{"rendered":"<p>Leipzigs Stadtwerke verlieren Fahrzeuge nach mutma\u00dflichem Brandanschlag in Connewitz. Die Polizei nahm Ermittlungen auf. Die Prager Stra\u00dfe muss nach einem Wasserleitungsschaden stadteinw\u00e4rts gesperrt werden, das Z\u201eeitgeschichtliche Forum\u201c besch\u00e4ftigt sich mit der Rolle der Konsum-Genossenschaft w\u00e4hrend der Nazi-Diktatur und auf der Neuen Messe wird ein Festakt anl\u00e4sslich des israelischen Unabh\u00e4ngigkeitstages ausgerichtet.\u00a0<\/p>\n<p>Bekennerschreiben zu Brandanschlag<\/p>\n<p>In den fr\u00fchen Morgenstunden standen auf einem Parkplatz im Leipziger Stadtteil Connewitz vier Autos in Flammen. Wie die <a href=\"https:\/\/www.l-iz.de\/tag\/polizei\" target=\"_blank\" rel=\"noopener nofollow\">Polizeidirektion<\/a> mitteilte, handelt es sich um Fahrzeuge vom Typ VW ID.3, die von den Stadtwerken genutzt werden.<\/p>\n<p>Die Stellfl\u00e4chen befinden sich auf der R\u00fcckseite der einstigen <a href=\"https:\/\/www.l-iz.de\/tag\/SED\" target=\"_blank\" rel=\"noopener nofollow\">SED<\/a>-Bezirksleitung an der Kreuzung Karl-Liebknecht-Stra\u00dfe, Ecke Eichendorffstra\u00dfe. Heute beherbergt das Geb\u00e4ude ein Fitnessstudio sowie verschiedene B\u00fcroeinheiten, darunter auch Verwaltungsr\u00e4ume der Stadtwerke.<img decoding=\"async\" src=\"https:\/\/www.europesays.com\/de\/wp-content\/uploads\/2026\/04\/1eee1607fbc64f97bdf20e094b70af92.gif\" alt=\"\" width=\"https:\/\/www.l-iz.de\/der-tag\/2026\/04\/1\" height=\"https:\/\/www.l-iz.de\/der-tag\/2026\/04\/1\"\/><\/p>\n<p>Aufgrund der gegebenen Umst\u00e4nde am Tatort ermittelt die Polizei wegen des Anfangsverdachts der Brandstiftung. Zudem wurde auf der Online-Plattform <a href=\"https:\/\/www.l-iz.de\/tag\/indymedia\" target=\"_blank\" rel=\"noopener nofollow\">\u201eindymedia\u201c<\/a> ein <a href=\"https:\/\/de.indymedia.org\/node\/731855\" target=\"_blank\" rel=\"noopener nofollow\">mutma\u00dfliches Bekennerschreiben<\/a> ver\u00f6ffentlicht, dessen Echtheit zu \u00fcberpr\u00fcfen Teil der polizeilichen Ermittlungen ist. In der Stellungnahme wird der Anschlag als Reaktion auf Pl\u00e4ne begr\u00fcndet, in Leipzig ein wissenschaftliches Forschungszentrum f\u00fcr die R\u00fcstungsindustrie aufzubauen.<\/p>\n<p><a href=\"https:\/\/www.europesays.com\/de\/wp-content\/uploads\/2026\/04\/IMG_0560.jpeg\"><img loading=\"lazy\" decoding=\"async\" class=\"size-full wp-image-655324\" src=\"https:\/\/www.europesays.com\/de\/wp-content\/uploads\/2026\/04\/IMG_0560.jpeg\" alt=\"\" width=\"3317\" height=\"2211\"  \/><\/a>Insgesamt wurden vier Fahrzeuge durch Feuer zerst\u00f6rt. Foto: Benjamin Weinkauf<br \/>\nN\u00e4chste Stra\u00dfe wegen alter Wasserleitungen dicht<\/p>\n<p>Auf Leipzigs Stra\u00dfen staut es sich gerade ziemlich dicke \u2013 und dabei sollte doch alles am Flie\u00dfen sein. Wegen eines Rohrschadens ist die Prager Stra\u00dfe stadteinw\u00e4rts zwischen Oststra\u00dfe und Gerichtsweg ab sofort voll gesperrt. Die Leipziger Wasserwerke wollen den Schaden an der Leitung z\u00fcgig beheben und auch die Stra\u00dfendecke soll bis Mittwoch, 6. Mai 2026, wieder intakt sein. Eine Umleitung erfolgt \u00fcber Nebenstra\u00dfen, besonders zu Sto\u00dfzeiten sollte die Prager Stra\u00dfe aber gro\u00dfz\u00fcgig umfahren werden.<\/p>\n<p>Aufgrund fr\u00fcherer Sch\u00e4den ist die Sanierung der betroffenen Trinkwasserleitung bereits f\u00fcr den Herbst geplant. Diese Arbeiten sollen voraussichtlich im September beginnen.<\/p>\n<p>Die <a href=\"https:\/\/www.l.de\/blog\/rohrbrueche-zwischen-routine-und-individuellen-entscheidungen\/\" target=\"_blank\" rel=\"noopener nofollow\">Wasserwerke selbst sprechen davon<\/a>, dass Leipzigs \u00e4lteste Trinkwasserleitungen etwa 100 Jahre alt sind. Deshalb werden vorrangig alte Graugussleitungen erneuert. Seit 1990 sei nach Angaben des Stadtbetriebs rund ein Drittel des Trinkwassernetzes saniert oder neu gebaut worden, bis zur vollst\u00e4ndigen Erneuerung werde es aber noch etwa 20 Jahre dauern.<\/p>\n<p>F\u00fcr die <a href=\"https:\/\/www.l-iz.de\/tag\/wasserwerke\" target=\"_blank\" rel=\"noopener nofollow\">Wasserwerke<\/a> offenbar ein immenser Kraftakt. Denn auch im S\u00fcden auf der Karl-Liebknecht-Stra\u00dfe stehen <a href=\"https:\/\/www.l-iz.de\/der-tag\/2026\/04\/hallo-leipzig-so-startet-montag-der-27-april-2026-655155\" target=\"_blank\" rel=\"noopener nofollow\">umfassende Bauarbeiten zur Erneuerung der Trink- und Warmwasserversorgung<\/a> an. Mit Auswirkungen auf mehrere Stadtviertel.<\/p>\n<p>Die Konsum-Genossenschaft in der NS-Zeit<\/p>\n<p>Die Leipzigerinnen und Leipziger lieben ihn. Als gro\u00dfen Supermarkt, oder als kleine Filiale an der Ecke: ihren Konsum. Das <a href=\"https:\/\/www.l-iz.de\/tag\/zeitgeschichtliches-forum\" target=\"_blank\" rel=\"noopener nofollow\">Zeitgeschichtliche Forum geht<\/a> heute um 19 Uhr der Geschichte der Leipziger Konsumgenossenschaft im Nationalsozialismus nach. Und die ist ziemlich spannend. Denn das Unternehmen befand sich in einem steten Spagat zwischen System und Zufluchtsort.<\/p>\n<p>Unter dem Titel \u201eIm \u201aF\u00fchrerstaat\u2018 \u00fcberwintert?\u201c pr\u00e4sentiert Elias Huff vom Historischen Seminar der Universit\u00e4t Leipzig zentrale Ergebnisse seiner Staatsexamensarbeit und stellt diese im Anschluss zur Diskussion. Die Veranstaltung ist Teil der Reihe \u201eWerkstattgespr\u00e4che zur Zeit\/Geschichte\u201c und bietet bei freiem Eintritt Einblicke in aktuelle Forschungsarbeiten junger Wissenschaftlerinnen und Wissenschaftler.<\/p>\n<p>Die <a href=\"https:\/\/www.l-iz.de\/tag\/konsum-leipzig\" target=\"_blank\" rel=\"noopener nofollow\">Leipziger Konsumgenossenschaft<\/a> pr\u00e4gt bis heute das Stadtbild sowie den Alltag vieler Einwohnerinnen und Einwohner und kann auf eine fast 145-j\u00e4hrige Geschichte zur\u00fcckblicken, in der sie weit mehr war, als ein reines Handelsunternehmen, sondern seit dem Kaiserreich eine wichtige Rolle innerhalb der <a href=\"https:\/\/www.l-iz.de\/tag\/spd\" target=\"_blank\" rel=\"noopener nofollow\">sozialdemokratischen Arbeiterbewegung<\/a> einnahm. So kam den Konsumgenossenschaften w\u00e4hrend der NS-Zeit eine besondere Stellung zu, denn obwohl sie von den Nazis zun\u00e4chst als \u201emarxistische Brutst\u00e4tten\u201c diffamiert wurden, blieben sie nach 1933 bestehen.<\/p>\n<p>Der Leipziger Konsumverein entwickelte sich in dieser Phase zu einem widerspr\u00fcchlichen Ort, an dem demokratische Traditionen auf faschistische Umgestaltung trafen, der zugleich Schutzraum f\u00fcr Regimegegnerinnen und -gegner bot und dennoch als leistungsf\u00e4higer Betrieb im Kontext von Krieg und Verfolgung funktionierte. Nach dem Ende der <a href=\"https:\/\/www.l-iz.de\/tag\/nationalsozialismus\" target=\"_blank\" rel=\"noopener nofollow\">NS-Diktatur<\/a> wurde diese ambivalente Vergangenheit in der <a href=\"https:\/\/www.l-iz.de\/tag\/ddr\" target=\"_blank\" rel=\"noopener nofollow\">DDR<\/a> politisch instrumentalisiert, wodurch die Genossenschaft eine weitere tiefgreifende Umdeutung erfuhr.<\/p>\n<p>Dozent Huff, geboren 2000 in Berlin, studiert seit 2021 an der <a href=\"https:\/\/www.l-iz.de\/tag\/uni-leipzig\" target=\"_blank\" rel=\"noopener nofollow\">Universit\u00e4t Leipzig<\/a> die F\u00e4cher Deutsch und Geschichte f\u00fcr das Lehramt am Gymnasium, war an verschiedenen universit\u00e4ren Projekten beteiligt und absolvierte 2023 ein Auslandsemester an der <a href=\"https:\/\/de.wikipedia.org\/wiki\/Hebr%C3%A4ische_Universit%C3%A4t_Jerusalem\" target=\"_blank\" rel=\"noopener nofollow\">Hebr\u00e4ischen Universit\u00e4t Jerusalem<\/a>. Mit seinem Vortrag er\u00f6ffnet er neue Perspektiven auf ein St\u00fcck Leipziger Geschichte.<\/p>\n<p><a href=\"https:\/\/www.europesays.com\/de\/wp-content\/uploads\/2026\/04\/IMG_0539.jpeg\"><img loading=\"lazy\" decoding=\"async\" class=\"size-full wp-image-655299\" src=\"https:\/\/www.europesays.com\/de\/wp-content\/uploads\/2026\/04\/IMG_0539.jpeg\" alt=\"\" width=\"600\" height=\"400\"  \/><\/a>Konsum-Chef Wilhelm Fischer empf\u00e4ngt Robert Ley, den f\u00fcr die Arbeiterschaft zust\u00e4ndigen NS-Propagandisten, vor der Firmenzentrale. Foto: Zeitgeschichtliches Forum \/ Bundesarchiv<br \/>\nFestakt zum Unabh\u00e4ngigkeitstag Israels<\/p>\n<p>Heute richtet der <a href=\"https:\/\/www.l-iz.de\/tag\/Freistaat-Sachsen\" target=\"_blank\" rel=\"noopener nofollow\">Freistaat Sachsen<\/a> gemeinsam mit der Stadt Leipzig auf der Neuen Messe einen offiziellen Empfang anl\u00e4sslich des israelischen Unabh\u00e4ngigkeitstages aus. Zu den um 18 Uhr erwarteten G\u00e4sten z\u00e4hlen hochrangige politische Vertreter aus Sachsen sowie diplomatische Vertreter Israels. Die Veranstaltung ist Ausdruck der au\u00dfenpolitischen Beziehungen und gelebter Freundschaften sowie der Erinnerungskultur im Kontext deutscher Geschichte. So besteht zwischen Leipzig und der israelischen Hafenstadt Herzliya seit 2011 eine St\u00e4dtepartnerschaft.<\/p>\n<p>Parallel dazu ist eine politische Kundgebung im Umfeld der Messe angek\u00fcndigt. Aktivistengruppen mobilisieren zu Protesten im Zusammenhang mit dem Nahostkonflikt. Die Demonstration richtet sich ausdr\u00fccklich gegen den Empfang und die Teilnahme offizieller Vertreter Israels. Vor diesem Hintergrund rechnen die Beh\u00f6rden mit einer angespannten Lage. In vergleichbaren F\u00e4llen kommt es regelm\u00e4\u00dfig zu einem erh\u00f6hten Polizeiaufgebot, um Versammlungsfreiheit und Sicherheit gleichzeitig zu gew\u00e4hrleisten.<\/p>\n<p><a href=\"https:\/\/www.l-iz.de\/tag\/stadtverwaltung\" target=\"_blank\" rel=\"noopener nofollow\">Die Stadt Leipzig<\/a> hat im Vorfeld verkehrsrechtliche Einschr\u00e4nkungen im Umfeld der <a href=\"https:\/\/www.l-iz.de\/tag\/neue-messe\" target=\"_blank\" rel=\"noopener nofollow\">Neuen Messe<\/a> angek\u00fcndigt. Diese betreffen insbesondere Zufahrtsstra\u00dfen, Parkm\u00f6glichkeiten sowie m\u00f6gliche Sperrungen im direkten Veranstaltungsbereich. Ziel ist es, den Schutz der Veranstaltungsteilnehmer sowie die Trennung von Demonstrationsgeschehen und offiziellem Empfang sicherzustellen.<\/p>\n<p>Besucherinnen und Besucher des Messegel\u00e4ndes sowie Anwohner m\u00fcssen sich auf Verz\u00f6gerungen und Umleitungen einstellen. Besonders im Zeitraum ab dem sp\u00e4ten Nachmittag ist mit Einschr\u00e4nkungen im Stra\u00dfenverkehr sowie im \u00f6ffentlichen Nahverkehr zu rechnen. Die Polizei wird den Einsatz nach eigenen Angaben lageabh\u00e4ngig durchf\u00fchren. Erfahrungsgem\u00e4\u00df umfasst dies Zugangskontrollen, Absperrungen sowie eine verst\u00e4rkte Pr\u00e4senz im gesamten Messeumfeld. Hintergrund sind sowohl die politische Bedeutung des Termins als auch die erwarteten Gegenproteste.<\/p>\n<p>Der Empfang selbst steht politisch f\u00fcr die Beziehungen zwischen Sachsen und Israel. Gleichzeitig zeigt die angek\u00fcndigte Demonstration die gesellschaftliche Polarisierung im Zuge des <a href=\"https:\/\/www.l-iz.de\/tag\/nahostkonflikt\" target=\"_blank\" rel=\"noopener nofollow\">Nahostkonflikts<\/a>, die auch auf lokaler Ebene sichtbar wird. F\u00fcr Leipzig ist die Kombination aus hochrangiger politischer Veranstaltung, Protestgeschehen und Sicherheitsma\u00dfnahmen ein Ereignis mit \u00fcberregionaler Aufmerksamkeit. Der heutige Dienstag d\u00fcrfte daher auch \u00fcber die Stadtgrenzen hinaus Interesse auf sich ziehen.<\/p>\n<p><a href=\"https:\/\/www.europesays.com\/de\/wp-content\/uploads\/2026\/04\/IMG_0540.jpeg\"><img loading=\"lazy\" decoding=\"async\" class=\"size-full wp-image-655309\" src=\"https:\/\/www.europesays.com\/de\/wp-content\/uploads\/2026\/04\/IMG_0540.jpeg\" alt=\"\" width=\"1857\" height=\"1239\"  \/><\/a>Leipzig hat einen Platz in Israel. Burkhard Jung 2015 mit dem damaligen B\u00fcrgermeister von Herzliya, Moshe Fadlon. Foto: Stadt Leipzig<\/p>\n","protected":false},"excerpt":{"rendered":"Leipzigs Stadtwerke verlieren Fahrzeuge nach mutma\u00dflichem Brandanschlag in Connewitz. Die Polizei nahm Ermittlungen auf. Die Prager Stra\u00dfe muss&hellip;\n","protected":false},"author":2,"featured_media":978803,"comment_status":"","ping_status":"","sticky":false,"template":"","format":"standard","meta":{"footnotes":"","_share_on_mastodon":"0"},"categories":[1832],"tags":[38497,3364,2409,29,30,8230,71,57,15466,859,9430],"class_list":["post-978802","post","type-post","status-publish","format-standard","has-post-thumbnail","category-leipzig","tag-connewitz","tag-de","tag-der-tag","tag-deutschland","tag-germany","tag-konsum","tag-leipzig","tag-nationalsozialismus","tag-prager-strasse","tag-sachsen","tag-stadtwerke-leipzig"],"share_on_mastodon":{"url":"https:\/\/pubeurope.com\/@de\/116481361977659930","error":""},"_links":{"self":[{"href":"https:\/\/www.europesays.com\/de\/wp-json\/wp\/v2\/posts\/978802","targetHints":{"allow":["GET"]}}],"collection":[{"href":"https:\/\/www.europesays.com\/de\/wp-json\/wp\/v2\/posts"}],"about":[{"href":"https:\/\/www.europesays.com\/de\/wp-json\/wp\/v2\/types\/post"}],"author":[{"embeddable":true,"href":"https:\/\/www.europesays.com\/de\/wp-json\/wp\/v2\/users\/2"}],"replies":[{"embeddable":true,"href":"https:\/\/www.europesays.com\/de\/wp-json\/wp\/v2\/comments?post=978802"}],"version-history":[{"count":0,"href":"https:\/\/www.europesays.com\/de\/wp-json\/wp\/v2\/posts\/978802\/revisions"}],"wp:featuredmedia":[{"embeddable":true,"href":"https:\/\/www.europesays.com\/de\/wp-json\/wp\/v2\/media\/978803"}],"wp:attachment":[{"href":"https:\/\/www.europesays.com\/de\/wp-json\/wp\/v2\/media?parent=978802"}],"wp:term":[{"taxonomy":"category","embeddable":true,"href":"https:\/\/www.europesays.com\/de\/wp-json\/wp\/v2\/categories?post=978802"},{"taxonomy":"post_tag","embeddable":true,"href":"https:\/\/www.europesays.com\/de\/wp-json\/wp\/v2\/tags?post=978802"}],"curies":[{"name":"wp","href":"https:\/\/api.w.org\/{rel}","templated":true}]}}