{"id":978858,"date":"2026-04-28T08:51:15","date_gmt":"2026-04-28T08:51:15","guid":{"rendered":"https:\/\/www.europesays.com\/de\/978858\/"},"modified":"2026-04-28T08:51:15","modified_gmt":"2026-04-28T08:51:15","slug":"rostock-prozess-startet-wahrheit-im-fall-fabian-aus-guestrow-bild-live-ticker-regional","status":"publish","type":"post","link":"https:\/\/www.europesays.com\/de\/978858\/","title":{"rendered":"Rostock-Prozess startet: Wahrheit im Fall Fabian aus G\u00fcstrow \u2013 BILD Live-Ticker | Regional"},"content":{"rendered":"<p><a class=\"skip-content skip-content--link\" href=\"#in-content-skip-link-target-v-0-0\">TTS-Player \u00fcberspringen\u21b5<\/a><a id=\"in-content-skip-link-target-v-0-0\" class=\"skip-content--target-link-hidden skip-content skip-content--target-link\" href=\"#in-content-skip-link-target-v-0-0\">Artikel weiterlesen<\/a><\/p>\n<p>Rostock (Mecklenburg-Vorpommern) \u2013\u00a0<b>Heute \u00f6ffnet sich im Landgericht Rostock eine T\u00fcr, hinter der die unz\u00e4hligen Fragen zu einem grausamen Verbrechen endlich Antworten bekommen sollen. Millionen Menschen blickten im letzten Oktober auf diesen einen Jungen, auf diesen einen Fall. Fabian (8) aus G\u00fcstrow (Mecklenburg-Vorpommern). Am 10. Oktober 2025 hatte der Junge Nasenbluten, blieb zu Hause, w\u00e4hrend seine Mama arbeitete. Doch als sie wiederkam, war Fabian verschwunden. Vier Tage sp\u00e4ter wird er tot aufgefunden \u2013 erstochen und verbrannt an einem abgelegenen T\u00fcmpel. <\/b><\/p>\n<p>Schon bald ger\u00e4t Gina H. (30), die Ex-Freundin seines Vaters, ins Visier der Ermittler. Sie soll das Kind unter einem Vorwand weggelockt und <a href=\"https:\/\/www.bild.de\/themen\/ereignisse\/mord\/nachrichten-news-fotos-videos-21394242.bild.html\" class=\"text-link\" rel=\"nofollow noopener\" target=\"_blank\">ermordet<\/a> haben. Seit heute muss sie sich f\u00fcr den Tod des Jungen vor Gericht verantworten. Der Vorwurf lautet: heimt\u00fcckischer Mord. Zun\u00e4chst sind 17 Verhandlungstage bis 2. Juli angesetzt.<\/p>\n<p>BILD berichtet im Live-Ticker \u00fcber den Prozess, der die Wahrheit hinter der Tat ans Licht bringen muss.<\/p>\n<ul class=\"live-ticker__list\">\n<li class=\"live-ticker__message live-ticker__message--sticky\"> Das Tatmotiv\n<p>Die Angeklagte wollte mit der Tat laut Staatsanwaltschaft den Streitpunkt mit Fabians Vater begraben und so die f\u00fcr sie auch finanziell vorteilhafte Beziehung wieder aufleben lassen.<\/p>\n<\/li>\n<li class=\"live-ticker__message\">\n<p>28.04.2026 &#8211; 10:12 Uhr <\/p>\n<p> Richter: \u201eEs gilt Unschuldsvermutung\u201c<\/p>\n<p>Der vorsitzende Richter erinnerte noch einmal daran: Das Gericht w\u00fcrde den Prozess \u201eso objektiv wie es geht und nach den gesetzlichen Vorschriften\u201c f\u00fchren. Holger Sch\u00fctt: \u201eEs gilt bis zum rechtskr\u00e4ftigen Abschluss des Verfahrens die Unschuldsvermutung.\u201c<\/p>\n<\/li>\n<li class=\"live-ticker__message\">\n<p>28.04.2026 &#8211; 10:11 Uhr <\/p>\n<p> Prozess vorbei<\/p>\n<p>Das war es auch schon vom ersten Prozesstag. Heute wurde nur die Anklage verlesen.<\/p>\n<\/li>\n<li class=\"live-ticker__message\">\n<p>28.04.2026 &#8211; 10:10 Uhr <\/p>\n<p> Gina H. verweigert Aussage<\/p>\n<p>Nach der Verlesung der Anklage erkl\u00e4rte der Anwalt von Gina H.: \u201eWir werden keine Angaben zur Sache machen.\u201c<\/p>\n<\/li>\n<li class=\"live-ticker__message\">\n<p>28.04.2026 &#8211; 10:08 Uhr <\/p>\n<p> Dorina L. wirkte gefasst<\/p>\n<p>Als die schreckliche Tatbeschreibung verlesen wurde, schluckte Fabians Mutter mehrfach, wirkte ansonsten sehr gefasst.<\/p>\n<\/li>\n<li class=\"live-ticker__message\">\n<p>28.04.2026 &#8211; 10:01 Uhr <\/p>\n<p> Zwei Stiche ins Herz<\/p>\n<p>Um 12.43 Uhr aktivierte Gina H. wieder ihr Smartphone. Daraufhin verabredete sie sich zu einem Treffen mit einem Freund. Dann soll sie nochmal zur\u00fcckgefahren sein, um die Leiche mit Grillanz\u00fcnder anzuz\u00fcnden. Zwischen 10.50 Uhr und 13 Uhr verstarb Fabian durch mindestens 6 Stiche in den Brustbereich, von denen 2 direkt ins Herz gingen. <\/p>\n<\/li>\n<li class=\"live-ticker__message\">\n<p>28.04.2026 &#8211; 09:59 Uhr <\/p>\n<p> Staatsanwaltschaft sicher: Gina H. wollte t\u00f6ten<\/p>\n<p>Gina H. soll mit Fabian zu einer Schweinesuhle bei Klein Upahl gefahren sein. Dort soll sie pl\u00f6tzlich ein 10 Zentimeter langes und 1,5 Zentimeter breites Messer gezogen haben. \u201eSie handelte mit dem Entschluss, Fabian t\u00f6ten zu wollen\u201c, so die Staatsanwaltschaft. <\/p>\n<\/li>\n<li class=\"live-ticker__message\">\n<p>28.04.2026 &#8211; 09:59 Uhr <\/p>\n<p> Gina H. deaktivierte ihr Handy<\/p>\n<p>Einen Tag nach dem Fabians Vater mit ihr Schluss machte, soll Gina H. am Tag darauf mit ihrem orangen Ford Ranger zu der Wohnanschrift von Fabian gefahren sein, der \u201ewie vermutet oder in Vorfeld in Erfahrung gebracht\u201c allein und krank zu Hause war. Sie soll vor der Hausnummer 38\/39 in eine Parkl\u00fccke gefahren sein und ihn mitgenommen haben. Im Wald soll sie dann ihr Handy deaktiviert haben, so der Vorwurf.<\/p>\n<\/li>\n<li class=\"live-ticker__message\">\n<p>28.04.2026 &#8211; 09:53 Uhr <\/p>\n<p> Toter Fabian beobachtete Streit<\/p>\n<p>Die Angeklagte soll laut Staatsanwaltschaft bis August 2025 eine fast 4-j\u00e4hrige Partnerschaft mit Mathias R. (Fabians Vater) gef\u00fchrt haben. Nachdem Fabian eine k\u00f6rperliche Auseinandersetzung zwischen Matthias und Gina beobachtet haben soll, gab es einen Kontaktabbruch mit Fabian. Sp\u00e4ter sah Fabian die beiden wieder h\u00e4ufiger. Mathias wollte einen erneuten Kontaktabbruch mit Fabian nicht riskieren, deshalb beendete er die Beziehung mit Gina H. Das teilte er Gina H. laut Staatsanwaltschaft am 9.10.2025 noch in einer Chatnachricht mit.<\/p>\n<\/li>\n<li class=\"live-ticker__message\">\n<p>28.04.2026 &#8211; 09:49 Uhr <\/p>\n<p> Der Vorwurf<\/p>\n<p>Die Staatsanwaltschaft wirft Gina H. vor, Fabian heimt\u00fcckisch und aus sonst niederen Beweggr\u00fcnden get\u00f6tet zu haben.<\/p>\n<\/li>\n<\/ul>\n","protected":false},"excerpt":{"rendered":"TTS-Player \u00fcberspringen\u21b5Artikel weiterlesen Rostock (Mecklenburg-Vorpommern) \u2013\u00a0Heute \u00f6ffnet sich im Landgericht Rostock eine T\u00fcr, hinter der die unz\u00e4hligen Fragen&hellip;\n","protected":false},"author":2,"featured_media":978859,"comment_status":"","ping_status":"","sticky":false,"template":"","format":"standard","meta":{"footnotes":"","_share_on_mastodon":"0"},"categories":[2],"tags":[29,30,84441,13,1351,2183,14,15,121,12,1997,138370,45,10,8,9,11],"class_list":["post-978858","post","type-post","status-publish","format-standard","has-post-thumbnail","category-deutschland","tag-deutschland","tag-germany","tag-guestrow","tag-headlines","tag-mecklenburg-vorpommern","tag-mord","tag-nachrichten","tag-news","tag-polizei","tag-schlagzeilen","tag-staatsanwaltschaft","tag-team-first","tag-texttospeech","tag-top-news","tag-top-meldungen","tag-topmeldungen","tag-topnews"],"share_on_mastodon":{"url":"https:\/\/pubeurope.com\/@de\/116481483516128866","error":""},"_links":{"self":[{"href":"https:\/\/www.europesays.com\/de\/wp-json\/wp\/v2\/posts\/978858","targetHints":{"allow":["GET"]}}],"collection":[{"href":"https:\/\/www.europesays.com\/de\/wp-json\/wp\/v2\/posts"}],"about":[{"href":"https:\/\/www.europesays.com\/de\/wp-json\/wp\/v2\/types\/post"}],"author":[{"embeddable":true,"href":"https:\/\/www.europesays.com\/de\/wp-json\/wp\/v2\/users\/2"}],"replies":[{"embeddable":true,"href":"https:\/\/www.europesays.com\/de\/wp-json\/wp\/v2\/comments?post=978858"}],"version-history":[{"count":0,"href":"https:\/\/www.europesays.com\/de\/wp-json\/wp\/v2\/posts\/978858\/revisions"}],"wp:featuredmedia":[{"embeddable":true,"href":"https:\/\/www.europesays.com\/de\/wp-json\/wp\/v2\/media\/978859"}],"wp:attachment":[{"href":"https:\/\/www.europesays.com\/de\/wp-json\/wp\/v2\/media?parent=978858"}],"wp:term":[{"taxonomy":"category","embeddable":true,"href":"https:\/\/www.europesays.com\/de\/wp-json\/wp\/v2\/categories?post=978858"},{"taxonomy":"post_tag","embeddable":true,"href":"https:\/\/www.europesays.com\/de\/wp-json\/wp\/v2\/tags?post=978858"}],"curies":[{"name":"wp","href":"https:\/\/api.w.org\/{rel}","templated":true}]}}