{"id":979147,"date":"2026-04-28T11:30:17","date_gmt":"2026-04-28T11:30:17","guid":{"rendered":"https:\/\/www.europesays.com\/de\/979147\/"},"modified":"2026-04-28T11:30:17","modified_gmt":"2026-04-28T11:30:17","slug":"commerzbank-merz-muesste-zum-telefon-greifen-orcel-anrufen-und-ein-machtwort-sprechen","status":"publish","type":"post","link":"https:\/\/www.europesays.com\/de\/979147\/","title":{"rendered":"Commerzbank: \u201eMerz m\u00fcsste zum Telefon greifen, Orcel anrufen und ein Machtwort sprechen\u201c"},"content":{"rendered":"<p>In der Finanzbranche w\u00e4chst der Unmut \u00fcber Friedrich Merz. Er m\u00fcsse im \u00dcbernahmekampf zwischen Unicredit und Commerzbank deutlicher werden, hei\u00dft es. Die Deutschen wehren sich unterdessen gegen Vorw\u00fcrfe aus Italien.<\/p>\n<p class=\"is-first-paragraph\" data-external=\"Article.FirstParagraph\">Bundeskanzler Friedrich Merz (CDU) ger\u00e4t im <a class=\"is-link c-block-items__link c-link--rich-text-renderer\" href=\"https:\/\/www.welt.de\/wirtschaft\/plus69ba97ba964a7ba2a520d8c4\/uebernahmeversuch-mit-dieser-strategie-will-unicredit-die-commerzbank-zum-aufgeben-zwingen.html\" data-internal-tracking-enabled=\"true\" data-internal-tracking=\"{&quot;action&quot;:&quot;click&quot;,&quot;label&quot;:&quot;link&quot;,&quot;name&quot;:&quot;Inline Element&quot;,&quot;data&quot;:{&quot;source&quot;:&quot;&quot;,&quot;target&quot;:&quot;https:\/\/www.welt.de\/wirtschaft\/plus69ba97ba964a7ba2a520d8c4\/uebernahmeversuch-mit-dieser-strategie-will-unicredit-die-commerzbank-zum-aufgeben-zwingen.html&quot;,&quot;trackingName&quot;:&quot;&quot;,&quot;trackingLabel&quot;:&quot;&quot;}}\" rel=\"nofollow noopener\" target=\"_blank\">\u00dcbernahmekampf<\/a> zwischen Unicredit und <a class=\"is-link c-block-items__link is-external c-link--rich-text-renderer\" href=\"https:\/\/www.businessinsider.de\/themen\/commerzbank\/\" target=\"_blank\" title=\"Link wird in einem neuen Tab ge\u00f6ffnet\" rel=\"nofollow noopener\" data-internal-tracking-enabled=\"true\" data-internal-tracking=\"{&quot;action&quot;:&quot;click&quot;,&quot;label&quot;:&quot;link&quot;,&quot;name&quot;:&quot;Inline Element&quot;,&quot;data&quot;:{&quot;source&quot;:&quot;&quot;,&quot;target&quot;:&quot;https:\/\/www.businessinsider.de\/themen\/commerzbank\/&quot;,&quot;trackingName&quot;:&quot;&quot;,&quot;trackingLabel&quot;:&quot;&quot;}}\">Commerzbank<\/a> in die Kritik. \u201eMerz m\u00fcsste zum Telefon greifen, Orcel anrufen und ein Machtwort sprechen, notfalls sogar Italiens Ministerpr\u00e4sidentin Giorgia Meloni\u201c, hie\u00df es gegen\u00fcber WELT AM SONNTAG aus Frankfurter Finanzkreisen. <\/p>\n<p>Die Signale aus dem Kanzleramt seien \u201eviel zu uneindeutig\u201c. Unicredit-Chef Andrea Orcel werde sie mit seinem \u201eRiesen-Ego\u201c bewusst \u00fcberh\u00f6ren. \u201eDie Bundesregierung wird erst aufwachen, wenn der n\u00e4chste Wettbewerber aus dem Ausland bei der Deutschen Bank anklopft.\u201c<\/p>\n<p>Merz hatte beim 75-j\u00e4hrigen Jubil\u00e4um des Bankenverbandes in Berlin gesagt: \u201eJa, wir brauchen gro\u00dfe Banken in Europa\u201c, zugleich aber betont: \u201eFeindliches, aggressives Vorgehen lehnen wir entschieden ab.\u201c In Finanzkreisen wurden diese Aussagen im Hinblick auf den \u00dcbernahmeversuch unterschiedlich interpretiert.<\/p>\n<p>Commerzbank weist Kritik von sich<\/p>\n<p>Auch die Commerzbank selbst wies die j\u00fcngste Attacke Orcels zur\u00fcck. In einer 34-seitigen Pr\u00e4sentation Anfang dieser Woche hatte der Unicredit-Chef das Gesch\u00e4ftsmodell der Frankfurter Bank als \u201e\u00fcberdimensioniert, zersplittert, riskanter, operativ komplex und ineffizient\u201c bezeichnet und dabei besonders das Firmenkundengesch\u00e4ft im Blick. <\/p>\n<p>Ein Sprecher der Commerzbank entgegnete, Unicredit \u201escheint unser Gesch\u00e4ftsmodell nicht zu kennen\u201c. Orcel z\u00e4hle \u201ein seiner Pr\u00e4sentation \u00fcber das Netzwerk der Commerzbank im Ausland L\u00e4nder auf, in denen wir physisch nicht pr\u00e4sent sind\u201c. <\/p>\n<p>Firmenkundenvorstand Michael Kotzbauer sagte WELT AM SONNTAG: \u201eDie Basis und der Kern des Erfolgs der deutschen Wirtschaft war und ist neben dem Export vor allem die Internationalisierung in globale M\u00e4rkte. Hier unterscheidet sich die deutsche Wirtschaft von anderen Wirtschaftsr\u00e4umen.\u201c<\/p>\n","protected":false},"excerpt":{"rendered":"In der Finanzbranche w\u00e4chst der Unmut \u00fcber Friedrich Merz. Er m\u00fcsse im \u00dcbernahmekampf zwischen Unicredit und Commerzbank deutlicher&hellip;\n","protected":false},"author":2,"featured_media":979148,"comment_status":"","ping_status":"","sticky":false,"template":"","format":"standard","meta":{"footnotes":"","_share_on_mastodon":"0"},"categories":[134],"tags":[12181,304,175,9369,170,169,59912,29,30,171,174,212231,45,212232,173,172],"class_list":["post-979147","post","type-post","status-publish","format-standard","has-post-thumbnail","category-unternehmen-maerkte","tag-andrea","tag-banken","tag-business","tag-commerzbank","tag-companies","tag-companies-markets","tag-dams-jan","tag-deutschland","tag-germany","tag-markets","tag-maerkte","tag-orcel","tag-texttospeech","tag-unicredito","tag-unternehmen","tag-unternehmen-maerkte"],"share_on_mastodon":{"url":"https:\/\/pubeurope.com\/@de\/116482108718294289","error":""},"_links":{"self":[{"href":"https:\/\/www.europesays.com\/de\/wp-json\/wp\/v2\/posts\/979147","targetHints":{"allow":["GET"]}}],"collection":[{"href":"https:\/\/www.europesays.com\/de\/wp-json\/wp\/v2\/posts"}],"about":[{"href":"https:\/\/www.europesays.com\/de\/wp-json\/wp\/v2\/types\/post"}],"author":[{"embeddable":true,"href":"https:\/\/www.europesays.com\/de\/wp-json\/wp\/v2\/users\/2"}],"replies":[{"embeddable":true,"href":"https:\/\/www.europesays.com\/de\/wp-json\/wp\/v2\/comments?post=979147"}],"version-history":[{"count":0,"href":"https:\/\/www.europesays.com\/de\/wp-json\/wp\/v2\/posts\/979147\/revisions"}],"wp:featuredmedia":[{"embeddable":true,"href":"https:\/\/www.europesays.com\/de\/wp-json\/wp\/v2\/media\/979148"}],"wp:attachment":[{"href":"https:\/\/www.europesays.com\/de\/wp-json\/wp\/v2\/media?parent=979147"}],"wp:term":[{"taxonomy":"category","embeddable":true,"href":"https:\/\/www.europesays.com\/de\/wp-json\/wp\/v2\/categories?post=979147"},{"taxonomy":"post_tag","embeddable":true,"href":"https:\/\/www.europesays.com\/de\/wp-json\/wp\/v2\/tags?post=979147"}],"curies":[{"name":"wp","href":"https:\/\/api.w.org\/{rel}","templated":true}]}}